{"id":6497,"date":"2025-11-21T12:16:58","date_gmt":"2025-11-21T11:16:58","guid":{"rendered":"https:\/\/agora.xtec.cat\/ieslajonquera\/?p=6497"},"modified":"2025-11-21T12:17:26","modified_gmt":"2025-11-21T11:17:26","slug":"novetats-a-la-biblioteca-3","status":"publish","type":"post","link":"https:\/\/agora.xtec.cat\/ieslajonquera\/general\/novetats-a-la-biblioteca-3\/","title":{"rendered":"Novetats a la biblioteca"},"content":{"rendered":"<p style=\"text-align: justify;\"><a href=\"https:\/\/agora.xtec.cat\/ieslajonquera\/wp-content\/uploads\/usu2014\/2025\/11\/Biblioteca_No-et-fumis-la-salut-1.jpg\"><img loading=\"lazy\" decoding=\"async\" class=\"wp-image-6502 alignleft\" src=\"https:\/\/agora.xtec.cat\/ieslajonquera\/wp-content\/uploads\/usu2014\/2025\/11\/Biblioteca_No-et-fumis-la-salut-1.jpg\" alt=\"\" width=\"473\" height=\"355\" srcset=\"https:\/\/agora.xtec.cat\/ieslajonquera\/wp-content\/uploads\/usu2014\/2025\/11\/Biblioteca_No-et-fumis-la-salut-1.jpg 1024w, https:\/\/agora.xtec.cat\/ieslajonquera\/wp-content\/uploads\/usu2014\/2025\/11\/Biblioteca_No-et-fumis-la-salut-1-300x225.jpg 300w, https:\/\/agora.xtec.cat\/ieslajonquera\/wp-content\/uploads\/usu2014\/2025\/11\/Biblioteca_No-et-fumis-la-salut-1-768x576.jpg 768w, https:\/\/agora.xtec.cat\/ieslajonquera\/wp-content\/uploads\/usu2014\/2025\/11\/Biblioteca_No-et-fumis-la-salut-1-200x150.jpg 200w\" sizes=\"auto, (max-width: 473px) 100vw, 473px\" \/><\/a>Atenci\u00f3! Tenim llibres i jocs de taula nous a la biblioteca gr\u00e0cies al <a href=\"https:\/\/www.youtube.com\/watch?v=KtdpB1FXpCg\">2n premi del concurs &#8220;No et fumis la salut&#8221;<\/a> de la Fundaci\u00f3 Oncolliga Girona que van guanyar el curs passat en Leo Rodrigo, l&#8217;Aleix Peitav\u00ed, en Joan V\u00e1zquez, la J\u00falia Men\u00e9ndez i la Carla Puigbert, que actualment van a la classe de 2n B.<\/p>\n<p style=\"text-align: justify;\">La selecci\u00f3 de llibres i jocs s&#8217;ha fet a partir dels suggeriments que va fer l&#8217;alumnat quan es va elaborar <a href=\"https:\/\/agora.xtec.cat\/ieslajonquera\/?s=arbre+dels+desitjos\">l&#8217;arbre dels desitjos<\/a> per commemorar el Dia Escolar de la No-Viol\u00e8ncia i la Pau.<\/p>\n<p style=\"text-align: justify;\">Esperem que us agradin!<\/p>\n","protected":false},"excerpt":{"rendered":"<p><a href=\"https:\/\/agora.xtec.cat\/ieslajonquera\/wp-content\/uploads\/usu2014\/2025\/11\/Biblioteca_No-et-fumis-la-salut-1.jpg\"><\/a>Atenci\u00f3! Tenim llibres i jocs de taula nous a la biblioteca gr\u00e0cies al <a href=\"https:\/\/www.youtube.com\/watch?v=KtdpB1FXpCg\">2n premi del concurs &#8220;No et fumis la salut&#8221;<\/a> de la Fundaci\u00f3 Oncolliga Girona que van guanyar el curs passat en Leo Rodrigo, l&#8217;Aleix Peitav\u00ed, en Joan V\u00e1zquez, la J\u00falia&hellip;  <a href=\"https:\/\/agora.xtec.cat\/ieslajonquera\/general\/novetats-a-la-biblioteca-3\/\" title=\"Read Novetats a la biblioteca\">Llegeix m\u00e9s\u00bb<\/a><\/p>\n","protected":false},"author":3,"featured_media":6502,"comment_status":"open","ping_status":"open","sticky":false,"template":"","format":"standard","meta":{"_bbp_topic_count":0,"_bbp_reply_count":0,"_bbp_total_topic_count":0,"_bbp_total_reply_count":0,"_bbp_voice_count":0,"_bbp_anonymous_reply_count":0,"_bbp_topic_count_hidden":0,"_bbp_reply_count_hidden":0,"_bbp_forum_subforum_count":0,"footnotes":""},"categories":[3,1],"tags":[113,106],"class_list":["post-6497","post","type-post","status-publish","format-standard","has-post-thumbnail","hentry","category-eso","category-general","tag-biblioteca","tag-concurs"],"post_mailing_queue_ids":[],"_links":{"self":[{"href":"https:\/\/agora.xtec.cat\/ieslajonquera\/wp-json\/wp\/v2\/posts\/6497","targetHints":{"allow":["GET"]}}],"collection":[{"href":"https:\/\/agora.xtec.cat\/ieslajonquera\/wp-json\/wp\/v2\/posts"}],"about":[{"href":"https:\/\/agora.xtec.cat\/ieslajonquera\/wp-json\/wp\/v2\/types\/post"}],"author":[{"embeddable":true,"href":"https:\/\/agora.xtec.cat\/ieslajonquera\/wp-json\/wp\/v2\/users\/3"}],"replies":[{"embeddable":true,"href":"https:\/\/agora.xtec.cat\/ieslajonquera\/wp-json\/wp\/v2\/comments?post=6497"}],"version-history":[{"count":2,"href":"https:\/\/agora.xtec.cat\/ieslajonquera\/wp-json\/wp\/v2\/posts\/6497\/revisions"}],"predecessor-version":[{"id":6504,"href":"https:\/\/agora.xtec.cat\/ieslajonquera\/wp-json\/wp\/v2\/posts\/6497\/revisions\/6504"}],"wp:featuredmedia":[{"embeddable":true,"href":"https:\/\/agora.xtec.cat\/ieslajonquera\/wp-json\/wp\/v2\/media\/6502"}],"wp:attachment":[{"href":"https:\/\/agora.xtec.cat\/ieslajonquera\/wp-json\/wp\/v2\/media?parent=6497"}],"wp:term":[{"taxonomy":"category","embeddable":true,"href":"https:\/\/agora.xtec.cat\/ieslajonquera\/wp-json\/wp\/v2\/categories?post=6497"},{"taxonomy":"post_tag","embeddable":true,"href":"https:\/\/agora.xtec.cat\/ieslajonquera\/wp-json\/wp\/v2\/tags?post=6497"}],"curies":[{"name":"wp","href":"https:\/\/api.w.org\/{rel}","templated":true}]}}