{"id":6481,"date":"2025-11-18T11:26:49","date_gmt":"2025-11-18T10:26:49","guid":{"rendered":"https:\/\/agora.xtec.cat\/ieslajonquera\/?p=6481"},"modified":"2025-11-18T11:26:49","modified_gmt":"2025-11-18T10:26:49","slug":"visita-a-la-facultat-de-ciencies-de-la-udg","status":"publish","type":"post","link":"https:\/\/agora.xtec.cat\/ieslajonquera\/general\/visita-a-la-facultat-de-ciencies-de-la-udg\/","title":{"rendered":"Visita a la Facultat de Ci\u00e8ncies de la UdG"},"content":{"rendered":"<p>El passat divendres 14 de novembre, l&#8217;alumnat de 1r i 2n de batxillerat cient\u00edfic i tecnol\u00f2gic va visitar la Facultat de Ci\u00e8ncies de la UdG per celebrar la Setmana de la Ci\u00e8ncia.Van participar en tallers com &#8220;El laboratori de les olors&#8221;, &#8220;Extracci\u00f3 d&#8217;ADN&#8221; o &#8220;Els microorganismes del nostre entorn&#8221; i van fer una visita guiada als laboratoris de la Facultat.<\/p>\n<table style=\"border-collapse: collapse; width: 83.4527%;\">\n<tbody>\n<tr>\n<td style=\"width: 27.6743%;\"><a href=\"https:\/\/agora.xtec.cat\/ieslajonquera\/wp-content\/uploads\/usu2014\/2025\/11\/21ac1a5a-cb37-48f4-82ed-b770fb00625c.jpg\"><img loading=\"lazy\" decoding=\"async\" class=\"alignnone  wp-image-6484\" src=\"https:\/\/agora.xtec.cat\/ieslajonquera\/wp-content\/uploads\/usu2014\/2025\/11\/21ac1a5a-cb37-48f4-82ed-b770fb00625c-1024x768.jpg\" alt=\"\" width=\"369\" height=\"277\" srcset=\"https:\/\/agora.xtec.cat\/ieslajonquera\/wp-content\/uploads\/usu2014\/2025\/11\/21ac1a5a-cb37-48f4-82ed-b770fb00625c-1024x768.jpg 1024w, https:\/\/agora.xtec.cat\/ieslajonquera\/wp-content\/uploads\/usu2014\/2025\/11\/21ac1a5a-cb37-48f4-82ed-b770fb00625c-300x225.jpg 300w, https:\/\/agora.xtec.cat\/ieslajonquera\/wp-content\/uploads\/usu2014\/2025\/11\/21ac1a5a-cb37-48f4-82ed-b770fb00625c-768x576.jpg 768w, https:\/\/agora.xtec.cat\/ieslajonquera\/wp-content\/uploads\/usu2014\/2025\/11\/21ac1a5a-cb37-48f4-82ed-b770fb00625c-1536x1152.jpg 1536w, https:\/\/agora.xtec.cat\/ieslajonquera\/wp-content\/uploads\/usu2014\/2025\/11\/21ac1a5a-cb37-48f4-82ed-b770fb00625c-200x150.jpg 200w, https:\/\/agora.xtec.cat\/ieslajonquera\/wp-content\/uploads\/usu2014\/2025\/11\/21ac1a5a-cb37-48f4-82ed-b770fb00625c.jpg 1600w\" sizes=\"auto, (max-width: 369px) 100vw, 369px\" \/><\/a><\/td>\n<td style=\"width: 27.8891%;\"><a href=\"https:\/\/agora.xtec.cat\/ieslajonquera\/wp-content\/uploads\/usu2014\/2025\/11\/30bfaa09-c7e2-461c-9bd4-4dec7ff108e9.jpg\"><img loading=\"lazy\" decoding=\"async\" class=\"alignnone  wp-image-6482\" src=\"https:\/\/agora.xtec.cat\/ieslajonquera\/wp-content\/uploads\/usu2014\/2025\/11\/30bfaa09-c7e2-461c-9bd4-4dec7ff108e9-1024x768.jpg\" alt=\"\" width=\"371\" height=\"278\" srcset=\"https:\/\/agora.xtec.cat\/ieslajonquera\/wp-content\/uploads\/usu2014\/2025\/11\/30bfaa09-c7e2-461c-9bd4-4dec7ff108e9-1024x768.jpg 1024w, https:\/\/agora.xtec.cat\/ieslajonquera\/wp-content\/uploads\/usu2014\/2025\/11\/30bfaa09-c7e2-461c-9bd4-4dec7ff108e9-300x225.jpg 300w, https:\/\/agora.xtec.cat\/ieslajonquera\/wp-content\/uploads\/usu2014\/2025\/11\/30bfaa09-c7e2-461c-9bd4-4dec7ff108e9-768x576.jpg 768w, https:\/\/agora.xtec.cat\/ieslajonquera\/wp-content\/uploads\/usu2014\/2025\/11\/30bfaa09-c7e2-461c-9bd4-4dec7ff108e9-1536x1152.jpg 1536w, https:\/\/agora.xtec.cat\/ieslajonquera\/wp-content\/uploads\/usu2014\/2025\/11\/30bfaa09-c7e2-461c-9bd4-4dec7ff108e9-200x150.jpg 200w, https:\/\/agora.xtec.cat\/ieslajonquera\/wp-content\/uploads\/usu2014\/2025\/11\/30bfaa09-c7e2-461c-9bd4-4dec7ff108e9.jpg 1600w\" sizes=\"auto, (max-width: 371px) 100vw, 371px\" \/><\/a><\/td>\n<td style=\"width: 27.8892%;\"><a href=\"https:\/\/agora.xtec.cat\/ieslajonquera\/wp-content\/uploads\/usu2014\/2025\/11\/68ec98c7-2fb3-4812-8dbe-ad9f757806a9.jpg\"><img loading=\"lazy\" decoding=\"async\" class=\"alignnone  wp-image-6483\" src=\"https:\/\/agora.xtec.cat\/ieslajonquera\/wp-content\/uploads\/usu2014\/2025\/11\/68ec98c7-2fb3-4812-8dbe-ad9f757806a9-1024x768.jpg\" alt=\"\" width=\"371\" height=\"278\" srcset=\"https:\/\/agora.xtec.cat\/ieslajonquera\/wp-content\/uploads\/usu2014\/2025\/11\/68ec98c7-2fb3-4812-8dbe-ad9f757806a9-1024x768.jpg 1024w, https:\/\/agora.xtec.cat\/ieslajonquera\/wp-content\/uploads\/usu2014\/2025\/11\/68ec98c7-2fb3-4812-8dbe-ad9f757806a9-300x225.jpg 300w, https:\/\/agora.xtec.cat\/ieslajonquera\/wp-content\/uploads\/usu2014\/2025\/11\/68ec98c7-2fb3-4812-8dbe-ad9f757806a9-768x576.jpg 768w, https:\/\/agora.xtec.cat\/ieslajonquera\/wp-content\/uploads\/usu2014\/2025\/11\/68ec98c7-2fb3-4812-8dbe-ad9f757806a9-1536x1152.jpg 1536w, https:\/\/agora.xtec.cat\/ieslajonquera\/wp-content\/uploads\/usu2014\/2025\/11\/68ec98c7-2fb3-4812-8dbe-ad9f757806a9-200x150.jpg 200w, https:\/\/agora.xtec.cat\/ieslajonquera\/wp-content\/uploads\/usu2014\/2025\/11\/68ec98c7-2fb3-4812-8dbe-ad9f757806a9.jpg 1600w\" sizes=\"auto, (max-width: 371px) 100vw, 371px\" \/><\/a><\/td>\n<\/tr>\n<\/tbody>\n<\/table>\n<p>&nbsp;<\/p>\n<p>&nbsp;<\/p>\n","protected":false},"excerpt":{"rendered":"<p>El passat divendres 14 de novembre, l&#8217;alumnat de 1r i 2n de batxillerat cient\u00edfic i tecnol\u00f2gic va visitar la Facultat de Ci\u00e8ncies de la UdG per celebrar la Setmana de la Ci\u00e8ncia.Van participar en tallers com &#8220;El laboratori de les olors&#8221;, &#8220;Extracci\u00f3 d&#8217;ADN&#8221; o &#8220;Els&hellip;  <a href=\"https:\/\/agora.xtec.cat\/ieslajonquera\/general\/visita-a-la-facultat-de-ciencies-de-la-udg\/\" title=\"Read Visita a la Facultat de Ci\u00e8ncies de la UdG\">Llegeix m\u00e9s\u00bb<\/a><\/p>\n","protected":false},"author":3,"featured_media":6484,"comment_status":"open","ping_status":"open","sticky":false,"template":"","format":"standard","meta":{"_bbp_topic_count":0,"_bbp_reply_count":0,"_bbp_total_topic_count":0,"_bbp_total_reply_count":0,"_bbp_voice_count":0,"_bbp_anonymous_reply_count":0,"_bbp_topic_count_hidden":0,"_bbp_reply_count_hidden":0,"_bbp_forum_subforum_count":0,"footnotes":""},"categories":[8,1],"tags":[143,39],"class_list":["post-6481","post","type-post","status-publish","format-standard","has-post-thumbnail","hentry","category-batxillerat","category-general","tag-ciencia","tag-sortides"],"post_mailing_queue_ids":[],"_links":{"self":[{"href":"https:\/\/agora.xtec.cat\/ieslajonquera\/wp-json\/wp\/v2\/posts\/6481","targetHints":{"allow":["GET"]}}],"collection":[{"href":"https:\/\/agora.xtec.cat\/ieslajonquera\/wp-json\/wp\/v2\/posts"}],"about":[{"href":"https:\/\/agora.xtec.cat\/ieslajonquera\/wp-json\/wp\/v2\/types\/post"}],"author":[{"embeddable":true,"href":"https:\/\/agora.xtec.cat\/ieslajonquera\/wp-json\/wp\/v2\/users\/3"}],"replies":[{"embeddable":true,"href":"https:\/\/agora.xtec.cat\/ieslajonquera\/wp-json\/wp\/v2\/comments?post=6481"}],"version-history":[{"count":1,"href":"https:\/\/agora.xtec.cat\/ieslajonquera\/wp-json\/wp\/v2\/posts\/6481\/revisions"}],"predecessor-version":[{"id":6485,"href":"https:\/\/agora.xtec.cat\/ieslajonquera\/wp-json\/wp\/v2\/posts\/6481\/revisions\/6485"}],"wp:featuredmedia":[{"embeddable":true,"href":"https:\/\/agora.xtec.cat\/ieslajonquera\/wp-json\/wp\/v2\/media\/6484"}],"wp:attachment":[{"href":"https:\/\/agora.xtec.cat\/ieslajonquera\/wp-json\/wp\/v2\/media?parent=6481"}],"wp:term":[{"taxonomy":"category","embeddable":true,"href":"https:\/\/agora.xtec.cat\/ieslajonquera\/wp-json\/wp\/v2\/categories?post=6481"},{"taxonomy":"post_tag","embeddable":true,"href":"https:\/\/agora.xtec.cat\/ieslajonquera\/wp-json\/wp\/v2\/tags?post=6481"}],"curies":[{"name":"wp","href":"https:\/\/api.w.org\/{rel}","templated":true}]}}