{"id":6473,"date":"2025-11-14T10:00:43","date_gmt":"2025-11-14T09:00:43","guid":{"rendered":"https:\/\/agora.xtec.cat\/ieslajonquera\/?p=6473"},"modified":"2025-11-14T10:01:17","modified_gmt":"2025-11-14T09:01:17","slug":"sortida-de-lalumnat-de-laula-dacollida-al-gran-jonquera","status":"publish","type":"post","link":"https:\/\/agora.xtec.cat\/ieslajonquera\/general\/sortida-de-lalumnat-de-laula-dacollida-al-gran-jonquera\/","title":{"rendered":"Sortida de l&#8217;alumnat de l&#8217;Aula d&#8217;Acollida al Gran Jonquera"},"content":{"rendered":"<p dir=\"auto\" style=\"text-align: justify;\">El dimecres 12 de novembre, l&#8217;alumnat de l&#8217;Aula d&#8217;Acollida va fer una sortida al Gran Jonquera. Els responsables del Departament de M\u00e0rqueting els van explicar com \u00e9s la gesti\u00f3 del centre comercial i, a continuaci\u00f3, van fer una s\u00e8rie d&#8217;activitats per practicar el vocabulari relacionat amb el comer\u00e7.<\/p>\n<p dir=\"auto\" style=\"text-align: justify;\">Gr\u00e0cies a la Marina i en Marc, del Departament de M\u00e0rqueting, per la seva atenci\u00f3.<\/p>\n<p dir=\"auto\"><a href=\"https:\/\/agora.xtec.cat\/ieslajonquera\/wp-content\/uploads\/usu2014\/2025\/11\/1000051521-scaled.jpg\"><img loading=\"lazy\" decoding=\"async\" class=\"alignnone wp-image-6474\" src=\"https:\/\/agora.xtec.cat\/ieslajonquera\/wp-content\/uploads\/usu2014\/2025\/11\/1000051521-1024x461.jpg\" alt=\"\" width=\"307\" height=\"138\" srcset=\"https:\/\/agora.xtec.cat\/ieslajonquera\/wp-content\/uploads\/usu2014\/2025\/11\/1000051521-1024x461.jpg 1024w, https:\/\/agora.xtec.cat\/ieslajonquera\/wp-content\/uploads\/usu2014\/2025\/11\/1000051521-300x135.jpg 300w, https:\/\/agora.xtec.cat\/ieslajonquera\/wp-content\/uploads\/usu2014\/2025\/11\/1000051521-768x346.jpg 768w, https:\/\/agora.xtec.cat\/ieslajonquera\/wp-content\/uploads\/usu2014\/2025\/11\/1000051521-1536x691.jpg 1536w, https:\/\/agora.xtec.cat\/ieslajonquera\/wp-content\/uploads\/usu2014\/2025\/11\/1000051521-2048x922.jpg 2048w\" sizes=\"auto, (max-width: 307px) 100vw, 307px\" \/><\/a> <a href=\"https:\/\/agora.xtec.cat\/ieslajonquera\/wp-content\/uploads\/usu2014\/2025\/11\/1000051523-scaled.jpg\"><img loading=\"lazy\" decoding=\"async\" class=\"alignnone wp-image-6476\" src=\"https:\/\/agora.xtec.cat\/ieslajonquera\/wp-content\/uploads\/usu2014\/2025\/11\/1000051523-1024x461.jpg\" alt=\"\" width=\"304\" height=\"137\" srcset=\"https:\/\/agora.xtec.cat\/ieslajonquera\/wp-content\/uploads\/usu2014\/2025\/11\/1000051523-1024x461.jpg 1024w, https:\/\/agora.xtec.cat\/ieslajonquera\/wp-content\/uploads\/usu2014\/2025\/11\/1000051523-300x135.jpg 300w, https:\/\/agora.xtec.cat\/ieslajonquera\/wp-content\/uploads\/usu2014\/2025\/11\/1000051523-768x345.jpg 768w, https:\/\/agora.xtec.cat\/ieslajonquera\/wp-content\/uploads\/usu2014\/2025\/11\/1000051523-1536x691.jpg 1536w, https:\/\/agora.xtec.cat\/ieslajonquera\/wp-content\/uploads\/usu2014\/2025\/11\/1000051523-2048x921.jpg 2048w\" sizes=\"auto, (max-width: 304px) 100vw, 304px\" \/><\/a> <a href=\"https:\/\/agora.xtec.cat\/ieslajonquera\/wp-content\/uploads\/usu2014\/2025\/11\/1000051529-scaled.jpg\"><img loading=\"lazy\" decoding=\"async\" class=\"alignnone wp-image-6478\" src=\"https:\/\/agora.xtec.cat\/ieslajonquera\/wp-content\/uploads\/usu2014\/2025\/11\/1000051529-1024x461.jpg\" alt=\"\" width=\"302\" height=\"136\" srcset=\"https:\/\/agora.xtec.cat\/ieslajonquera\/wp-content\/uploads\/usu2014\/2025\/11\/1000051529-1024x461.jpg 1024w, https:\/\/agora.xtec.cat\/ieslajonquera\/wp-content\/uploads\/usu2014\/2025\/11\/1000051529-300x135.jpg 300w, https:\/\/agora.xtec.cat\/ieslajonquera\/wp-content\/uploads\/usu2014\/2025\/11\/1000051529-768x345.jpg 768w, https:\/\/agora.xtec.cat\/ieslajonquera\/wp-content\/uploads\/usu2014\/2025\/11\/1000051529-1536x691.jpg 1536w, https:\/\/agora.xtec.cat\/ieslajonquera\/wp-content\/uploads\/usu2014\/2025\/11\/1000051529-2048x921.jpg 2048w\" sizes=\"auto, (max-width: 302px) 100vw, 302px\" \/><\/a><\/p>\n","protected":false},"excerpt":{"rendered":"<p>El dimecres 12 de novembre, l&#8217;alumnat de l&#8217;Aula d&#8217;Acollida va fer una sortida al Gran Jonquera. Els responsables del Departament de M\u00e0rqueting els van explicar com \u00e9s la gesti\u00f3 del centre comercial i, a continuaci\u00f3, van fer una s\u00e8rie d&#8217;activitats per practicar el vocabulari relacionat&hellip;  <a href=\"https:\/\/agora.xtec.cat\/ieslajonquera\/general\/sortida-de-lalumnat-de-laula-dacollida-al-gran-jonquera\/\" title=\"Read Sortida de l&#8217;alumnat de l&#8217;Aula d&#8217;Acollida al Gran Jonquera\">Llegeix m\u00e9s\u00bb<\/a><\/p>\n","protected":false},"author":3,"featured_media":6478,"comment_status":"open","ping_status":"open","sticky":false,"template":"","format":"standard","meta":{"_bbp_topic_count":0,"_bbp_reply_count":0,"_bbp_total_topic_count":0,"_bbp_total_reply_count":0,"_bbp_voice_count":0,"_bbp_anonymous_reply_count":0,"_bbp_topic_count_hidden":0,"_bbp_reply_count_hidden":0,"_bbp_forum_subforum_count":0,"footnotes":""},"categories":[3,1],"tags":[151,39],"class_list":["post-6473","post","type-post","status-publish","format-standard","has-post-thumbnail","hentry","category-eso","category-general","tag-aula-dacollida","tag-sortides"],"post_mailing_queue_ids":[],"_links":{"self":[{"href":"https:\/\/agora.xtec.cat\/ieslajonquera\/wp-json\/wp\/v2\/posts\/6473","targetHints":{"allow":["GET"]}}],"collection":[{"href":"https:\/\/agora.xtec.cat\/ieslajonquera\/wp-json\/wp\/v2\/posts"}],"about":[{"href":"https:\/\/agora.xtec.cat\/ieslajonquera\/wp-json\/wp\/v2\/types\/post"}],"author":[{"embeddable":true,"href":"https:\/\/agora.xtec.cat\/ieslajonquera\/wp-json\/wp\/v2\/users\/3"}],"replies":[{"embeddable":true,"href":"https:\/\/agora.xtec.cat\/ieslajonquera\/wp-json\/wp\/v2\/comments?post=6473"}],"version-history":[{"count":2,"href":"https:\/\/agora.xtec.cat\/ieslajonquera\/wp-json\/wp\/v2\/posts\/6473\/revisions"}],"predecessor-version":[{"id":6480,"href":"https:\/\/agora.xtec.cat\/ieslajonquera\/wp-json\/wp\/v2\/posts\/6473\/revisions\/6480"}],"wp:featuredmedia":[{"embeddable":true,"href":"https:\/\/agora.xtec.cat\/ieslajonquera\/wp-json\/wp\/v2\/media\/6478"}],"wp:attachment":[{"href":"https:\/\/agora.xtec.cat\/ieslajonquera\/wp-json\/wp\/v2\/media?parent=6473"}],"wp:term":[{"taxonomy":"category","embeddable":true,"href":"https:\/\/agora.xtec.cat\/ieslajonquera\/wp-json\/wp\/v2\/categories?post=6473"},{"taxonomy":"post_tag","embeddable":true,"href":"https:\/\/agora.xtec.cat\/ieslajonquera\/wp-json\/wp\/v2\/tags?post=6473"}],"curies":[{"name":"wp","href":"https:\/\/api.w.org\/{rel}","templated":true}]}}