{"id":6457,"date":"2025-11-09T16:01:01","date_gmt":"2025-11-09T15:01:01","guid":{"rendered":"https:\/\/agora.xtec.cat\/ieslajonquera\/?p=6457"},"modified":"2025-11-09T16:06:18","modified_gmt":"2025-11-09T15:06:18","slug":"halloween-castanyada-tots-els-premis","status":"publish","type":"post","link":"https:\/\/agora.xtec.cat\/ieslajonquera\/general\/halloween-castanyada-tots-els-premis\/","title":{"rendered":"Halloween-Castanyada: tots els premis"},"content":{"rendered":"<p style=\"text-align: justify;\">A continuaci\u00f3 podeu consultar els alumnes premiats en els diferents concursos que la Comissi\u00f3 de Dinamitzaci\u00f3 va organitzar al llarg de la Setmana de Halloween-Castanyada, que es va celebrar al nostre institut del 27 al 30 d&#8217;octubre.<\/p>\n<ul style=\"text-align: justify;\">\n<li><strong>II Concurs de decoraci\u00f3 de portes<\/strong>: Hi ha hagut un empat i les classes guanyadores han sigut 1r C i 2n A<\/li>\n<\/ul>\n<p style=\"text-align: justify;\">Moltes gr\u00e0cies als grups 1r a. 1r B, 1r C, 2n A, 2n B, 2n C i 3r C per la participaci\u00f3 en el concurs!<\/p>\n<ul style=\"text-align: justify;\">\n<li><strong>IV Concurs de decoraci\u00f3 de carbasses<\/strong>: Ha obtingut el premi l&#8217;Arola Mart\u00ednez, de 2n B.<\/li>\n<\/ul>\n<p style=\"text-align: justify;\">Moltes gr\u00e0cies a tots els participants!<\/p>\n<ul style=\"text-align: justify;\">\n<li><strong>VII Concurs de relat breu &#8220;La Castanya diab\u00f2lica&#8221;<\/strong>: Els guanyadors de les diferents categories han sigut en Marc Guerrero (1r B) i l&#8217;\u00cdria Cabrera (1r C), en Joan V\u00e1zquez (2n B), en Pep L\u00f3pez (3r A) i en Juli G\u00f3mez i en Suhaib Hamdouni (4t B).<\/li>\n<\/ul>\n<p style=\"text-align: justify;\">Moltes gr\u00e0cies a tots els participants!<\/p>\n<p style=\"text-align: justify;\">Podeu veure m\u00e9s fotos dels premis en el seg\u00fcent <a href=\"https:\/\/drive.google.com\/drive\/folders\/1hUTOYfxuO5Wq0IIIWGgomYZtKZxhX7PL?usp=sharing\">enlla\u00e7<\/a>.<\/p>\n<table style=\"border-collapse: collapse; width: 77.0057%;\">\n<tbody>\n<tr>\n<td style=\"width: 25.6685%;\"><a href=\"https:\/\/agora.xtec.cat\/ieslajonquera\/wp-content\/uploads\/usu2014\/2025\/11\/ee37996e-4b95-49fb-9c08-13ce8b192a51.jpg\"><img loading=\"lazy\" decoding=\"async\" class=\" wp-image-6461 alignleft\" src=\"https:\/\/agora.xtec.cat\/ieslajonquera\/wp-content\/uploads\/usu2014\/2025\/11\/ee37996e-4b95-49fb-9c08-13ce8b192a51-1024x768.jpg\" alt=\"\" width=\"336\" height=\"252\" srcset=\"https:\/\/agora.xtec.cat\/ieslajonquera\/wp-content\/uploads\/usu2014\/2025\/11\/ee37996e-4b95-49fb-9c08-13ce8b192a51-1024x768.jpg 1024w, https:\/\/agora.xtec.cat\/ieslajonquera\/wp-content\/uploads\/usu2014\/2025\/11\/ee37996e-4b95-49fb-9c08-13ce8b192a51-300x225.jpg 300w, https:\/\/agora.xtec.cat\/ieslajonquera\/wp-content\/uploads\/usu2014\/2025\/11\/ee37996e-4b95-49fb-9c08-13ce8b192a51-768x576.jpg 768w, https:\/\/agora.xtec.cat\/ieslajonquera\/wp-content\/uploads\/usu2014\/2025\/11\/ee37996e-4b95-49fb-9c08-13ce8b192a51-1536x1152.jpg 1536w, https:\/\/agora.xtec.cat\/ieslajonquera\/wp-content\/uploads\/usu2014\/2025\/11\/ee37996e-4b95-49fb-9c08-13ce8b192a51-200x150.jpg 200w, https:\/\/agora.xtec.cat\/ieslajonquera\/wp-content\/uploads\/usu2014\/2025\/11\/ee37996e-4b95-49fb-9c08-13ce8b192a51.jpg 1600w\" sizes=\"auto, (max-width: 336px) 100vw, 336px\" \/><\/a><\/td>\n<td style=\"width: 25.6183%;\"><a href=\"https:\/\/agora.xtec.cat\/ieslajonquera\/wp-content\/uploads\/usu2014\/2025\/11\/732bec52-c744-46cc-9426-9265aea90ae5.jpg\"><img loading=\"lazy\" decoding=\"async\" class=\" wp-image-6458 alignleft\" src=\"https:\/\/agora.xtec.cat\/ieslajonquera\/wp-content\/uploads\/usu2014\/2025\/11\/732bec52-c744-46cc-9426-9265aea90ae5-1024x768.jpg\" alt=\"\" width=\"336\" height=\"252\" srcset=\"https:\/\/agora.xtec.cat\/ieslajonquera\/wp-content\/uploads\/usu2014\/2025\/11\/732bec52-c744-46cc-9426-9265aea90ae5-1024x768.jpg 1024w, https:\/\/agora.xtec.cat\/ieslajonquera\/wp-content\/uploads\/usu2014\/2025\/11\/732bec52-c744-46cc-9426-9265aea90ae5-300x225.jpg 300w, https:\/\/agora.xtec.cat\/ieslajonquera\/wp-content\/uploads\/usu2014\/2025\/11\/732bec52-c744-46cc-9426-9265aea90ae5-768x576.jpg 768w, https:\/\/agora.xtec.cat\/ieslajonquera\/wp-content\/uploads\/usu2014\/2025\/11\/732bec52-c744-46cc-9426-9265aea90ae5-1536x1152.jpg 1536w, https:\/\/agora.xtec.cat\/ieslajonquera\/wp-content\/uploads\/usu2014\/2025\/11\/732bec52-c744-46cc-9426-9265aea90ae5-200x150.jpg 200w, https:\/\/agora.xtec.cat\/ieslajonquera\/wp-content\/uploads\/usu2014\/2025\/11\/732bec52-c744-46cc-9426-9265aea90ae5.jpg 2048w\" sizes=\"auto, (max-width: 336px) 100vw, 336px\" \/><\/a><\/td>\n<td style=\"width: 25.7188%;\"><a href=\"https:\/\/agora.xtec.cat\/ieslajonquera\/wp-content\/uploads\/usu2014\/2025\/11\/8210f280-98a0-4005-b9ab-6c729a26cd1c.jpg\"><img loading=\"lazy\" decoding=\"async\" class=\" wp-image-6459 alignleft\" src=\"https:\/\/agora.xtec.cat\/ieslajonquera\/wp-content\/uploads\/usu2014\/2025\/11\/8210f280-98a0-4005-b9ab-6c729a26cd1c-1024x768.jpg\" alt=\"\" width=\"337\" height=\"253\" srcset=\"https:\/\/agora.xtec.cat\/ieslajonquera\/wp-content\/uploads\/usu2014\/2025\/11\/8210f280-98a0-4005-b9ab-6c729a26cd1c-1024x768.jpg 1024w, https:\/\/agora.xtec.cat\/ieslajonquera\/wp-content\/uploads\/usu2014\/2025\/11\/8210f280-98a0-4005-b9ab-6c729a26cd1c-300x225.jpg 300w, https:\/\/agora.xtec.cat\/ieslajonquera\/wp-content\/uploads\/usu2014\/2025\/11\/8210f280-98a0-4005-b9ab-6c729a26cd1c-768x576.jpg 768w, https:\/\/agora.xtec.cat\/ieslajonquera\/wp-content\/uploads\/usu2014\/2025\/11\/8210f280-98a0-4005-b9ab-6c729a26cd1c-1536x1152.jpg 1536w, https:\/\/agora.xtec.cat\/ieslajonquera\/wp-content\/uploads\/usu2014\/2025\/11\/8210f280-98a0-4005-b9ab-6c729a26cd1c-200x150.jpg 200w, https:\/\/agora.xtec.cat\/ieslajonquera\/wp-content\/uploads\/usu2014\/2025\/11\/8210f280-98a0-4005-b9ab-6c729a26cd1c.jpg 2048w\" sizes=\"auto, (max-width: 337px) 100vw, 337px\" \/><\/a><\/td>\n<\/tr>\n<\/tbody>\n<\/table>\n","protected":false},"excerpt":{"rendered":"<p>A continuaci\u00f3 podeu consultar els alumnes premiats en els diferents concursos que la Comissi\u00f3 de Dinamitzaci\u00f3 va organitzar al llarg de la Setmana de Halloween-Castanyada, que es va celebrar al nostre institut del 27 al 30 d&#8217;octubre.<\/p>\n<ul style=\"text-align: justify;\">\n<li>II Concurs de decoraci\u00f3 de portes: Hi&hellip;  <a href=\"https:\/\/agora.xtec.cat\/ieslajonquera\/general\/halloween-castanyada-tots-els-premis\/\" title=\"Read Halloween-Castanyada: tots els premis\">Llegeix m\u00e9s\u00bb<\/a><br \/>\n","protected":false},"author":3,"featured_media":6461,"comment_status":"open","ping_status":"open","sticky":false,"template":"","format":"standard","meta":{"_bbp_topic_count":0,"_bbp_reply_count":0,"_bbp_total_topic_count":0,"_bbp_total_reply_count":0,"_bbp_voice_count":0,"_bbp_anonymous_reply_count":0,"_bbp_topic_count_hidden":0,"_bbp_reply_count_hidden":0,"_bbp_forum_subforum_count":0,"footnotes":""},"categories":[1],"tags":[106],"class_list":["post-6457","post","type-post","status-publish","format-standard","has-post-thumbnail","hentry","category-general","tag-concurs"],"post_mailing_queue_ids":[],"_links":{"self":[{"href":"https:\/\/agora.xtec.cat\/ieslajonquera\/wp-json\/wp\/v2\/posts\/6457","targetHints":{"allow":["GET"]}}],"collection":[{"href":"https:\/\/agora.xtec.cat\/ieslajonquera\/wp-json\/wp\/v2\/posts"}],"about":[{"href":"https:\/\/agora.xtec.cat\/ieslajonquera\/wp-json\/wp\/v2\/types\/post"}],"author":[{"embeddable":true,"href":"https:\/\/agora.xtec.cat\/ieslajonquera\/wp-json\/wp\/v2\/users\/3"}],"replies":[{"embeddable":true,"href":"https:\/\/agora.xtec.cat\/ieslajonquera\/wp-json\/wp\/v2\/comments?post=6457"}],"version-history":[{"count":4,"href":"https:\/\/agora.xtec.cat\/ieslajonquera\/wp-json\/wp\/v2\/posts\/6457\/revisions"}],"predecessor-version":[{"id":6467,"href":"https:\/\/agora.xtec.cat\/ieslajonquera\/wp-json\/wp\/v2\/posts\/6457\/revisions\/6467"}],"wp:featuredmedia":[{"embeddable":true,"href":"https:\/\/agora.xtec.cat\/ieslajonquera\/wp-json\/wp\/v2\/media\/6461"}],"wp:attachment":[{"href":"https:\/\/agora.xtec.cat\/ieslajonquera\/wp-json\/wp\/v2\/media?parent=6457"}],"wp:term":[{"taxonomy":"category","embeddable":true,"href":"https:\/\/agora.xtec.cat\/ieslajonquera\/wp-json\/wp\/v2\/categories?post=6457"},{"taxonomy":"post_tag","embeddable":true,"href":"https:\/\/agora.xtec.cat\/ieslajonquera\/wp-json\/wp\/v2\/tags?post=6457"}],"curies":[{"name":"wp","href":"https:\/\/api.w.org\/{rel}","templated":true}]}}