{"id":6439,"date":"2025-10-28T22:32:45","date_gmt":"2025-10-28T21:32:45","guid":{"rendered":"https:\/\/agora.xtec.cat\/ieslajonquera\/?p=6439"},"modified":"2025-10-28T22:32:45","modified_gmt":"2025-10-28T21:32:45","slug":"celebracio-del-dia-mundial-de-lalimentacio-saludable","status":"publish","type":"post","link":"https:\/\/agora.xtec.cat\/ieslajonquera\/general\/celebracio-del-dia-mundial-de-lalimentacio-saludable\/","title":{"rendered":"Celebraci\u00f3 del Dia Mundial de l&#8217;Alimentaci\u00f3 Saludable"},"content":{"rendered":"<p>El passat dimarts 14 d&#8217;octubre, va haver-hi un taller de nutrici\u00f3 a l&#8217;horta del pati per commemorar el Dia Mundial de l&#8217;Alimentaci\u00f3 Saludable, que se celebra el 16 d&#8217;octubre.<\/p>\n<p>Hi van participar els referents del CAP del programa Salut i Escola i l&#8217;educadora del Punt Jove, i L&#8217;AFA va regalar pomes a tots els participants.<\/p>\n<p>L&#8217;activitat va ser el tret de sortida de les activitats sobre alimentaci\u00f3 que ha programat la Comissi\u00f3 d&#8217;Escoles Verdes al llarg del curs.<\/p>\n<p><a href=\"https:\/\/agora.xtec.cat\/ieslajonquera\/wp-content\/uploads\/usu2014\/2025\/10\/1c3319f5-7507-4a8c-9af7-dd98be2d1021.jpg\"><img loading=\"lazy\" decoding=\"async\" class=\" wp-image-6440 alignleft\" src=\"https:\/\/agora.xtec.cat\/ieslajonquera\/wp-content\/uploads\/usu2014\/2025\/10\/1c3319f5-7507-4a8c-9af7-dd98be2d1021-768x1024.jpg\" alt=\"\" width=\"277\" height=\"370\" srcset=\"https:\/\/agora.xtec.cat\/ieslajonquera\/wp-content\/uploads\/usu2014\/2025\/10\/1c3319f5-7507-4a8c-9af7-dd98be2d1021-768x1024.jpg 768w, https:\/\/agora.xtec.cat\/ieslajonquera\/wp-content\/uploads\/usu2014\/2025\/10\/1c3319f5-7507-4a8c-9af7-dd98be2d1021-225x300.jpg 225w, https:\/\/agora.xtec.cat\/ieslajonquera\/wp-content\/uploads\/usu2014\/2025\/10\/1c3319f5-7507-4a8c-9af7-dd98be2d1021-1152x1536.jpg 1152w, https:\/\/agora.xtec.cat\/ieslajonquera\/wp-content\/uploads\/usu2014\/2025\/10\/1c3319f5-7507-4a8c-9af7-dd98be2d1021.jpg 1536w\" sizes=\"auto, (max-width: 277px) 100vw, 277px\" \/><\/a> <a href=\"https:\/\/agora.xtec.cat\/ieslajonquera\/wp-content\/uploads\/usu2014\/2025\/10\/eaea752a-1215-4c97-aecd-68bb445838cf.jpg\"><img loading=\"lazy\" decoding=\"async\" class=\" wp-image-6441 alignleft\" src=\"https:\/\/agora.xtec.cat\/ieslajonquera\/wp-content\/uploads\/usu2014\/2025\/10\/eaea752a-1215-4c97-aecd-68bb445838cf-768x1024.jpg\" alt=\"\" width=\"277\" height=\"370\" srcset=\"https:\/\/agora.xtec.cat\/ieslajonquera\/wp-content\/uploads\/usu2014\/2025\/10\/eaea752a-1215-4c97-aecd-68bb445838cf-768x1024.jpg 768w, https:\/\/agora.xtec.cat\/ieslajonquera\/wp-content\/uploads\/usu2014\/2025\/10\/eaea752a-1215-4c97-aecd-68bb445838cf-225x300.jpg 225w, https:\/\/agora.xtec.cat\/ieslajonquera\/wp-content\/uploads\/usu2014\/2025\/10\/eaea752a-1215-4c97-aecd-68bb445838cf-1152x1536.jpg 1152w, https:\/\/agora.xtec.cat\/ieslajonquera\/wp-content\/uploads\/usu2014\/2025\/10\/eaea752a-1215-4c97-aecd-68bb445838cf.jpg 1536w\" sizes=\"auto, (max-width: 277px) 100vw, 277px\" \/><\/a><\/p>\n<p>&nbsp;<\/p>\n","protected":false},"excerpt":{"rendered":"<p>El passat dimarts 14 d&#8217;octubre, va haver-hi un taller de nutrici\u00f3 a l&#8217;horta del pati per commemorar el Dia Mundial de l&#8217;Alimentaci\u00f3 Saludable, que se celebra el 16 d&#8217;octubre.<br \/>\nHi van participar els referents del CAP del programa Salut i Escola i l&#8217;educadora del Punt Jove,&hellip;  <a href=\"https:\/\/agora.xtec.cat\/ieslajonquera\/general\/celebracio-del-dia-mundial-de-lalimentacio-saludable\/\" title=\"Read Celebraci\u00f3 del Dia Mundial de l&#8217;Alimentaci\u00f3 Saludable\">Llegeix m\u00e9s\u00bb<\/a><\/p>\n","protected":false},"author":3,"featured_media":6440,"comment_status":"open","ping_status":"open","sticky":false,"template":"","format":"standard","meta":{"_bbp_topic_count":0,"_bbp_reply_count":0,"_bbp_total_topic_count":0,"_bbp_total_reply_count":0,"_bbp_voice_count":0,"_bbp_anonymous_reply_count":0,"_bbp_topic_count_hidden":0,"_bbp_reply_count_hidden":0,"_bbp_forum_subforum_count":0,"footnotes":""},"categories":[31,1],"tags":[157,45,58],"class_list":["post-6439","post","type-post","status-publish","format-standard","has-post-thumbnail","hentry","category-afa-ampa","category-general","tag-escola-verda","tag-salut","tag-tallers"],"post_mailing_queue_ids":[],"_links":{"self":[{"href":"https:\/\/agora.xtec.cat\/ieslajonquera\/wp-json\/wp\/v2\/posts\/6439","targetHints":{"allow":["GET"]}}],"collection":[{"href":"https:\/\/agora.xtec.cat\/ieslajonquera\/wp-json\/wp\/v2\/posts"}],"about":[{"href":"https:\/\/agora.xtec.cat\/ieslajonquera\/wp-json\/wp\/v2\/types\/post"}],"author":[{"embeddable":true,"href":"https:\/\/agora.xtec.cat\/ieslajonquera\/wp-json\/wp\/v2\/users\/3"}],"replies":[{"embeddable":true,"href":"https:\/\/agora.xtec.cat\/ieslajonquera\/wp-json\/wp\/v2\/comments?post=6439"}],"version-history":[{"count":1,"href":"https:\/\/agora.xtec.cat\/ieslajonquera\/wp-json\/wp\/v2\/posts\/6439\/revisions"}],"predecessor-version":[{"id":6442,"href":"https:\/\/agora.xtec.cat\/ieslajonquera\/wp-json\/wp\/v2\/posts\/6439\/revisions\/6442"}],"wp:featuredmedia":[{"embeddable":true,"href":"https:\/\/agora.xtec.cat\/ieslajonquera\/wp-json\/wp\/v2\/media\/6440"}],"wp:attachment":[{"href":"https:\/\/agora.xtec.cat\/ieslajonquera\/wp-json\/wp\/v2\/media?parent=6439"}],"wp:term":[{"taxonomy":"category","embeddable":true,"href":"https:\/\/agora.xtec.cat\/ieslajonquera\/wp-json\/wp\/v2\/categories?post=6439"},{"taxonomy":"post_tag","embeddable":true,"href":"https:\/\/agora.xtec.cat\/ieslajonquera\/wp-json\/wp\/v2\/tags?post=6439"}],"curies":[{"name":"wp","href":"https:\/\/api.w.org\/{rel}","templated":true}]}}