{"id":6403,"date":"2025-10-21T10:06:12","date_gmt":"2025-10-21T08:06:12","guid":{"rendered":"https:\/\/agora.xtec.cat\/ieslajonquera\/?p=6403"},"modified":"2025-10-21T10:06:12","modified_gmt":"2025-10-21T08:06:12","slug":"taller-de-teatre-a-1r-de-batxillerat","status":"publish","type":"post","link":"https:\/\/agora.xtec.cat\/ieslajonquera\/general\/taller-de-teatre-a-1r-de-batxillerat\/","title":{"rendered":"Taller de teatre a 1r de batxillerat"},"content":{"rendered":"<p style=\"text-align: justify;\"><a href=\"https:\/\/agora.xtec.cat\/ieslajonquera\/wp-content\/uploads\/usu2014\/2025\/10\/1r-de-bat_Taller-de-teatre-Creacio-literaria.jpg\"><img loading=\"lazy\" decoding=\"async\" class=\" wp-image-6404 alignleft\" src=\"https:\/\/agora.xtec.cat\/ieslajonquera\/wp-content\/uploads\/usu2014\/2025\/10\/1r-de-bat_Taller-de-teatre-Creacio-literaria-1024x768.jpg\" alt=\"\" width=\"405\" height=\"304\" srcset=\"https:\/\/agora.xtec.cat\/ieslajonquera\/wp-content\/uploads\/usu2014\/2025\/10\/1r-de-bat_Taller-de-teatre-Creacio-literaria-1024x768.jpg 1024w, https:\/\/agora.xtec.cat\/ieslajonquera\/wp-content\/uploads\/usu2014\/2025\/10\/1r-de-bat_Taller-de-teatre-Creacio-literaria-300x225.jpg 300w, https:\/\/agora.xtec.cat\/ieslajonquera\/wp-content\/uploads\/usu2014\/2025\/10\/1r-de-bat_Taller-de-teatre-Creacio-literaria-768x576.jpg 768w, https:\/\/agora.xtec.cat\/ieslajonquera\/wp-content\/uploads\/usu2014\/2025\/10\/1r-de-bat_Taller-de-teatre-Creacio-literaria-1536x1152.jpg 1536w, https:\/\/agora.xtec.cat\/ieslajonquera\/wp-content\/uploads\/usu2014\/2025\/10\/1r-de-bat_Taller-de-teatre-Creacio-literaria-200x150.jpg 200w, https:\/\/agora.xtec.cat\/ieslajonquera\/wp-content\/uploads\/usu2014\/2025\/10\/1r-de-bat_Taller-de-teatre-Creacio-literaria.jpg 1600w\" sizes=\"auto, (max-width: 405px) 100vw, 405px\" \/><\/a>El passat divendres 3 d&#8217;octubre, els alumnes de la mat\u00e8ria de 1r de batxillerat Creaci\u00f3 liter\u00e0ria van fer un taller amb en Jordi P\u00e9rez, de la companyia de teatre Sargantana, amb l&#8217;objectiu de crear una pe\u00e7a teatral de realitat virtual que formar\u00e0 part del tancament del projecte &#8220;<a href=\"https:\/\/www.museuexili.cat\/ca\/10009-frontpage\/3127-exposicio-desti-la-jonquera-migracions-transformadores\">Dest\u00ed La Jonquera<\/a>&#8221; realitzat en col\u00b7laboraci\u00f3 amb el MUME.<\/p>\n","protected":false},"excerpt":{"rendered":"<p><a href=\"https:\/\/agora.xtec.cat\/ieslajonquera\/wp-content\/uploads\/usu2014\/2025\/10\/1r-de-bat_Taller-de-teatre-Creacio-literaria.jpg\"><\/a>El passat divendres 3 d&#8217;octubre, els alumnes de la mat\u00e8ria de 1r de batxillerat Creaci\u00f3 liter\u00e0ria van fer un taller amb en Jordi P\u00e9rez, de la companyia de teatre Sargantana, amb l&#8217;objectiu de crear una pe\u00e7a teatral de realitat virtual que formar\u00e0 part del&hellip;  <a href=\"https:\/\/agora.xtec.cat\/ieslajonquera\/general\/taller-de-teatre-a-1r-de-batxillerat\/\" title=\"Read Taller de teatre a 1r de batxillerat\">Llegeix m\u00e9s\u00bb<\/a><\/p>\n","protected":false},"author":3,"featured_media":6404,"comment_status":"open","ping_status":"open","sticky":false,"template":"","format":"standard","meta":{"_bbp_topic_count":0,"_bbp_reply_count":0,"_bbp_total_topic_count":0,"_bbp_total_reply_count":0,"_bbp_voice_count":0,"_bbp_anonymous_reply_count":0,"_bbp_topic_count_hidden":0,"_bbp_reply_count_hidden":0,"_bbp_forum_subforum_count":0,"footnotes":""},"categories":[1],"tags":[],"class_list":["post-6403","post","type-post","status-publish","format-standard","has-post-thumbnail","hentry","category-general"],"post_mailing_queue_ids":[],"_links":{"self":[{"href":"https:\/\/agora.xtec.cat\/ieslajonquera\/wp-json\/wp\/v2\/posts\/6403","targetHints":{"allow":["GET"]}}],"collection":[{"href":"https:\/\/agora.xtec.cat\/ieslajonquera\/wp-json\/wp\/v2\/posts"}],"about":[{"href":"https:\/\/agora.xtec.cat\/ieslajonquera\/wp-json\/wp\/v2\/types\/post"}],"author":[{"embeddable":true,"href":"https:\/\/agora.xtec.cat\/ieslajonquera\/wp-json\/wp\/v2\/users\/3"}],"replies":[{"embeddable":true,"href":"https:\/\/agora.xtec.cat\/ieslajonquera\/wp-json\/wp\/v2\/comments?post=6403"}],"version-history":[{"count":1,"href":"https:\/\/agora.xtec.cat\/ieslajonquera\/wp-json\/wp\/v2\/posts\/6403\/revisions"}],"predecessor-version":[{"id":6405,"href":"https:\/\/agora.xtec.cat\/ieslajonquera\/wp-json\/wp\/v2\/posts\/6403\/revisions\/6405"}],"wp:featuredmedia":[{"embeddable":true,"href":"https:\/\/agora.xtec.cat\/ieslajonquera\/wp-json\/wp\/v2\/media\/6404"}],"wp:attachment":[{"href":"https:\/\/agora.xtec.cat\/ieslajonquera\/wp-json\/wp\/v2\/media?parent=6403"}],"wp:term":[{"taxonomy":"category","embeddable":true,"href":"https:\/\/agora.xtec.cat\/ieslajonquera\/wp-json\/wp\/v2\/categories?post=6403"},{"taxonomy":"post_tag","embeddable":true,"href":"https:\/\/agora.xtec.cat\/ieslajonquera\/wp-json\/wp\/v2\/tags?post=6403"}],"curies":[{"name":"wp","href":"https:\/\/api.w.org\/{rel}","templated":true}]}}