{"id":6388,"date":"2025-09-30T20:02:02","date_gmt":"2025-09-30T18:02:02","guid":{"rendered":"https:\/\/agora.xtec.cat\/ieslajonquera\/?p=6388"},"modified":"2025-10-21T09:57:15","modified_gmt":"2025-10-21T07:57:15","slug":"pla-de-digitalitzacio-responsable","status":"publish","type":"post","link":"https:\/\/agora.xtec.cat\/ieslajonquera\/general\/pla-de-digitalitzacio-responsable\/","title":{"rendered":"Pla de digitalitzaci\u00f3 responsable"},"content":{"rendered":"<p style=\"text-align: justify;\">Aquest curs, el Departament d\u2019Educaci\u00f3 i Formaci\u00f3 Professional de la Generalitat de Catalunya ha impulsat el <a href=\"https:\/\/objenv.gencat.cat\/v4\/public\/estadisticas\/link\/gencat_educacio\/2089\/1\/160901\/09dd7dbab6da8885be01501e4c406cce\/\" target=\"_blank\" rel=\"noopener\" data-saferedirecturl=\"https:\/\/www.google.com\/url?q=https:\/\/objenv.gencat.cat\/v4\/public\/estadisticas\/link\/gencat_educacio\/2089\/1\/160901\/09dd7dbab6da8885be01501e4c406cce\/&amp;source=gmail&amp;ust=1759340855685000&amp;usg=AOvVaw2rQV-A71-bAWfZIJbD_BLH\">Pla de digitalitzaci\u00f3 responsable<\/a>, amb l\u2019objectiu d\u2019assegurar que l\u2019alumnat adquireix la compet\u00e8ncia digital, i de promoure un \u00fas adequat, \u00e8tic, saludable i responsable dels dispositius, per posar-los al servei de l&#8217;aprenentatge.<\/p>\n<p style=\"text-align: justify;\">El Pla de digitalitzaci\u00f3 responsable interpel\u00b7la tota la comunitat educativa, i especialment les fam\u00edlies. Per aquest motiu, s&#8217;ha elaborat una guia per acompanyar-les en el proc\u00e9s de digitalitzaci\u00f3 responsable dels seus fills i filles.<\/p>\n<p style=\"text-align: justify;\">Accediu a la <a href=\"https:\/\/objenv.gencat.cat\/v4\/public\/estadisticas\/link\/gencat_educacio\/2089\/2\/160901\/09dd7dbab6da8885be01501e4c406cce\/\" target=\"_blank\" rel=\"noopener\" data-saferedirecturl=\"https:\/\/www.google.com\/url?q=https:\/\/objenv.gencat.cat\/v4\/public\/estadisticas\/link\/gencat_educacio\/2089\/2\/160901\/09dd7dbab6da8885be01501e4c406cce\/&amp;source=gmail&amp;ust=1759340855685000&amp;usg=AOvVaw02E8TFPtQMyJ0gbt9jjrU-\">guia per acompanyar les fam\u00edlies del Pla de digitalitzaci\u00f3 responsable<\/a>.<\/p>\n<p>Accediu al <a href=\"https:\/\/objenv.gencat.cat\/v4\/public\/estadisticas\/link\/gencat_educacio\/2089\/4\/160901\/09dd7dbab6da8885be01501e4c406cce\/\" target=\"_blank\" rel=\"noopener\" data-saferedirecturl=\"https:\/\/www.google.com\/url?q=https:\/\/objenv.gencat.cat\/v4\/public\/estadisticas\/link\/gencat_educacio\/2089\/4\/160901\/09dd7dbab6da8885be01501e4c406cce\/&amp;source=gmail&amp;ust=1759396536568000&amp;usg=AOvVaw2jNoFQcXZxenFvL4mtBtnC\">videoresum<\/a>\u00a0de la iniciativa.<\/p>\n<p><a href=\"https:\/\/agora.xtec.cat\/ieslajonquera\/wp-content\/uploads\/usu2014\/2025\/09\/Captura-de-pantalla-2025-09-30-200046.png\"><img loading=\"lazy\" decoding=\"async\" class=\"alignnone size-full wp-image-6389\" src=\"https:\/\/agora.xtec.cat\/ieslajonquera\/wp-content\/uploads\/usu2014\/2025\/09\/Captura-de-pantalla-2025-09-30-200046.png\" alt=\"\" width=\"796\" height=\"320\" srcset=\"https:\/\/agora.xtec.cat\/ieslajonquera\/wp-content\/uploads\/usu2014\/2025\/09\/Captura-de-pantalla-2025-09-30-200046.png 796w, https:\/\/agora.xtec.cat\/ieslajonquera\/wp-content\/uploads\/usu2014\/2025\/09\/Captura-de-pantalla-2025-09-30-200046-300x121.png 300w, https:\/\/agora.xtec.cat\/ieslajonquera\/wp-content\/uploads\/usu2014\/2025\/09\/Captura-de-pantalla-2025-09-30-200046-768x309.png 768w\" sizes=\"auto, (max-width: 796px) 100vw, 796px\" \/><\/a><\/p>\n","protected":false},"excerpt":{"rendered":"<p>Aquest curs, el Departament d\u2019Educaci\u00f3 i Formaci\u00f3 Professional de la Generalitat de Catalunya ha impulsat el <a href=\"https:\/\/objenv.gencat.cat\/v4\/public\/estadisticas\/link\/gencat_educacio\/2089\/1\/160901\/09dd7dbab6da8885be01501e4c406cce\/\" target=\"_blank\" rel=\"noopener\" data-saferedirecturl=\"https:\/\/www.google.com\/url?q=https:\/\/objenv.gencat.cat\/v4\/public\/estadisticas\/link\/gencat_educacio\/2089\/1\/160901\/09dd7dbab6da8885be01501e4c406cce\/&amp;source=gmail&amp;ust=1759340855685000&amp;usg=AOvVaw2rQV-A71-bAWfZIJbD_BLH\">Pla de digitalitzaci\u00f3 responsable<\/a>, amb l\u2019objectiu d\u2019assegurar que l\u2019alumnat adquireix la compet\u00e8ncia digital, i de promoure un \u00fas adequat, \u00e8tic, saludable i responsable dels dispositius,&hellip;  <a href=\"https:\/\/agora.xtec.cat\/ieslajonquera\/general\/pla-de-digitalitzacio-responsable\/\" title=\"Read Pla de digitalitzaci\u00f3 responsable\">Llegeix m\u00e9s\u00bb<\/a><\/p>\n","protected":false},"author":3,"featured_media":6391,"comment_status":"open","ping_status":"open","sticky":false,"template":"","format":"standard","meta":{"_bbp_topic_count":0,"_bbp_reply_count":0,"_bbp_total_topic_count":0,"_bbp_total_reply_count":0,"_bbp_voice_count":0,"_bbp_anonymous_reply_count":0,"_bbp_topic_count_hidden":0,"_bbp_reply_count_hidden":0,"_bbp_forum_subforum_count":0,"footnotes":""},"categories":[135,1],"tags":[],"class_list":["post-6388","post","type-post","status-publish","format-standard","has-post-thumbnail","hentry","category-families-alumnat","category-general"],"post_mailing_queue_ids":[],"_links":{"self":[{"href":"https:\/\/agora.xtec.cat\/ieslajonquera\/wp-json\/wp\/v2\/posts\/6388","targetHints":{"allow":["GET"]}}],"collection":[{"href":"https:\/\/agora.xtec.cat\/ieslajonquera\/wp-json\/wp\/v2\/posts"}],"about":[{"href":"https:\/\/agora.xtec.cat\/ieslajonquera\/wp-json\/wp\/v2\/types\/post"}],"author":[{"embeddable":true,"href":"https:\/\/agora.xtec.cat\/ieslajonquera\/wp-json\/wp\/v2\/users\/3"}],"replies":[{"embeddable":true,"href":"https:\/\/agora.xtec.cat\/ieslajonquera\/wp-json\/wp\/v2\/comments?post=6388"}],"version-history":[{"count":2,"href":"https:\/\/agora.xtec.cat\/ieslajonquera\/wp-json\/wp\/v2\/posts\/6388\/revisions"}],"predecessor-version":[{"id":6392,"href":"https:\/\/agora.xtec.cat\/ieslajonquera\/wp-json\/wp\/v2\/posts\/6388\/revisions\/6392"}],"wp:featuredmedia":[{"embeddable":true,"href":"https:\/\/agora.xtec.cat\/ieslajonquera\/wp-json\/wp\/v2\/media\/6391"}],"wp:attachment":[{"href":"https:\/\/agora.xtec.cat\/ieslajonquera\/wp-json\/wp\/v2\/media?parent=6388"}],"wp:term":[{"taxonomy":"category","embeddable":true,"href":"https:\/\/agora.xtec.cat\/ieslajonquera\/wp-json\/wp\/v2\/categories?post=6388"},{"taxonomy":"post_tag","embeddable":true,"href":"https:\/\/agora.xtec.cat\/ieslajonquera\/wp-json\/wp\/v2\/tags?post=6388"}],"curies":[{"name":"wp","href":"https:\/\/api.w.org\/{rel}","templated":true}]}}