{"id":6354,"date":"2025-08-02T14:15:22","date_gmt":"2025-08-02T12:15:22","guid":{"rendered":"https:\/\/agora.xtec.cat\/ieslajonquera\/?p=6354"},"modified":"2025-08-03T11:18:16","modified_gmt":"2025-08-03T09:18:16","slug":"informacions-dinici-del-curs-2025-2026","status":"publish","type":"post","link":"https:\/\/agora.xtec.cat\/ieslajonquera\/general\/informacions-dinici-del-curs-2025-2026\/","title":{"rendered":"Informacions d&#8217;inici del curs 2025-2026"},"content":{"rendered":"<p dir=\"ltr\" style=\"text-align: justify;\"><a href=\"https:\/\/agora.xtec.cat\/ieslajonquera\/wp-content\/uploads\/usu2014\/2025\/08\/Anuncis-Instagram-antic-format-e1754137252846.jpg\"><img loading=\"lazy\" decoding=\"async\" class=\"wp-image-6356 alignleft\" src=\"https:\/\/agora.xtec.cat\/ieslajonquera\/wp-content\/uploads\/usu2014\/2025\/08\/Anuncis-Instagram-antic-format-e1754137252846-1024x708.jpg\" alt=\"\" width=\"380\" height=\"263\" srcset=\"https:\/\/agora.xtec.cat\/ieslajonquera\/wp-content\/uploads\/usu2014\/2025\/08\/Anuncis-Instagram-antic-format-e1754137252846-1024x708.jpg 1024w, https:\/\/agora.xtec.cat\/ieslajonquera\/wp-content\/uploads\/usu2014\/2025\/08\/Anuncis-Instagram-antic-format-e1754137252846-300x207.jpg 300w, https:\/\/agora.xtec.cat\/ieslajonquera\/wp-content\/uploads\/usu2014\/2025\/08\/Anuncis-Instagram-antic-format-e1754137252846-768x531.jpg 768w, https:\/\/agora.xtec.cat\/ieslajonquera\/wp-content\/uploads\/usu2014\/2025\/08\/Anuncis-Instagram-antic-format-e1754137252846.jpg 1078w\" sizes=\"auto, (max-width: 380px) 100vw, 380px\" \/><\/a>Benvolgudes fam\u00edlies,<\/p>\n<p dir=\"ltr\" style=\"text-align: justify;\">Ens dirigim a vosaltres per donar-vos algunes informacions sobre l&#8217;inici de curs:<\/p>\n<ul style=\"text-align: justify;\">\n<li dir=\"ltr\">\n<p dir=\"ltr\">Els dies <strong>3 (1r i 2n d&#8217;ESO) i 4 (3r i 4t d&#8217;ESO) de setembre de 9.00 a 14.30<\/strong> <strong>h<\/strong> es far\u00e0 entrega del <strong>banc de llibres<\/strong>\u00a0de les diferents mat\u00e8ries a la sala polivalent del centre<strong>\u00a0al\u00a0<\/strong><strong>tutor\/a legal de cada alumne\/a.\u00a0<\/strong>Per tal de fer entrega dels llibres caldr\u00e0 signar pr\u00e8viament la\u00a0<strong>carta de comprom\u00eds<\/strong>\u00a0(adjunta al correu) i\u00a0<strong>haver fet efectiu el pagament de l&#8217;aportaci\u00f3 de fam\u00edlies<\/strong>.<\/p>\n<\/li>\n<li dir=\"ltr\">\n<p dir=\"ltr\">El dia<strong>\u00a08 de setembre \u00e9s festiu\u00a0<\/strong><strong>al poble<\/strong>, per tant,\u00a0<strong>no hi haur\u00e0 classes.<\/strong><\/p>\n<\/li>\n<li dir=\"ltr\">\n<p dir=\"ltr\">Comencem<strong>\u00a0el dimarts 9 de setembre<\/strong>\u00a0en horari de\u00a0<strong>8.10 h a 14.40 h.<\/strong>\u00a0Aquest dia no seguirem l&#8217;horari habitual de mat\u00e8ries sin\u00f3 que farem una<strong>\u00a0jornada de presentaci\u00f3 i de conviv\u00e8ncia<\/strong>, ja que el primer dia explicarem als alumnes com ser\u00e0 tot i quins canvis hi haur\u00e0. En la primera part de la jornada\u00a0s&#8217;hauran de dirigir a la\u00a0<strong>pista<\/strong>, els i les tutores de cada grup faran la rebuda i la presentaci\u00f3. La segona part del dia, comen\u00e7aran les classes amb normalitat. Cal que portin el carpes\u00e0, fulls i l&#8217;estoig, sense oblidar l&#8217;esmorzar.<\/p>\n<\/li>\n<li dir=\"ltr\">\n<p dir=\"ltr\">Us recordem que el dia\u00a0<strong>11 de setembre<\/strong>\u00a0tamb\u00e9 \u00e9s\u00a0<strong>festiu<\/strong> amb motiu de la Diada de Catalunya, per tant,\u00a0<strong>tampoc hi haur\u00e0 classes.<\/strong><\/p>\n<\/li>\n<li dir=\"ltr\">\n<p dir=\"ltr\">Les\u00a0<strong>entrades<\/strong>\u00a0al centre sempre seran per la porta de davant,\u00a0la que queda protegida per les jardineres, i l&#8217;alumnat de l&#8217;ESO accedir\u00e0 a les seves aules per<strong>\u00a0l&#8217;entrada principal a l&#8217;edifici.<\/strong><\/p>\n<\/li>\n<li dir=\"ltr\">\n<p dir=\"ltr\">Pel que fa a\u00a0<strong>l&#8217;<\/strong><strong>ordinador<\/strong>, aquest any ser\u00e0 cedit pel Departament d&#8217;Educaci\u00f3. El primer dia de classe es repartir\u00e0 el\u00a0<strong>document<\/strong>\u00a0als alumnes per tal que el signi la fam\u00edlia.\u00a0<strong>Un cop retornat aquest document, s&#8217;entregaran els port\u00e0tils als alumnes.<\/strong>\u00a0Recordem que cal fer un bon \u00fas de l&#8217;ordinador, en cas contrari pot comportar un cost per a les fam\u00edlies la corresponent reparaci\u00f3 o reposici\u00f3 de parts d&#8217;aquest.<\/p>\n<\/li>\n<li dir=\"ltr\">\n<p dir=\"ltr\">Pel que fa al\u00a0<strong>material<\/strong>\u00a0necessari, us adjuntem el\u00a0<a href=\"https:\/\/agora.xtec.cat\/ieslajonquera\/estudis\/material-i-llibres\/\" target=\"_blank\" rel=\"noopener\" data-saferedirecturl=\"https:\/\/www.google.com\/url?q=https:\/\/agora.xtec.cat\/ieslajonquera\/estudis\/material-i-llibres\/&amp;source=gmail&amp;ust=1754217739127000&amp;usg=AOvVaw21UsfyRq8CTXzfr4zlBTWQ\">llistat de llibres i material\u00a0<\/a>que tamb\u00e9 podeu consultar en aquesta p\u00e0gina web. Us recordem que podeu utilitzar els vals escolars per comprar aquest material i us demanem que no els cediu al centre.<\/p>\n<\/li>\n<li dir=\"ltr\">\n<p dir=\"ltr\">Pel que fa als\u00a0<strong>llibres<\/strong> el centre disposa de bancs de llibres que se cediran a l&#8217;alumnat durant el curs i es recolliran al final, per tant, cal fer-ne un bon \u00fas i haver signat la carta de comprom\u00eds. En el cas de no retornar-lo al centre, s&#8217;haur\u00e0 d&#8217;abonar l&#8217;import total del llibre. Cal tenir en compte que el seu manteniment est\u00e0 incl\u00f2s en l&#8217;apartat de material de la matr\u00edcula. Per tant, no cal que compreu cap llibre per al curs vinent.<\/p>\n<\/li>\n<li dir=\"ltr\">\n<p dir=\"ltr\">Tamb\u00e9 us podeu fer socis de\u00a0<strong>l&#8217;AFA<\/strong> (Associaci\u00f3 de Fam\u00edlies d&#8217;Alumnes). Per a m\u00e9s informaci\u00f3 hi podeu contactar a trav\u00e9s d&#8217;aquest correu electr\u00f2nic:\u00a0<a href=\"mailto:ampaieslajonquera@gmail.com\" target=\"_blank\" rel=\"noopener\">ampaieslajonquera@gmail.com<\/a><\/p>\n<\/li>\n<li dir=\"ltr\">\n<p dir=\"ltr\">Us recordem que per\u00a0<strong>normativa del centre\u00a0<\/strong>al recinte escolar\u00a0<strong>no es podr\u00e0 utilitzar el m\u00f2bil<\/strong>\u00a0(ni a dins del centre ni al pati). Per tant,\u00a0<strong>demanem la vostra col\u00b7laboraci\u00f3 com a fam\u00edlies i us demanem que eviteu, en la mesura del possible, que els vostres fills\/es portin l&#8217;aparell al centre.<\/strong><\/p>\n<\/li>\n<\/ul>\n<p dir=\"ltr\" style=\"text-align: justify;\">Pel que fa a l&#8217;aplicatiu que utilitzem per estar en contacte amb les fam\u00edlies, Clickedu, no estar\u00e0 operativa aquests primers dies de curs perqu\u00e8 l&#8217;estem posant a punt. Ja us enviarem un correu per explicar-vos com funciona i per a donar-vos les dades d&#8217;usuari perqu\u00e8 pugueu accedir-hi.<\/p>\n<p>Us recordem que el centre romandr\u00e0 tancat durant el mes d&#8217;agost, ens veiem l&#8217;1 de setembre.<\/p>\n<p>Atentament,<\/p>\n","protected":false},"excerpt":{"rendered":"<p><a href=\"https:\/\/agora.xtec.cat\/ieslajonquera\/wp-content\/uploads\/usu2014\/2025\/08\/Anuncis-Instagram-antic-format-e1754137252846.jpg\"><\/a>Benvolgudes fam\u00edlies,<br \/>\nEns dirigim a vosaltres per donar-vos algunes informacions sobre l&#8217;inici de curs:<\/p>\n<ul style=\"text-align: justify;\">\n<li dir=\"ltr\">\nEls dies 3 (1r i 2n d&#8217;ESO) i 4 (3r i 4t d&#8217;ESO) de setembre de 9.00 a 14.30 h es far\u00e0 entrega del banc de llibres\u00a0de les diferents&hellip;  <a href=\"https:\/\/agora.xtec.cat\/ieslajonquera\/general\/informacions-dinici-del-curs-2025-2026\/\" title=\"Read Informacions d&#8217;inici del curs 2025-2026\">Llegeix m\u00e9s\u00bb<\/a><\/p>\n","protected":false},"author":3,"featured_media":6356,"comment_status":"open","ping_status":"open","sticky":false,"template":"","format":"standard","meta":{"_bbp_topic_count":0,"_bbp_reply_count":0,"_bbp_total_topic_count":0,"_bbp_total_reply_count":0,"_bbp_voice_count":0,"_bbp_anonymous_reply_count":0,"_bbp_topic_count_hidden":0,"_bbp_reply_count_hidden":0,"_bbp_forum_subforum_count":0,"footnotes":""},"categories":[1],"tags":[],"class_list":["post-6354","post","type-post","status-publish","format-standard","has-post-thumbnail","hentry","category-general"],"post_mailing_queue_ids":[],"_links":{"self":[{"href":"https:\/\/agora.xtec.cat\/ieslajonquera\/wp-json\/wp\/v2\/posts\/6354","targetHints":{"allow":["GET"]}}],"collection":[{"href":"https:\/\/agora.xtec.cat\/ieslajonquera\/wp-json\/wp\/v2\/posts"}],"about":[{"href":"https:\/\/agora.xtec.cat\/ieslajonquera\/wp-json\/wp\/v2\/types\/post"}],"author":[{"embeddable":true,"href":"https:\/\/agora.xtec.cat\/ieslajonquera\/wp-json\/wp\/v2\/users\/3"}],"replies":[{"embeddable":true,"href":"https:\/\/agora.xtec.cat\/ieslajonquera\/wp-json\/wp\/v2\/comments?post=6354"}],"version-history":[{"count":4,"href":"https:\/\/agora.xtec.cat\/ieslajonquera\/wp-json\/wp\/v2\/posts\/6354\/revisions"}],"predecessor-version":[{"id":6359,"href":"https:\/\/agora.xtec.cat\/ieslajonquera\/wp-json\/wp\/v2\/posts\/6354\/revisions\/6359"}],"wp:featuredmedia":[{"embeddable":true,"href":"https:\/\/agora.xtec.cat\/ieslajonquera\/wp-json\/wp\/v2\/media\/6356"}],"wp:attachment":[{"href":"https:\/\/agora.xtec.cat\/ieslajonquera\/wp-json\/wp\/v2\/media?parent=6354"}],"wp:term":[{"taxonomy":"category","embeddable":true,"href":"https:\/\/agora.xtec.cat\/ieslajonquera\/wp-json\/wp\/v2\/categories?post=6354"},{"taxonomy":"post_tag","embeddable":true,"href":"https:\/\/agora.xtec.cat\/ieslajonquera\/wp-json\/wp\/v2\/tags?post=6354"}],"curies":[{"name":"wp","href":"https:\/\/api.w.org\/{rel}","templated":true}]}}