{"id":6251,"date":"2025-07-04T11:49:36","date_gmt":"2025-07-04T09:49:36","guid":{"rendered":"https:\/\/agora.xtec.cat\/ieslajonquera\/?p=6251"},"modified":"2025-07-04T11:49:36","modified_gmt":"2025-07-04T09:49:36","slug":"visita-a-la-fundacio-mona","status":"publish","type":"post","link":"https:\/\/agora.xtec.cat\/ieslajonquera\/general\/visita-a-la-fundacio-mona\/","title":{"rendered":"Visita a la Fundaci\u00f3 MONA"},"content":{"rendered":"<p style=\"text-align: justify;\"><a href=\"https:\/\/agora.xtec.cat\/ieslajonquera\/wp-content\/uploads\/usu2014\/2025\/07\/IMG-20250618-WA0023.jpg\"><img loading=\"lazy\" decoding=\"async\" class=\" wp-image-6252 alignleft\" src=\"https:\/\/agora.xtec.cat\/ieslajonquera\/wp-content\/uploads\/usu2014\/2025\/07\/IMG-20250618-WA0023-461x1024.jpg\" alt=\"\" width=\"198\" height=\"440\" srcset=\"https:\/\/agora.xtec.cat\/ieslajonquera\/wp-content\/uploads\/usu2014\/2025\/07\/IMG-20250618-WA0023-461x1024.jpg 461w, https:\/\/agora.xtec.cat\/ieslajonquera\/wp-content\/uploads\/usu2014\/2025\/07\/IMG-20250618-WA0023-135x300.jpg 135w, https:\/\/agora.xtec.cat\/ieslajonquera\/wp-content\/uploads\/usu2014\/2025\/07\/IMG-20250618-WA0023-768x1707.jpg 768w, https:\/\/agora.xtec.cat\/ieslajonquera\/wp-content\/uploads\/usu2014\/2025\/07\/IMG-20250618-WA0023-691x1536.jpg 691w, https:\/\/agora.xtec.cat\/ieslajonquera\/wp-content\/uploads\/usu2014\/2025\/07\/IMG-20250618-WA0023.jpg 900w\" sizes=\"auto, (max-width: 198px) 100vw, 198px\" \/><\/a> <a href=\"https:\/\/agora.xtec.cat\/ieslajonquera\/wp-content\/uploads\/usu2014\/2025\/07\/IMG-20250618-WA0025.jpg\"><img loading=\"lazy\" decoding=\"async\" class=\" wp-image-6253 alignleft\" src=\"https:\/\/agora.xtec.cat\/ieslajonquera\/wp-content\/uploads\/usu2014\/2025\/07\/IMG-20250618-WA0025-461x1024.jpg\" alt=\"\" width=\"198\" height=\"440\" srcset=\"https:\/\/agora.xtec.cat\/ieslajonquera\/wp-content\/uploads\/usu2014\/2025\/07\/IMG-20250618-WA0025-461x1024.jpg 461w, https:\/\/agora.xtec.cat\/ieslajonquera\/wp-content\/uploads\/usu2014\/2025\/07\/IMG-20250618-WA0025-135x300.jpg 135w, https:\/\/agora.xtec.cat\/ieslajonquera\/wp-content\/uploads\/usu2014\/2025\/07\/IMG-20250618-WA0025-768x1707.jpg 768w, https:\/\/agora.xtec.cat\/ieslajonquera\/wp-content\/uploads\/usu2014\/2025\/07\/IMG-20250618-WA0025-691x1536.jpg 691w, https:\/\/agora.xtec.cat\/ieslajonquera\/wp-content\/uploads\/usu2014\/2025\/07\/IMG-20250618-WA0025.jpg 900w\" sizes=\"auto, (max-width: 198px) 100vw, 198px\" \/><\/a>El passat dimecres 18 de juny, l&#8217;alumnat de 2n d&#8217;ESO va anar a Riudellots de la Selva a visitar la Fundaci\u00f3 MONA des de la mat\u00e8ria d&#8217;Angl\u00e8s.<\/p>\n<p style=\"text-align: justify;\">La <a href=\"http:\/\/www.fundaciomona.org\" target=\"_blank\" rel=\"noopener\">Fundaci\u00f3 Mona<\/a> \u00e9s una entitat sense \u00e0nim de lucre que disposa d\u2019un centre de recuperaci\u00f3 de primats envoltat de natura i que serveix de llar de primats rescatats i de centre per comprendre i respectar els animals salvatges.<\/p>\n","protected":false},"excerpt":{"rendered":"<p><a href=\"https:\/\/agora.xtec.cat\/ieslajonquera\/wp-content\/uploads\/usu2014\/2025\/07\/IMG-20250618-WA0023.jpg\"><\/a> <a href=\"https:\/\/agora.xtec.cat\/ieslajonquera\/wp-content\/uploads\/usu2014\/2025\/07\/IMG-20250618-WA0025.jpg\"><\/a>El passat dimecres 18 de juny, l&#8217;alumnat de 2n d&#8217;ESO va anar a Riudellots de la Selva a visitar la Fundaci\u00f3 MONA des de la mat\u00e8ria d&#8217;Angl\u00e8s.<br \/>\nLa <a href=\"http:\/\/www.fundaciomona.org\" target=\"_blank\" rel=\"noopener\">Fundaci\u00f3 Mona<\/a> \u00e9s una entitat sense \u00e0nim de lucre que disposa d\u2019un&hellip;  <a href=\"https:\/\/agora.xtec.cat\/ieslajonquera\/general\/visita-a-la-fundacio-mona\/\" title=\"Read Visita a la Fundaci\u00f3 MONA\">Llegeix m\u00e9s\u00bb<\/a><\/p>\n","protected":false},"author":3,"featured_media":6253,"comment_status":"open","ping_status":"open","sticky":false,"template":"","format":"standard","meta":{"_bbp_topic_count":0,"_bbp_reply_count":0,"_bbp_total_topic_count":0,"_bbp_total_reply_count":0,"_bbp_voice_count":0,"_bbp_anonymous_reply_count":0,"_bbp_topic_count_hidden":0,"_bbp_reply_count_hidden":0,"_bbp_forum_subforum_count":0,"footnotes":""},"categories":[1],"tags":[],"class_list":["post-6251","post","type-post","status-publish","format-standard","has-post-thumbnail","hentry","category-general"],"post_mailing_queue_ids":[],"_links":{"self":[{"href":"https:\/\/agora.xtec.cat\/ieslajonquera\/wp-json\/wp\/v2\/posts\/6251","targetHints":{"allow":["GET"]}}],"collection":[{"href":"https:\/\/agora.xtec.cat\/ieslajonquera\/wp-json\/wp\/v2\/posts"}],"about":[{"href":"https:\/\/agora.xtec.cat\/ieslajonquera\/wp-json\/wp\/v2\/types\/post"}],"author":[{"embeddable":true,"href":"https:\/\/agora.xtec.cat\/ieslajonquera\/wp-json\/wp\/v2\/users\/3"}],"replies":[{"embeddable":true,"href":"https:\/\/agora.xtec.cat\/ieslajonquera\/wp-json\/wp\/v2\/comments?post=6251"}],"version-history":[{"count":1,"href":"https:\/\/agora.xtec.cat\/ieslajonquera\/wp-json\/wp\/v2\/posts\/6251\/revisions"}],"predecessor-version":[{"id":6254,"href":"https:\/\/agora.xtec.cat\/ieslajonquera\/wp-json\/wp\/v2\/posts\/6251\/revisions\/6254"}],"wp:featuredmedia":[{"embeddable":true,"href":"https:\/\/agora.xtec.cat\/ieslajonquera\/wp-json\/wp\/v2\/media\/6253"}],"wp:attachment":[{"href":"https:\/\/agora.xtec.cat\/ieslajonquera\/wp-json\/wp\/v2\/media?parent=6251"}],"wp:term":[{"taxonomy":"category","embeddable":true,"href":"https:\/\/agora.xtec.cat\/ieslajonquera\/wp-json\/wp\/v2\/categories?post=6251"},{"taxonomy":"post_tag","embeddable":true,"href":"https:\/\/agora.xtec.cat\/ieslajonquera\/wp-json\/wp\/v2\/tags?post=6251"}],"curies":[{"name":"wp","href":"https:\/\/api.w.org\/{rel}","templated":true}]}}