{"id":6242,"date":"2025-07-04T11:28:21","date_gmt":"2025-07-04T09:28:21","guid":{"rendered":"https:\/\/agora.xtec.cat\/ieslajonquera\/?p=6242"},"modified":"2025-07-04T11:28:21","modified_gmt":"2025-07-04T09:28:21","slug":"participacio-en-la-caminada-pels-drets-de-les-persones-grans","status":"publish","type":"post","link":"https:\/\/agora.xtec.cat\/ieslajonquera\/general\/participacio-en-la-caminada-pels-drets-de-les-persones-grans\/","title":{"rendered":"Participaci\u00f3 en la Caminada pels Drets de les Persones Grans"},"content":{"rendered":"<p style=\"text-align: justify;\"><a href=\"https:\/\/agora.xtec.cat\/ieslajonquera\/wp-content\/uploads\/usu2014\/2025\/07\/IMG-20250613-WA0003.jpg\"><img loading=\"lazy\" decoding=\"async\" class=\" wp-image-6245 alignleft\" src=\"https:\/\/agora.xtec.cat\/ieslajonquera\/wp-content\/uploads\/usu2014\/2025\/07\/IMG-20250613-WA0003-639x1024.jpg\" alt=\"\" width=\"399\" height=\"640\" srcset=\"https:\/\/agora.xtec.cat\/ieslajonquera\/wp-content\/uploads\/usu2014\/2025\/07\/IMG-20250613-WA0003-639x1024.jpg 639w, https:\/\/agora.xtec.cat\/ieslajonquera\/wp-content\/uploads\/usu2014\/2025\/07\/IMG-20250613-WA0003-187x300.jpg 187w, https:\/\/agora.xtec.cat\/ieslajonquera\/wp-content\/uploads\/usu2014\/2025\/07\/IMG-20250613-WA0003-768x1231.jpg 768w, https:\/\/agora.xtec.cat\/ieslajonquera\/wp-content\/uploads\/usu2014\/2025\/07\/IMG-20250613-WA0003-958x1536.jpg 958w, https:\/\/agora.xtec.cat\/ieslajonquera\/wp-content\/uploads\/usu2014\/2025\/07\/IMG-20250613-WA0003.jpg 998w\" sizes=\"auto, (max-width: 399px) 100vw, 399px\" \/><\/a>L&#8217;alumnat de 3r d&#8217;ESO va participar, el passat divendres 13 de juny, en la Caminada pels Drets de les Persones Grans que es va celebrar a la Jonquera. Al llarg del mat\u00ed, van fer una volta circular de 3 km, van participar en la lectura d&#8217;un manifest i van ballar una coreografia conjunta.<\/p>\n<p>La caminada \u00e9s una iniciativa de diferents organismes p\u00fablics, com ara Dipsalut o el Consell Esportiu de l&#8217;Alt Empord\u00e0, i se celebra cada any per commemorar\u00a0el Dia Mundial de la Presa de Consci\u00e8ncia sobre l&#8217;Ab\u00fas i Maltractament a les Persones Grans. Es fan caminades simult\u00e0nies a diferents municipis de la comarca com Figueres, Peralada, Roses, Castell\u00f3 d&#8217;Emp\u00faries, Llan\u00e7\u00e0, l&#8217;Escala o la Jonquera.<strong>\u00a0<\/strong><\/p>\n","protected":false},"excerpt":{"rendered":"<p><a href=\"https:\/\/agora.xtec.cat\/ieslajonquera\/wp-content\/uploads\/usu2014\/2025\/07\/IMG-20250613-WA0003.jpg\"><\/a>L&#8217;alumnat de 3r d&#8217;ESO va participar, el passat divendres 13 de juny, en la Caminada pels Drets de les Persones Grans que es va celebrar a la Jonquera. Al llarg del mat\u00ed, van fer una volta circular de 3 km, van participar en la&hellip;  <a href=\"https:\/\/agora.xtec.cat\/ieslajonquera\/general\/participacio-en-la-caminada-pels-drets-de-les-persones-grans\/\" title=\"Read Participaci\u00f3 en la Caminada pels Drets de les Persones Grans\">Llegeix m\u00e9s\u00bb<\/a><\/p>\n","protected":false},"author":3,"featured_media":6245,"comment_status":"open","ping_status":"open","sticky":false,"template":"","format":"standard","meta":{"_bbp_topic_count":0,"_bbp_reply_count":0,"_bbp_total_topic_count":0,"_bbp_total_reply_count":0,"_bbp_voice_count":0,"_bbp_anonymous_reply_count":0,"_bbp_topic_count_hidden":0,"_bbp_reply_count_hidden":0,"_bbp_forum_subforum_count":0,"footnotes":""},"categories":[6,3,1],"tags":[120,122],"class_list":["post-6242","post","type-post","status-publish","format-standard","has-post-thumbnail","hentry","category-eso-3","category-eso","category-general","tag-convivencia","tag-valors"],"post_mailing_queue_ids":[],"_links":{"self":[{"href":"https:\/\/agora.xtec.cat\/ieslajonquera\/wp-json\/wp\/v2\/posts\/6242","targetHints":{"allow":["GET"]}}],"collection":[{"href":"https:\/\/agora.xtec.cat\/ieslajonquera\/wp-json\/wp\/v2\/posts"}],"about":[{"href":"https:\/\/agora.xtec.cat\/ieslajonquera\/wp-json\/wp\/v2\/types\/post"}],"author":[{"embeddable":true,"href":"https:\/\/agora.xtec.cat\/ieslajonquera\/wp-json\/wp\/v2\/users\/3"}],"replies":[{"embeddable":true,"href":"https:\/\/agora.xtec.cat\/ieslajonquera\/wp-json\/wp\/v2\/comments?post=6242"}],"version-history":[{"count":1,"href":"https:\/\/agora.xtec.cat\/ieslajonquera\/wp-json\/wp\/v2\/posts\/6242\/revisions"}],"predecessor-version":[{"id":6246,"href":"https:\/\/agora.xtec.cat\/ieslajonquera\/wp-json\/wp\/v2\/posts\/6242\/revisions\/6246"}],"wp:featuredmedia":[{"embeddable":true,"href":"https:\/\/agora.xtec.cat\/ieslajonquera\/wp-json\/wp\/v2\/media\/6245"}],"wp:attachment":[{"href":"https:\/\/agora.xtec.cat\/ieslajonquera\/wp-json\/wp\/v2\/media?parent=6242"}],"wp:term":[{"taxonomy":"category","embeddable":true,"href":"https:\/\/agora.xtec.cat\/ieslajonquera\/wp-json\/wp\/v2\/categories?post=6242"},{"taxonomy":"post_tag","embeddable":true,"href":"https:\/\/agora.xtec.cat\/ieslajonquera\/wp-json\/wp\/v2\/tags?post=6242"}],"curies":[{"name":"wp","href":"https:\/\/api.w.org\/{rel}","templated":true}]}}