{"id":6239,"date":"2025-07-04T11:15:04","date_gmt":"2025-07-04T09:15:04","guid":{"rendered":"https:\/\/agora.xtec.cat\/ieslajonquera\/?p=6239"},"modified":"2025-07-04T11:15:04","modified_gmt":"2025-07-04T09:15:04","slug":"torneig-de-braille","status":"publish","type":"post","link":"https:\/\/agora.xtec.cat\/ieslajonquera\/general\/torneig-de-braille\/","title":{"rendered":"Torneig de Braille"},"content":{"rendered":"<p style=\"text-align: justify;\"><a href=\"https:\/\/agora.xtec.cat\/ieslajonquera\/wp-content\/uploads\/usu2014\/2025\/07\/Torneig-de-Braille.jpg\"><img loading=\"lazy\" decoding=\"async\" class=\" wp-image-6240 alignleft\" src=\"https:\/\/agora.xtec.cat\/ieslajonquera\/wp-content\/uploads\/usu2014\/2025\/07\/Torneig-de-Braille-1024x1024.jpg\" alt=\"\" width=\"302\" height=\"302\" srcset=\"https:\/\/agora.xtec.cat\/ieslajonquera\/wp-content\/uploads\/usu2014\/2025\/07\/Torneig-de-Braille-1024x1024.jpg 1024w, https:\/\/agora.xtec.cat\/ieslajonquera\/wp-content\/uploads\/usu2014\/2025\/07\/Torneig-de-Braille-300x300.jpg 300w, https:\/\/agora.xtec.cat\/ieslajonquera\/wp-content\/uploads\/usu2014\/2025\/07\/Torneig-de-Braille-150x150.jpg 150w, https:\/\/agora.xtec.cat\/ieslajonquera\/wp-content\/uploads\/usu2014\/2025\/07\/Torneig-de-Braille-768x768.jpg 768w, https:\/\/agora.xtec.cat\/ieslajonquera\/wp-content\/uploads\/usu2014\/2025\/07\/Torneig-de-Braille-1536x1536.jpg 1536w, https:\/\/agora.xtec.cat\/ieslajonquera\/wp-content\/uploads\/usu2014\/2025\/07\/Torneig-de-Braille.jpg 2048w\" sizes=\"auto, (max-width: 302px) 100vw, 302px\" \/><\/a>Els 25 participants inscrits al Torneig de Braille havien d&#8217;escriure n\u00fameros de fins a cinc xifres en un temps establert utilitzant la numeraci\u00f3 braille, validats per l&#8217;alumne de 3r d&#8217;ESO B Dani Plaza, que va fer de jutge.<\/p>\n<p style=\"text-align: justify;\">Si des de l&#8217;institut podem ajudar a fer persones m\u00e9s curioses, per\u00f2 a la vegada m\u00e9s sensibles i m\u00e9s properes als problemes dels altres, serem millor societat.<\/p>\n<p style=\"text-align: justify;\">Felicitacions a tots els participants!<\/p>\n","protected":false},"excerpt":{"rendered":"<p><a href=\"https:\/\/agora.xtec.cat\/ieslajonquera\/wp-content\/uploads\/usu2014\/2025\/07\/Torneig-de-Braille.jpg\"><\/a>Els 25 participants inscrits al Torneig de Braille havien d&#8217;escriure n\u00fameros de fins a cinc xifres en un temps establert utilitzant la numeraci\u00f3 braille, validats per l&#8217;alumne de 3r d&#8217;ESO B Dani Plaza, que va fer de jutge.<br \/>\nSi des de l&#8217;institut podem ajudar a&hellip;  <a href=\"https:\/\/agora.xtec.cat\/ieslajonquera\/general\/torneig-de-braille\/\" title=\"Read Torneig de Braille\">Llegeix m\u00e9s\u00bb<\/a><\/p>\n","protected":false},"author":3,"featured_media":6240,"comment_status":"open","ping_status":"open","sticky":false,"template":"","format":"standard","meta":{"_bbp_topic_count":0,"_bbp_reply_count":0,"_bbp_total_topic_count":0,"_bbp_total_reply_count":0,"_bbp_voice_count":0,"_bbp_anonymous_reply_count":0,"_bbp_topic_count_hidden":0,"_bbp_reply_count_hidden":0,"_bbp_forum_subforum_count":0,"footnotes":""},"categories":[3,1],"tags":[106],"class_list":["post-6239","post","type-post","status-publish","format-standard","has-post-thumbnail","hentry","category-eso","category-general","tag-concurs"],"post_mailing_queue_ids":[],"_links":{"self":[{"href":"https:\/\/agora.xtec.cat\/ieslajonquera\/wp-json\/wp\/v2\/posts\/6239","targetHints":{"allow":["GET"]}}],"collection":[{"href":"https:\/\/agora.xtec.cat\/ieslajonquera\/wp-json\/wp\/v2\/posts"}],"about":[{"href":"https:\/\/agora.xtec.cat\/ieslajonquera\/wp-json\/wp\/v2\/types\/post"}],"author":[{"embeddable":true,"href":"https:\/\/agora.xtec.cat\/ieslajonquera\/wp-json\/wp\/v2\/users\/3"}],"replies":[{"embeddable":true,"href":"https:\/\/agora.xtec.cat\/ieslajonquera\/wp-json\/wp\/v2\/comments?post=6239"}],"version-history":[{"count":1,"href":"https:\/\/agora.xtec.cat\/ieslajonquera\/wp-json\/wp\/v2\/posts\/6239\/revisions"}],"predecessor-version":[{"id":6241,"href":"https:\/\/agora.xtec.cat\/ieslajonquera\/wp-json\/wp\/v2\/posts\/6239\/revisions\/6241"}],"wp:featuredmedia":[{"embeddable":true,"href":"https:\/\/agora.xtec.cat\/ieslajonquera\/wp-json\/wp\/v2\/media\/6240"}],"wp:attachment":[{"href":"https:\/\/agora.xtec.cat\/ieslajonquera\/wp-json\/wp\/v2\/media?parent=6239"}],"wp:term":[{"taxonomy":"category","embeddable":true,"href":"https:\/\/agora.xtec.cat\/ieslajonquera\/wp-json\/wp\/v2\/categories?post=6239"},{"taxonomy":"post_tag","embeddable":true,"href":"https:\/\/agora.xtec.cat\/ieslajonquera\/wp-json\/wp\/v2\/tags?post=6239"}],"curies":[{"name":"wp","href":"https:\/\/api.w.org\/{rel}","templated":true}]}}