{"id":6218,"date":"2025-06-11T18:29:30","date_gmt":"2025-06-11T16:29:30","guid":{"rendered":"https:\/\/agora.xtec.cat\/ieslajonquera\/?p=6218"},"modified":"2025-06-11T18:29:30","modified_gmt":"2025-06-11T16:29:30","slug":"concert-de-final-de-curs-del-projecte-i-musica-2","status":"publish","type":"post","link":"https:\/\/agora.xtec.cat\/ieslajonquera\/general\/concert-de-final-de-curs-del-projecte-i-musica-2\/","title":{"rendered":"Concert de final de curs del projecte I-M\u00fasica"},"content":{"rendered":"<p style=\"text-align: justify;\"><a href=\"https:\/\/agora.xtec.cat\/ieslajonquera\/wp-content\/uploads\/usu2014\/2025\/06\/20250606_1808101.jpg\"><img loading=\"lazy\" decoding=\"async\" class=\" wp-image-6219 alignleft\" src=\"https:\/\/agora.xtec.cat\/ieslajonquera\/wp-content\/uploads\/usu2014\/2025\/06\/20250606_1808101.jpg\" alt=\"\" width=\"357\" height=\"268\" srcset=\"https:\/\/agora.xtec.cat\/ieslajonquera\/wp-content\/uploads\/usu2014\/2025\/06\/20250606_1808101.jpg 1024w, https:\/\/agora.xtec.cat\/ieslajonquera\/wp-content\/uploads\/usu2014\/2025\/06\/20250606_1808101-300x225.jpg 300w, https:\/\/agora.xtec.cat\/ieslajonquera\/wp-content\/uploads\/usu2014\/2025\/06\/20250606_1808101-768x576.jpg 768w, https:\/\/agora.xtec.cat\/ieslajonquera\/wp-content\/uploads\/usu2014\/2025\/06\/20250606_1808101-200x150.jpg 200w\" sizes=\"auto, (max-width: 357px) 100vw, 357px\" \/><\/a>El passat divendres 6 de juny va tenir lloc el concert final del projecte I-M\u00fasica a la pla\u00e7a nova de la Jonquera. Es tracta d&#8217;una col\u00b7laboraci\u00f3 entre el nostre institut i l&#8217;Escola municipal de M\u00fasica en qu\u00e8 l&#8217;alumnat de 1r i 2n d&#8217;ESO apr\u00e8n a tocar un instrument en horari lectiu.<\/p>\n<p style=\"text-align: justify;\">Aquest curs, els alumnes de 1r d&#8217;ESO han tocat instruments de vent i els de 2n d&#8217;ESO, de corda. En algunes de les peces preparades, hi havia un acompanyament de percussi\u00f3 corporal i alguna petita coreografia tamb\u00e9 a c\u00e0rrec dels nostres alumnes.<\/p>\n","protected":false},"excerpt":{"rendered":"<p><a href=\"https:\/\/agora.xtec.cat\/ieslajonquera\/wp-content\/uploads\/usu2014\/2025\/06\/20250606_1808101.jpg\"><\/a>El passat divendres 6 de juny va tenir lloc el concert final del projecte I-M\u00fasica a la pla\u00e7a nova de la Jonquera. Es tracta d&#8217;una col\u00b7laboraci\u00f3 entre el nostre institut i l&#8217;Escola municipal de M\u00fasica en qu\u00e8 l&#8217;alumnat de 1r i 2n d&#8217;ESO apr\u00e8n&hellip;  <a href=\"https:\/\/agora.xtec.cat\/ieslajonquera\/general\/concert-de-final-de-curs-del-projecte-i-musica-2\/\" title=\"Read Concert de final de curs del projecte I-M\u00fasica\">Llegeix m\u00e9s\u00bb<\/a><\/p>\n","protected":false},"author":3,"featured_media":6219,"comment_status":"open","ping_status":"open","sticky":false,"template":"","format":"standard","meta":{"_bbp_topic_count":0,"_bbp_reply_count":0,"_bbp_total_topic_count":0,"_bbp_total_reply_count":0,"_bbp_voice_count":0,"_bbp_anonymous_reply_count":0,"_bbp_topic_count_hidden":0,"_bbp_reply_count_hidden":0,"_bbp_forum_subforum_count":0,"footnotes":""},"categories":[4,5,3,1],"tags":[109,132],"class_list":["post-6218","post","type-post","status-publish","format-standard","has-post-thumbnail","hentry","category-eso-1","category-eso-2","category-eso","category-general","tag-musica","tag-projectes"],"post_mailing_queue_ids":[],"_links":{"self":[{"href":"https:\/\/agora.xtec.cat\/ieslajonquera\/wp-json\/wp\/v2\/posts\/6218","targetHints":{"allow":["GET"]}}],"collection":[{"href":"https:\/\/agora.xtec.cat\/ieslajonquera\/wp-json\/wp\/v2\/posts"}],"about":[{"href":"https:\/\/agora.xtec.cat\/ieslajonquera\/wp-json\/wp\/v2\/types\/post"}],"author":[{"embeddable":true,"href":"https:\/\/agora.xtec.cat\/ieslajonquera\/wp-json\/wp\/v2\/users\/3"}],"replies":[{"embeddable":true,"href":"https:\/\/agora.xtec.cat\/ieslajonquera\/wp-json\/wp\/v2\/comments?post=6218"}],"version-history":[{"count":1,"href":"https:\/\/agora.xtec.cat\/ieslajonquera\/wp-json\/wp\/v2\/posts\/6218\/revisions"}],"predecessor-version":[{"id":6220,"href":"https:\/\/agora.xtec.cat\/ieslajonquera\/wp-json\/wp\/v2\/posts\/6218\/revisions\/6220"}],"wp:featuredmedia":[{"embeddable":true,"href":"https:\/\/agora.xtec.cat\/ieslajonquera\/wp-json\/wp\/v2\/media\/6219"}],"wp:attachment":[{"href":"https:\/\/agora.xtec.cat\/ieslajonquera\/wp-json\/wp\/v2\/media?parent=6218"}],"wp:term":[{"taxonomy":"category","embeddable":true,"href":"https:\/\/agora.xtec.cat\/ieslajonquera\/wp-json\/wp\/v2\/categories?post=6218"},{"taxonomy":"post_tag","embeddable":true,"href":"https:\/\/agora.xtec.cat\/ieslajonquera\/wp-json\/wp\/v2\/tags?post=6218"}],"curies":[{"name":"wp","href":"https:\/\/api.w.org\/{rel}","templated":true}]}}