{"id":6200,"date":"2025-06-11T18:05:00","date_gmt":"2025-06-11T16:05:00","guid":{"rendered":"https:\/\/agora.xtec.cat\/ieslajonquera\/?p=6200"},"modified":"2025-06-11T18:05:17","modified_gmt":"2025-06-11T16:05:17","slug":"el-grup-reptes-al-retotech","status":"publish","type":"post","link":"https:\/\/agora.xtec.cat\/ieslajonquera\/general\/el-grup-reptes-al-retotech\/","title":{"rendered":"El grup Reptes, al RetoTech de Barcelona"},"content":{"rendered":"<p style=\"text-align: justify;\">El passat dimarts 3 de juny, alguns alumnes de 2n d&#8217;ESO del grup d&#8217;enriquiment Reptes Cient\u00edfics van participar al festival RetoTech de Barcelona. Es tracta d&#8217;un projecte d&#8217;innovaci\u00f3 educativa de la Fundaci\u00f3 Endesa que t\u00e9 com a objectiu despertar les vocacions STEM entre els m\u00e9s joves.<\/p>\n<p style=\"text-align: justify;\">Els nostres alumnes van presentar un prototip de plaques solars capaces d&#8217;inclinar-se en funci\u00f3 de la posici\u00f3 del Sol. Aquest fet permet augmentar fins un 40% l&#8217;energia generada. Tamb\u00e9 van poder veure, a trav\u00e9s de projectes d&#8217;altres centres, com la tecnologia pot ajudar-nos en \u00e0mbits com la salut, el reciclatge o el transport.<\/p>\n<p style=\"text-align: justify;\">Va ser una gran experi\u00e8ncia!<\/p>\n<p><a href=\"https:\/\/agora.xtec.cat\/ieslajonquera\/wp-content\/uploads\/usu2014\/2025\/06\/IMG-20250603-WA0001.jpg\"><img loading=\"lazy\" decoding=\"async\" class=\" wp-image-6201 alignleft\" src=\"https:\/\/agora.xtec.cat\/ieslajonquera\/wp-content\/uploads\/usu2014\/2025\/06\/IMG-20250603-WA0001-1024x472.jpg\" alt=\"\" width=\"371\" height=\"171\" srcset=\"https:\/\/agora.xtec.cat\/ieslajonquera\/wp-content\/uploads\/usu2014\/2025\/06\/IMG-20250603-WA0001-1024x472.jpg 1024w, https:\/\/agora.xtec.cat\/ieslajonquera\/wp-content\/uploads\/usu2014\/2025\/06\/IMG-20250603-WA0001-300x138.jpg 300w, https:\/\/agora.xtec.cat\/ieslajonquera\/wp-content\/uploads\/usu2014\/2025\/06\/IMG-20250603-WA0001-768x354.jpg 768w, https:\/\/agora.xtec.cat\/ieslajonquera\/wp-content\/uploads\/usu2014\/2025\/06\/IMG-20250603-WA0001-1536x708.jpg 1536w, https:\/\/agora.xtec.cat\/ieslajonquera\/wp-content\/uploads\/usu2014\/2025\/06\/IMG-20250603-WA0001.jpg 1600w\" sizes=\"auto, (max-width: 371px) 100vw, 371px\" \/><\/a> <a href=\"https:\/\/agora.xtec.cat\/ieslajonquera\/wp-content\/uploads\/usu2014\/2025\/06\/IMG-20250603-WA0002.jpg\"><img loading=\"lazy\" decoding=\"async\" class=\"wp-image-6202 alignleft\" src=\"https:\/\/agora.xtec.cat\/ieslajonquera\/wp-content\/uploads\/usu2014\/2025\/06\/IMG-20250603-WA0002-1024x472.jpg\" alt=\"\" width=\"371\" height=\"171\" srcset=\"https:\/\/agora.xtec.cat\/ieslajonquera\/wp-content\/uploads\/usu2014\/2025\/06\/IMG-20250603-WA0002-1024x472.jpg 1024w, https:\/\/agora.xtec.cat\/ieslajonquera\/wp-content\/uploads\/usu2014\/2025\/06\/IMG-20250603-WA0002-300x138.jpg 300w, https:\/\/agora.xtec.cat\/ieslajonquera\/wp-content\/uploads\/usu2014\/2025\/06\/IMG-20250603-WA0002-768x354.jpg 768w, https:\/\/agora.xtec.cat\/ieslajonquera\/wp-content\/uploads\/usu2014\/2025\/06\/IMG-20250603-WA0002-1536x708.jpg 1536w, https:\/\/agora.xtec.cat\/ieslajonquera\/wp-content\/uploads\/usu2014\/2025\/06\/IMG-20250603-WA0002.jpg 1600w\" sizes=\"auto, (max-width: 371px) 100vw, 371px\" \/><\/a> <a href=\"https:\/\/agora.xtec.cat\/ieslajonquera\/wp-content\/uploads\/usu2014\/2025\/06\/IMG-20250603-WA0004.jpg\"><img loading=\"lazy\" decoding=\"async\" class=\" wp-image-6203 alignleft\" src=\"https:\/\/agora.xtec.cat\/ieslajonquera\/wp-content\/uploads\/usu2014\/2025\/06\/IMG-20250603-WA0004-472x1024.jpg\" alt=\"\" width=\"80\" height=\"173\" srcset=\"https:\/\/agora.xtec.cat\/ieslajonquera\/wp-content\/uploads\/usu2014\/2025\/06\/IMG-20250603-WA0004-472x1024.jpg 472w, https:\/\/agora.xtec.cat\/ieslajonquera\/wp-content\/uploads\/usu2014\/2025\/06\/IMG-20250603-WA0004-138x300.jpg 138w, https:\/\/agora.xtec.cat\/ieslajonquera\/wp-content\/uploads\/usu2014\/2025\/06\/IMG-20250603-WA0004-708x1536.jpg 708w, https:\/\/agora.xtec.cat\/ieslajonquera\/wp-content\/uploads\/usu2014\/2025\/06\/IMG-20250603-WA0004.jpg 737w\" sizes=\"auto, (max-width: 80px) 100vw, 80px\" \/><\/a> <a href=\"https:\/\/agora.xtec.cat\/ieslajonquera\/wp-content\/uploads\/usu2014\/2025\/06\/IMG-20250603-WA0005.jpg\"><img loading=\"lazy\" decoding=\"async\" class=\" wp-image-6204 alignleft\" src=\"https:\/\/agora.xtec.cat\/ieslajonquera\/wp-content\/uploads\/usu2014\/2025\/06\/IMG-20250603-WA0005-1024x472.jpg\" alt=\"\" width=\"375\" height=\"173\" srcset=\"https:\/\/agora.xtec.cat\/ieslajonquera\/wp-content\/uploads\/usu2014\/2025\/06\/IMG-20250603-WA0005-1024x472.jpg 1024w, https:\/\/agora.xtec.cat\/ieslajonquera\/wp-content\/uploads\/usu2014\/2025\/06\/IMG-20250603-WA0005-300x138.jpg 300w, https:\/\/agora.xtec.cat\/ieslajonquera\/wp-content\/uploads\/usu2014\/2025\/06\/IMG-20250603-WA0005-768x354.jpg 768w, https:\/\/agora.xtec.cat\/ieslajonquera\/wp-content\/uploads\/usu2014\/2025\/06\/IMG-20250603-WA0005-1536x708.jpg 1536w, https:\/\/agora.xtec.cat\/ieslajonquera\/wp-content\/uploads\/usu2014\/2025\/06\/IMG-20250603-WA0005.jpg 1600w\" sizes=\"auto, (max-width: 375px) 100vw, 375px\" \/><\/a><\/p>\n","protected":false},"excerpt":{"rendered":"<p>El passat dimarts 3 de juny, alguns alumnes de 2n d&#8217;ESO del grup d&#8217;enriquiment Reptes Cient\u00edfics van participar al festival RetoTech de Barcelona. Es tracta d&#8217;un projecte d&#8217;innovaci\u00f3 educativa de la Fundaci\u00f3 Endesa que t\u00e9 com a objectiu despertar les vocacions STEM entre els m\u00e9s&hellip;  <a href=\"https:\/\/agora.xtec.cat\/ieslajonquera\/general\/el-grup-reptes-al-retotech\/\" title=\"Read El grup Reptes, al RetoTech de Barcelona\">Llegeix m\u00e9s\u00bb<\/a><\/p>\n","protected":false},"author":3,"featured_media":6202,"comment_status":"open","ping_status":"open","sticky":false,"template":"","format":"standard","meta":{"_bbp_topic_count":0,"_bbp_reply_count":0,"_bbp_total_topic_count":0,"_bbp_total_reply_count":0,"_bbp_voice_count":0,"_bbp_anonymous_reply_count":0,"_bbp_topic_count_hidden":0,"_bbp_reply_count_hidden":0,"_bbp_forum_subforum_count":0,"footnotes":""},"categories":[5,3,1],"tags":[171,128,138],"class_list":["post-6200","post","type-post","status-publish","format-standard","has-post-thumbnail","hentry","category-eso-2","category-eso","category-general","tag-reptes","tag-sostenibilitat","tag-tecnologia"],"post_mailing_queue_ids":[],"_links":{"self":[{"href":"https:\/\/agora.xtec.cat\/ieslajonquera\/wp-json\/wp\/v2\/posts\/6200","targetHints":{"allow":["GET"]}}],"collection":[{"href":"https:\/\/agora.xtec.cat\/ieslajonquera\/wp-json\/wp\/v2\/posts"}],"about":[{"href":"https:\/\/agora.xtec.cat\/ieslajonquera\/wp-json\/wp\/v2\/types\/post"}],"author":[{"embeddable":true,"href":"https:\/\/agora.xtec.cat\/ieslajonquera\/wp-json\/wp\/v2\/users\/3"}],"replies":[{"embeddable":true,"href":"https:\/\/agora.xtec.cat\/ieslajonquera\/wp-json\/wp\/v2\/comments?post=6200"}],"version-history":[{"count":2,"href":"https:\/\/agora.xtec.cat\/ieslajonquera\/wp-json\/wp\/v2\/posts\/6200\/revisions"}],"predecessor-version":[{"id":6206,"href":"https:\/\/agora.xtec.cat\/ieslajonquera\/wp-json\/wp\/v2\/posts\/6200\/revisions\/6206"}],"wp:featuredmedia":[{"embeddable":true,"href":"https:\/\/agora.xtec.cat\/ieslajonquera\/wp-json\/wp\/v2\/media\/6202"}],"wp:attachment":[{"href":"https:\/\/agora.xtec.cat\/ieslajonquera\/wp-json\/wp\/v2\/media?parent=6200"}],"wp:term":[{"taxonomy":"category","embeddable":true,"href":"https:\/\/agora.xtec.cat\/ieslajonquera\/wp-json\/wp\/v2\/categories?post=6200"},{"taxonomy":"post_tag","embeddable":true,"href":"https:\/\/agora.xtec.cat\/ieslajonquera\/wp-json\/wp\/v2\/tags?post=6200"}],"curies":[{"name":"wp","href":"https:\/\/api.w.org\/{rel}","templated":true}]}}