{"id":6160,"date":"2025-05-25T17:04:47","date_gmt":"2025-05-25T15:04:47","guid":{"rendered":"https:\/\/agora.xtec.cat\/ieslajonquera\/?p=6160"},"modified":"2025-05-25T17:04:47","modified_gmt":"2025-05-25T15:04:47","slug":"finalistes-dhonor-del-concurs-literari-ficcions","status":"publish","type":"post","link":"https:\/\/agora.xtec.cat\/ieslajonquera\/general\/finalistes-dhonor-del-concurs-literari-ficcions\/","title":{"rendered":"Finalistes d&#8217;honor del concurs literari Ficcions"},"content":{"rendered":"<p style=\"text-align: justify;\"><a href=\"https:\/\/agora.xtec.cat\/ieslajonquera\/wp-content\/uploads\/usu2014\/2025\/05\/3r-dESO_Ficcions.jpg\"><img loading=\"lazy\" decoding=\"async\" class=\" wp-image-6161 alignleft\" src=\"https:\/\/agora.xtec.cat\/ieslajonquera\/wp-content\/uploads\/usu2014\/2025\/05\/3r-dESO_Ficcions-821x1024.jpg\" alt=\"\" width=\"263\" height=\"328\" srcset=\"https:\/\/agora.xtec.cat\/ieslajonquera\/wp-content\/uploads\/usu2014\/2025\/05\/3r-dESO_Ficcions-821x1024.jpg 821w, https:\/\/agora.xtec.cat\/ieslajonquera\/wp-content\/uploads\/usu2014\/2025\/05\/3r-dESO_Ficcions-240x300.jpg 240w, https:\/\/agora.xtec.cat\/ieslajonquera\/wp-content\/uploads\/usu2014\/2025\/05\/3r-dESO_Ficcions-768x958.jpg 768w, https:\/\/agora.xtec.cat\/ieslajonquera\/wp-content\/uploads\/usu2014\/2025\/05\/3r-dESO_Ficcions.jpg 992w\" sizes=\"auto, (max-width: 263px) 100vw, 263px\" \/><\/a>Els alumnes de 3r d&#8217;ESO B Ma\u00eblle Cord\u00f3n, Juli G\u00f3mez, Elvis Caicedo i Daniel Cuenca, han estat finalistes d&#8217;honor al concurs literari AMIC-Ficcions. A l&#8217;acte d&#8217;entrega de premis, celebrat el passat dimarts 20 de maig al paranimf de la Universitat de Barcelona, hi va participar l&#8217;escriptor Jordi Sierra i Fabra entre d&#8217;altres personalitats del m\u00f3n de la cultura catalana.<\/p>\n","protected":false},"excerpt":{"rendered":"<p><a href=\"https:\/\/agora.xtec.cat\/ieslajonquera\/wp-content\/uploads\/usu2014\/2025\/05\/3r-dESO_Ficcions.jpg\"><\/a>Els alumnes de 3r d&#8217;ESO B Ma\u00eblle Cord\u00f3n, Juli G\u00f3mez, Elvis Caicedo i Daniel Cuenca, han estat finalistes d&#8217;honor al concurs literari AMIC-Ficcions. A l&#8217;acte d&#8217;entrega de premis, celebrat el passat dimarts 20 de maig al paranimf de la Universitat de Barcelona, hi va&hellip;  <a href=\"https:\/\/agora.xtec.cat\/ieslajonquera\/general\/finalistes-dhonor-del-concurs-literari-ficcions\/\" title=\"Read Finalistes d&#8217;honor del concurs literari Ficcions\">Llegeix m\u00e9s\u00bb<\/a><\/p>\n","protected":false},"author":3,"featured_media":6161,"comment_status":"open","ping_status":"closed","sticky":false,"template":"","format":"standard","meta":{"_bbp_topic_count":0,"_bbp_reply_count":0,"_bbp_total_topic_count":0,"_bbp_total_reply_count":0,"_bbp_voice_count":0,"_bbp_anonymous_reply_count":0,"_bbp_topic_count_hidden":0,"_bbp_reply_count_hidden":0,"_bbp_forum_subforum_count":0,"footnotes":""},"categories":[6,3,1],"tags":[106,57,124],"class_list":["post-6160","post","type-post","status-publish","format-standard","has-post-thumbnail","hentry","category-eso-3","category-eso","category-general","tag-concurs","tag-expressio-escrita","tag-literatura"],"post_mailing_queue_ids":[],"_links":{"self":[{"href":"https:\/\/agora.xtec.cat\/ieslajonquera\/wp-json\/wp\/v2\/posts\/6160","targetHints":{"allow":["GET"]}}],"collection":[{"href":"https:\/\/agora.xtec.cat\/ieslajonquera\/wp-json\/wp\/v2\/posts"}],"about":[{"href":"https:\/\/agora.xtec.cat\/ieslajonquera\/wp-json\/wp\/v2\/types\/post"}],"author":[{"embeddable":true,"href":"https:\/\/agora.xtec.cat\/ieslajonquera\/wp-json\/wp\/v2\/users\/3"}],"replies":[{"embeddable":true,"href":"https:\/\/agora.xtec.cat\/ieslajonquera\/wp-json\/wp\/v2\/comments?post=6160"}],"version-history":[{"count":1,"href":"https:\/\/agora.xtec.cat\/ieslajonquera\/wp-json\/wp\/v2\/posts\/6160\/revisions"}],"predecessor-version":[{"id":6162,"href":"https:\/\/agora.xtec.cat\/ieslajonquera\/wp-json\/wp\/v2\/posts\/6160\/revisions\/6162"}],"wp:featuredmedia":[{"embeddable":true,"href":"https:\/\/agora.xtec.cat\/ieslajonquera\/wp-json\/wp\/v2\/media\/6161"}],"wp:attachment":[{"href":"https:\/\/agora.xtec.cat\/ieslajonquera\/wp-json\/wp\/v2\/media?parent=6160"}],"wp:term":[{"taxonomy":"category","embeddable":true,"href":"https:\/\/agora.xtec.cat\/ieslajonquera\/wp-json\/wp\/v2\/categories?post=6160"},{"taxonomy":"post_tag","embeddable":true,"href":"https:\/\/agora.xtec.cat\/ieslajonquera\/wp-json\/wp\/v2\/tags?post=6160"}],"curies":[{"name":"wp","href":"https:\/\/api.w.org\/{rel}","templated":true}]}}