{"id":6136,"date":"2025-05-06T20:09:07","date_gmt":"2025-05-06T18:09:07","guid":{"rendered":"https:\/\/agora.xtec.cat\/ieslajonquera\/?p=6136"},"modified":"2025-05-06T20:09:07","modified_gmt":"2025-05-06T18:09:07","slug":"quarta-sessio-del-club-de-lectura-4","status":"publish","type":"post","link":"https:\/\/agora.xtec.cat\/ieslajonquera\/general\/quarta-sessio-del-club-de-lectura-4\/","title":{"rendered":"Quarta sessi\u00f3 del Club de Lectura"},"content":{"rendered":"<p style=\"text-align: justify;\"><a href=\"https:\/\/agora.xtec.cat\/ieslajonquera\/wp-content\/uploads\/usu2014\/2025\/05\/20250429_1047191.jpg\"><img loading=\"lazy\" decoding=\"async\" class=\" wp-image-6137 alignleft\" src=\"https:\/\/agora.xtec.cat\/ieslajonquera\/wp-content\/uploads\/usu2014\/2025\/05\/20250429_1047191.jpg\" alt=\"\" width=\"389\" height=\"292\" srcset=\"https:\/\/agora.xtec.cat\/ieslajonquera\/wp-content\/uploads\/usu2014\/2025\/05\/20250429_1047191.jpg 1024w, https:\/\/agora.xtec.cat\/ieslajonquera\/wp-content\/uploads\/usu2014\/2025\/05\/20250429_1047191-300x225.jpg 300w, https:\/\/agora.xtec.cat\/ieslajonquera\/wp-content\/uploads\/usu2014\/2025\/05\/20250429_1047191-768x576.jpg 768w, https:\/\/agora.xtec.cat\/ieslajonquera\/wp-content\/uploads\/usu2014\/2025\/05\/20250429_1047191-200x150.jpg 200w\" sizes=\"auto, (max-width: 389px) 100vw, 389px\" \/><\/a><a href=\"https:\/\/agora.xtec.cat\/ieslajonquera\/wp-content\/uploads\/usu2014\/2025\/05\/20250429_1036321.jpg\"><img loading=\"lazy\" decoding=\"async\" class=\" wp-image-6138 alignleft\" src=\"https:\/\/agora.xtec.cat\/ieslajonquera\/wp-content\/uploads\/usu2014\/2025\/05\/20250429_1036321.jpg\" alt=\"\" width=\"389\" height=\"292\" srcset=\"https:\/\/agora.xtec.cat\/ieslajonquera\/wp-content\/uploads\/usu2014\/2025\/05\/20250429_1036321.jpg 1024w, https:\/\/agora.xtec.cat\/ieslajonquera\/wp-content\/uploads\/usu2014\/2025\/05\/20250429_1036321-300x225.jpg 300w, https:\/\/agora.xtec.cat\/ieslajonquera\/wp-content\/uploads\/usu2014\/2025\/05\/20250429_1036321-768x576.jpg 768w, https:\/\/agora.xtec.cat\/ieslajonquera\/wp-content\/uploads\/usu2014\/2025\/05\/20250429_1036321-200x150.jpg 200w\" sizes=\"auto, (max-width: 389px) 100vw, 389px\" \/><\/a>A la quarta sessi\u00f3 del Club de Lectura, celebrada el passat dimarts 29 d&#8217;abril, els alumnes van comentar la novel\u00b7la &#8220;Sense filtres&#8221;,de M. Carme Roca, l&#8217;autora convidada a la Trobada de Clubs de Lectura de Secund\u00e0ria de l&#8217;Alt Empord\u00e0, que se celebrar\u00e0 el 30 de maig al Teatre jard\u00ed de Figueres.<\/p>\n<p style=\"text-align: justify;\">La trobada es va celebrar al parc, un dels escenaris principals de la novel\u00b7la, on els alumnes van trobar sobres amagats amb frases dels personatges principals i els van relacionar amb els seus noms.<\/p>\n","protected":false},"excerpt":{"rendered":"<p><a href=\"https:\/\/agora.xtec.cat\/ieslajonquera\/wp-content\/uploads\/usu2014\/2025\/05\/20250429_1047191.jpg\"><\/a><a href=\"https:\/\/agora.xtec.cat\/ieslajonquera\/wp-content\/uploads\/usu2014\/2025\/05\/20250429_1036321.jpg\"><\/a>A la quarta sessi\u00f3 del Club de Lectura, celebrada el passat dimarts 29 d&#8217;abril, els alumnes van comentar la novel\u00b7la &#8220;Sense filtres&#8221;,de M. Carme Roca, l&#8217;autora convidada a la Trobada de Clubs de Lectura de Secund\u00e0ria de l&#8217;Alt Empord\u00e0, que se celebrar\u00e0 el&hellip;  <a href=\"https:\/\/agora.xtec.cat\/ieslajonquera\/general\/quarta-sessio-del-club-de-lectura-4\/\" title=\"Read Quarta sessi\u00f3 del Club de Lectura\">Llegeix m\u00e9s\u00bb<\/a><\/p>\n","protected":false},"author":3,"featured_media":6137,"comment_status":"open","ping_status":"closed","sticky":false,"template":"","format":"standard","meta":{"_bbp_topic_count":0,"_bbp_reply_count":0,"_bbp_total_topic_count":0,"_bbp_total_reply_count":0,"_bbp_voice_count":0,"_bbp_anonymous_reply_count":0,"_bbp_topic_count_hidden":0,"_bbp_reply_count_hidden":0,"_bbp_forum_subforum_count":0,"footnotes":""},"categories":[140,3,1],"tags":[113,114],"class_list":["post-6136","post","type-post","status-publish","format-standard","has-post-thumbnail","hentry","category-club-de-lectura","category-eso","category-general","tag-biblioteca","tag-lectura"],"post_mailing_queue_ids":[],"_links":{"self":[{"href":"https:\/\/agora.xtec.cat\/ieslajonquera\/wp-json\/wp\/v2\/posts\/6136","targetHints":{"allow":["GET"]}}],"collection":[{"href":"https:\/\/agora.xtec.cat\/ieslajonquera\/wp-json\/wp\/v2\/posts"}],"about":[{"href":"https:\/\/agora.xtec.cat\/ieslajonquera\/wp-json\/wp\/v2\/types\/post"}],"author":[{"embeddable":true,"href":"https:\/\/agora.xtec.cat\/ieslajonquera\/wp-json\/wp\/v2\/users\/3"}],"replies":[{"embeddable":true,"href":"https:\/\/agora.xtec.cat\/ieslajonquera\/wp-json\/wp\/v2\/comments?post=6136"}],"version-history":[{"count":1,"href":"https:\/\/agora.xtec.cat\/ieslajonquera\/wp-json\/wp\/v2\/posts\/6136\/revisions"}],"predecessor-version":[{"id":6139,"href":"https:\/\/agora.xtec.cat\/ieslajonquera\/wp-json\/wp\/v2\/posts\/6136\/revisions\/6139"}],"wp:featuredmedia":[{"embeddable":true,"href":"https:\/\/agora.xtec.cat\/ieslajonquera\/wp-json\/wp\/v2\/media\/6137"}],"wp:attachment":[{"href":"https:\/\/agora.xtec.cat\/ieslajonquera\/wp-json\/wp\/v2\/media?parent=6136"}],"wp:term":[{"taxonomy":"category","embeddable":true,"href":"https:\/\/agora.xtec.cat\/ieslajonquera\/wp-json\/wp\/v2\/categories?post=6136"},{"taxonomy":"post_tag","embeddable":true,"href":"https:\/\/agora.xtec.cat\/ieslajonquera\/wp-json\/wp\/v2\/tags?post=6136"}],"curies":[{"name":"wp","href":"https:\/\/api.w.org\/{rel}","templated":true}]}}