{"id":6104,"date":"2025-04-21T12:17:20","date_gmt":"2025-04-21T10:17:20","guid":{"rendered":"https:\/\/agora.xtec.cat\/ieslajonquera\/?p=6104"},"modified":"2025-04-21T12:17:20","modified_gmt":"2025-04-21T10:17:20","slug":"participacio-en-el-concurs-doratoria-juvenil-de-lalt-emporda","status":"publish","type":"post","link":"https:\/\/agora.xtec.cat\/ieslajonquera\/general\/participacio-en-el-concurs-doratoria-juvenil-de-lalt-emporda\/","title":{"rendered":"Participaci\u00f3 en el Concurs d&#8217;Orat\u00f2ria Juvenil de l&#8217;Alt Empord\u00e0"},"content":{"rendered":"<p style=\"text-align: justify;\"><a href=\"https:\/\/agora.xtec.cat\/ieslajonquera\/wp-content\/uploads\/usu2014\/2025\/04\/Concurs-doratoria-1.jpg\"><img loading=\"lazy\" decoding=\"async\" class=\" wp-image-6105 alignleft\" src=\"https:\/\/agora.xtec.cat\/ieslajonquera\/wp-content\/uploads\/usu2014\/2025\/04\/Concurs-doratoria-1-644x1024.jpg\" alt=\"\" width=\"174\" height=\"277\" srcset=\"https:\/\/agora.xtec.cat\/ieslajonquera\/wp-content\/uploads\/usu2014\/2025\/04\/Concurs-doratoria-1-644x1024.jpg 644w, https:\/\/agora.xtec.cat\/ieslajonquera\/wp-content\/uploads\/usu2014\/2025\/04\/Concurs-doratoria-1-189x300.jpg 189w, https:\/\/agora.xtec.cat\/ieslajonquera\/wp-content\/uploads\/usu2014\/2025\/04\/Concurs-doratoria-1-768x1221.jpg 768w, https:\/\/agora.xtec.cat\/ieslajonquera\/wp-content\/uploads\/usu2014\/2025\/04\/Concurs-doratoria-1-966x1536.jpg 966w, https:\/\/agora.xtec.cat\/ieslajonquera\/wp-content\/uploads\/usu2014\/2025\/04\/Concurs-doratoria-1.jpg 1288w\" sizes=\"auto, (max-width: 174px) 100vw, 174px\" \/><\/a><a href=\"https:\/\/agora.xtec.cat\/ieslajonquera\/wp-content\/uploads\/usu2014\/2025\/04\/Concurs-doratoria-2.jpg\"><img loading=\"lazy\" decoding=\"async\" class=\" wp-image-6106 alignleft\" src=\"https:\/\/agora.xtec.cat\/ieslajonquera\/wp-content\/uploads\/usu2014\/2025\/04\/Concurs-doratoria-2-1024x472.jpg\" alt=\"\" width=\"601\" height=\"277\" srcset=\"https:\/\/agora.xtec.cat\/ieslajonquera\/wp-content\/uploads\/usu2014\/2025\/04\/Concurs-doratoria-2-1024x472.jpg 1024w, https:\/\/agora.xtec.cat\/ieslajonquera\/wp-content\/uploads\/usu2014\/2025\/04\/Concurs-doratoria-2-300x138.jpg 300w, https:\/\/agora.xtec.cat\/ieslajonquera\/wp-content\/uploads\/usu2014\/2025\/04\/Concurs-doratoria-2-768x354.jpg 768w, https:\/\/agora.xtec.cat\/ieslajonquera\/wp-content\/uploads\/usu2014\/2025\/04\/Concurs-doratoria-2-1536x709.jpg 1536w, https:\/\/agora.xtec.cat\/ieslajonquera\/wp-content\/uploads\/usu2014\/2025\/04\/Concurs-doratoria-2.jpg 2016w\" sizes=\"auto, (max-width: 601px) 100vw, 601px\" \/><\/a>L&#8217;alumne de 4t A Jad Taligui va participar, el passat dissabte 5 d&#8217;abril, en el Concurs d&#8217;Orat\u00f2ria Juvenil de l&#8217;Alt Empord\u00e0 celebrat a l&#8217;Auditori dels Caputxins de Figueres.<\/p>\n","protected":false},"excerpt":{"rendered":"<p><a href=\"https:\/\/agora.xtec.cat\/ieslajonquera\/wp-content\/uploads\/usu2014\/2025\/04\/Concurs-doratoria-1.jpg\"><\/a><a href=\"https:\/\/agora.xtec.cat\/ieslajonquera\/wp-content\/uploads\/usu2014\/2025\/04\/Concurs-doratoria-2.jpg\"><\/a>L&#8217;alumne de 4t A Jad Taligui va participar, el passat dissabte 5 d&#8217;abril, en el Concurs d&#8217;Orat\u00f2ria Juvenil de l&#8217;Alt Empord\u00e0 celebrat a l&#8217;Auditori dels Caputxins de Figueres.<\/p>\n","protected":false},"author":3,"featured_media":6106,"comment_status":"open","ping_status":"closed","sticky":false,"template":"","format":"standard","meta":{"_bbp_topic_count":0,"_bbp_reply_count":0,"_bbp_total_topic_count":0,"_bbp_total_reply_count":0,"_bbp_voice_count":0,"_bbp_anonymous_reply_count":0,"_bbp_topic_count_hidden":0,"_bbp_reply_count_hidden":0,"_bbp_forum_subforum_count":0,"footnotes":""},"categories":[7,3,1],"tags":[106,159],"class_list":["post-6104","post","type-post","status-publish","format-standard","has-post-thumbnail","hentry","category-eso-4","category-eso","category-general","tag-concurs","tag-oratoria"],"post_mailing_queue_ids":[],"_links":{"self":[{"href":"https:\/\/agora.xtec.cat\/ieslajonquera\/wp-json\/wp\/v2\/posts\/6104","targetHints":{"allow":["GET"]}}],"collection":[{"href":"https:\/\/agora.xtec.cat\/ieslajonquera\/wp-json\/wp\/v2\/posts"}],"about":[{"href":"https:\/\/agora.xtec.cat\/ieslajonquera\/wp-json\/wp\/v2\/types\/post"}],"author":[{"embeddable":true,"href":"https:\/\/agora.xtec.cat\/ieslajonquera\/wp-json\/wp\/v2\/users\/3"}],"replies":[{"embeddable":true,"href":"https:\/\/agora.xtec.cat\/ieslajonquera\/wp-json\/wp\/v2\/comments?post=6104"}],"version-history":[{"count":1,"href":"https:\/\/agora.xtec.cat\/ieslajonquera\/wp-json\/wp\/v2\/posts\/6104\/revisions"}],"predecessor-version":[{"id":6107,"href":"https:\/\/agora.xtec.cat\/ieslajonquera\/wp-json\/wp\/v2\/posts\/6104\/revisions\/6107"}],"wp:featuredmedia":[{"embeddable":true,"href":"https:\/\/agora.xtec.cat\/ieslajonquera\/wp-json\/wp\/v2\/media\/6106"}],"wp:attachment":[{"href":"https:\/\/agora.xtec.cat\/ieslajonquera\/wp-json\/wp\/v2\/media?parent=6104"}],"wp:term":[{"taxonomy":"category","embeddable":true,"href":"https:\/\/agora.xtec.cat\/ieslajonquera\/wp-json\/wp\/v2\/categories?post=6104"},{"taxonomy":"post_tag","embeddable":true,"href":"https:\/\/agora.xtec.cat\/ieslajonquera\/wp-json\/wp\/v2\/tags?post=6104"}],"curies":[{"name":"wp","href":"https:\/\/api.w.org\/{rel}","templated":true}]}}