{"id":6084,"date":"2025-04-06T18:56:46","date_gmt":"2025-04-06T16:56:46","guid":{"rendered":"https:\/\/agora.xtec.cat\/ieslajonquera\/?p=6084"},"modified":"2025-04-21T12:08:41","modified_gmt":"2025-04-21T10:08:41","slug":"alumnat-professorat-i-pas-no-us-la-perdeu","status":"publish","type":"post","link":"https:\/\/agora.xtec.cat\/ieslajonquera\/general\/alumnat-professorat-i-pas-no-us-la-perdeu\/","title":{"rendered":"Final de finals: el partit i l&#8217;equip guanyador"},"content":{"rendered":"<p style=\"text-align: justify;\"><a href=\"https:\/\/agora.xtec.cat\/ieslajonquera\/wp-content\/uploads\/usu2014\/2025\/04\/CARTELL-FINAL-DE-FINALS.jpg\"><img loading=\"lazy\" decoding=\"async\" class=\"wp-image-6085 alignleft\" src=\"https:\/\/agora.xtec.cat\/ieslajonquera\/wp-content\/uploads\/usu2014\/2025\/04\/CARTELL-FINAL-DE-FINALS-1024x724.jpg\" alt=\"\" width=\"239\" height=\"169\" srcset=\"https:\/\/agora.xtec.cat\/ieslajonquera\/wp-content\/uploads\/usu2014\/2025\/04\/CARTELL-FINAL-DE-FINALS-1024x724.jpg 1024w, https:\/\/agora.xtec.cat\/ieslajonquera\/wp-content\/uploads\/usu2014\/2025\/04\/CARTELL-FINAL-DE-FINALS-300x212.jpg 300w, https:\/\/agora.xtec.cat\/ieslajonquera\/wp-content\/uploads\/usu2014\/2025\/04\/CARTELL-FINAL-DE-FINALS-768x543.jpg 768w, https:\/\/agora.xtec.cat\/ieslajonquera\/wp-content\/uploads\/usu2014\/2025\/04\/CARTELL-FINAL-DE-FINALS-1536x1086.jpg 1536w, https:\/\/agora.xtec.cat\/ieslajonquera\/wp-content\/uploads\/usu2014\/2025\/04\/CARTELL-FINAL-DE-FINALS.jpg 2000w\" sizes=\"auto, (max-width: 239px) 100vw, 239px\" \/><\/a><a href=\"https:\/\/agora.xtec.cat\/ieslajonquera\/wp-content\/uploads\/usu2014\/2025\/04\/IMG-20250407-WA0013.jpg\"><img loading=\"lazy\" decoding=\"async\" class=\" wp-image-6101 alignleft\" src=\"https:\/\/agora.xtec.cat\/ieslajonquera\/wp-content\/uploads\/usu2014\/2025\/04\/IMG-20250407-WA0013-1024x768.jpg\" alt=\"\" width=\"227\" height=\"170\" srcset=\"https:\/\/agora.xtec.cat\/ieslajonquera\/wp-content\/uploads\/usu2014\/2025\/04\/IMG-20250407-WA0013-1024x768.jpg 1024w, https:\/\/agora.xtec.cat\/ieslajonquera\/wp-content\/uploads\/usu2014\/2025\/04\/IMG-20250407-WA0013-300x225.jpg 300w, https:\/\/agora.xtec.cat\/ieslajonquera\/wp-content\/uploads\/usu2014\/2025\/04\/IMG-20250407-WA0013-768x576.jpg 768w, https:\/\/agora.xtec.cat\/ieslajonquera\/wp-content\/uploads\/usu2014\/2025\/04\/IMG-20250407-WA0013-1536x1152.jpg 1536w, https:\/\/agora.xtec.cat\/ieslajonquera\/wp-content\/uploads\/usu2014\/2025\/04\/IMG-20250407-WA0013-200x150.jpg 200w, https:\/\/agora.xtec.cat\/ieslajonquera\/wp-content\/uploads\/usu2014\/2025\/04\/IMG-20250407-WA0013.jpg 2048w\" sizes=\"auto, (max-width: 227px) 100vw, 227px\" \/><\/a><a href=\"https:\/\/agora.xtec.cat\/ieslajonquera\/wp-content\/uploads\/usu2014\/2025\/04\/IMG-20250407-WA0008.jpg\"><img loading=\"lazy\" decoding=\"async\" class=\" wp-image-6102 alignleft\" src=\"https:\/\/agora.xtec.cat\/ieslajonquera\/wp-content\/uploads\/usu2014\/2025\/04\/IMG-20250407-WA0008-1024x768.jpg\" alt=\"\" width=\"228\" height=\"171\" srcset=\"https:\/\/agora.xtec.cat\/ieslajonquera\/wp-content\/uploads\/usu2014\/2025\/04\/IMG-20250407-WA0008-1024x768.jpg 1024w, https:\/\/agora.xtec.cat\/ieslajonquera\/wp-content\/uploads\/usu2014\/2025\/04\/IMG-20250407-WA0008-300x225.jpg 300w, https:\/\/agora.xtec.cat\/ieslajonquera\/wp-content\/uploads\/usu2014\/2025\/04\/IMG-20250407-WA0008-768x576.jpg 768w, https:\/\/agora.xtec.cat\/ieslajonquera\/wp-content\/uploads\/usu2014\/2025\/04\/IMG-20250407-WA0008-1536x1152.jpg 1536w, https:\/\/agora.xtec.cat\/ieslajonquera\/wp-content\/uploads\/usu2014\/2025\/04\/IMG-20250407-WA0008-200x150.jpg 200w, https:\/\/agora.xtec.cat\/ieslajonquera\/wp-content\/uploads\/usu2014\/2025\/04\/IMG-20250407-WA0008.jpg 1600w\" sizes=\"auto, (max-width: 228px) 100vw, 228px\" \/><\/a>El passat 7 d&#8217;abril \u00e9s va disputar, al pati de l&#8217;institut, la gran final de finals entre els Fang United, l&#8217;equip d&#8217;alumnat que va guanyar el torneig, i el Profes FC, l&#8217;equip de professorat format per a l&#8217;ocasi\u00f3.<\/p>\n<p style=\"text-align: justify;\">Totes els membres de la comunitat educativa (l&#8217;alumnat, professorat i PAS) van poder veure el partit i animar el seu equip preferit, i el resultat va ser un merescut empat 2-2, ja que tots dos equips i van fer molt i molt b\u00e9.<\/p>\n<p style=\"text-align: justify;\">El Fang United est\u00e0 format pels seg\u00fcents alumnes: Ishaq Bouainine (1r A), Sami Erkiouak (1r B), \u00c1lex Hern\u00e1ndez (1r C), Gabriel Est\u00e9vez (1r C), Ahmed Kari (2n B),\u00a0 Eduard Pou (2n C), Suhaib Hamdouni (3r B), Ainoa L\u00f3pez (3r B), Samuel Ch\u00e1vez (4t C), Miguel \u00c1ngel Su\u00e1rez (4t A) i Adri\u00e0 Ledesma (2n Bat).<\/p>\n<p style=\"text-align: justify;\">L&#8217;equipaci\u00f3 del Profes FC va ser possible gr\u00e0cies a Escorso Shopping.<\/p>\n<p style=\"text-align: justify;\">Podeu veure m\u00e9s fotos del partit en aquest <a href=\"https:\/\/drive.google.com\/drive\/folders\/1HcNVWG6S-E5O8kejIF2YUb8JOM3dZYmR?usp=sharing\">enlla\u00e7<\/a>.<\/p>\n","protected":false},"excerpt":{"rendered":"<p><a href=\"https:\/\/agora.xtec.cat\/ieslajonquera\/wp-content\/uploads\/usu2014\/2025\/04\/CARTELL-FINAL-DE-FINALS.jpg\"><\/a><a href=\"https:\/\/agora.xtec.cat\/ieslajonquera\/wp-content\/uploads\/usu2014\/2025\/04\/IMG-20250407-WA0013.jpg\"><\/a><a href=\"https:\/\/agora.xtec.cat\/ieslajonquera\/wp-content\/uploads\/usu2014\/2025\/04\/IMG-20250407-WA0008.jpg\"><\/a>El passat 7 d&#8217;abril \u00e9s va disputar, al pati de l&#8217;institut, la gran final de finals entre els Fang United, l&#8217;equip d&#8217;alumnat que va guanyar el torneig, i el Profes FC, l&#8217;equip de professorat format per a l&#8217;ocasi\u00f3.<br \/>\nTotes els membres de la&hellip;  <a href=\"https:\/\/agora.xtec.cat\/ieslajonquera\/general\/alumnat-professorat-i-pas-no-us-la-perdeu\/\" title=\"Read Final de finals: el partit i l&#8217;equip guanyador\">Llegeix m\u00e9s\u00bb<\/a><\/p>\n","protected":false},"author":3,"featured_media":6102,"comment_status":"open","ping_status":"closed","sticky":false,"template":"","format":"standard","meta":{"_bbp_topic_count":0,"_bbp_reply_count":0,"_bbp_total_topic_count":0,"_bbp_total_reply_count":0,"_bbp_voice_count":0,"_bbp_anonymous_reply_count":0,"_bbp_topic_count_hidden":0,"_bbp_reply_count_hidden":0,"_bbp_forum_subforum_count":0,"footnotes":""},"categories":[1],"tags":[120,111],"class_list":["post-6084","post","type-post","status-publish","format-standard","has-post-thumbnail","hentry","category-general","tag-convivencia","tag-esport"],"post_mailing_queue_ids":[],"_links":{"self":[{"href":"https:\/\/agora.xtec.cat\/ieslajonquera\/wp-json\/wp\/v2\/posts\/6084","targetHints":{"allow":["GET"]}}],"collection":[{"href":"https:\/\/agora.xtec.cat\/ieslajonquera\/wp-json\/wp\/v2\/posts"}],"about":[{"href":"https:\/\/agora.xtec.cat\/ieslajonquera\/wp-json\/wp\/v2\/types\/post"}],"author":[{"embeddable":true,"href":"https:\/\/agora.xtec.cat\/ieslajonquera\/wp-json\/wp\/v2\/users\/3"}],"replies":[{"embeddable":true,"href":"https:\/\/agora.xtec.cat\/ieslajonquera\/wp-json\/wp\/v2\/comments?post=6084"}],"version-history":[{"count":3,"href":"https:\/\/agora.xtec.cat\/ieslajonquera\/wp-json\/wp\/v2\/posts\/6084\/revisions"}],"predecessor-version":[{"id":6103,"href":"https:\/\/agora.xtec.cat\/ieslajonquera\/wp-json\/wp\/v2\/posts\/6084\/revisions\/6103"}],"wp:featuredmedia":[{"embeddable":true,"href":"https:\/\/agora.xtec.cat\/ieslajonquera\/wp-json\/wp\/v2\/media\/6102"}],"wp:attachment":[{"href":"https:\/\/agora.xtec.cat\/ieslajonquera\/wp-json\/wp\/v2\/media?parent=6084"}],"wp:term":[{"taxonomy":"category","embeddable":true,"href":"https:\/\/agora.xtec.cat\/ieslajonquera\/wp-json\/wp\/v2\/categories?post=6084"},{"taxonomy":"post_tag","embeddable":true,"href":"https:\/\/agora.xtec.cat\/ieslajonquera\/wp-json\/wp\/v2\/tags?post=6084"}],"curies":[{"name":"wp","href":"https:\/\/api.w.org\/{rel}","templated":true}]}}