{"id":6077,"date":"2025-04-06T18:42:40","date_gmt":"2025-04-06T16:42:40","guid":{"rendered":"https:\/\/agora.xtec.cat\/ieslajonquera\/?p=6077"},"modified":"2025-04-06T18:42:40","modified_gmt":"2025-04-06T16:42:40","slug":"el-concurs-problemes-physicat-arriba-a-linstitut","status":"publish","type":"post","link":"https:\/\/agora.xtec.cat\/ieslajonquera\/general\/el-concurs-problemes-physicat-arriba-a-linstitut\/","title":{"rendered":"El concurs Problemes Physicat arriba a l&#8217;institut!"},"content":{"rendered":"<p style=\"text-align: justify;\">Els alumnes de 4t d&#8217;ESO l&#8217;optativa F\u00edsica i Qu\u00edmica han participat en el concurs Problemes Physicat. Es tracta d&#8217;un concurs de problemes de f\u00edsica per a secund\u00e0ria on els participants hen de resoldre telem\u00e0ticament exercicis en equips de fins a quatre membres. Tenen una hora per demostrar els seus coneixements i treballar conjuntament.<\/p>\n<p style=\"text-align: justify;\">Ara toca esperar els resultats&#8230; Molta sort a tots!<\/p>\n<p><a href=\"https:\/\/agora.xtec.cat\/ieslajonquera\/wp-content\/uploads\/usu2014\/2025\/04\/IMG-20250402-WA0010.jpg\"><img loading=\"lazy\" decoding=\"async\" class=\" wp-image-6082 alignleft\" src=\"https:\/\/agora.xtec.cat\/ieslajonquera\/wp-content\/uploads\/usu2014\/2025\/04\/IMG-20250402-WA0010-1024x768.jpg\" alt=\"\" width=\"228\" height=\"171\" srcset=\"https:\/\/agora.xtec.cat\/ieslajonquera\/wp-content\/uploads\/usu2014\/2025\/04\/IMG-20250402-WA0010-1024x768.jpg 1024w, https:\/\/agora.xtec.cat\/ieslajonquera\/wp-content\/uploads\/usu2014\/2025\/04\/IMG-20250402-WA0010-300x225.jpg 300w, https:\/\/agora.xtec.cat\/ieslajonquera\/wp-content\/uploads\/usu2014\/2025\/04\/IMG-20250402-WA0010-768x576.jpg 768w, https:\/\/agora.xtec.cat\/ieslajonquera\/wp-content\/uploads\/usu2014\/2025\/04\/IMG-20250402-WA0010-1536x1152.jpg 1536w, https:\/\/agora.xtec.cat\/ieslajonquera\/wp-content\/uploads\/usu2014\/2025\/04\/IMG-20250402-WA0010-200x150.jpg 200w, https:\/\/agora.xtec.cat\/ieslajonquera\/wp-content\/uploads\/usu2014\/2025\/04\/IMG-20250402-WA0010.jpg 2040w\" sizes=\"auto, (max-width: 228px) 100vw, 228px\" \/><\/a><a href=\"https:\/\/agora.xtec.cat\/ieslajonquera\/wp-content\/uploads\/usu2014\/2025\/04\/IMG-20250402-WA0009.jpg\"><img loading=\"lazy\" decoding=\"async\" class=\" wp-image-6081 alignleft\" src=\"https:\/\/agora.xtec.cat\/ieslajonquera\/wp-content\/uploads\/usu2014\/2025\/04\/IMG-20250402-WA0009-1024x768.jpg\" alt=\"\" width=\"227\" height=\"170\" srcset=\"https:\/\/agora.xtec.cat\/ieslajonquera\/wp-content\/uploads\/usu2014\/2025\/04\/IMG-20250402-WA0009-1024x768.jpg 1024w, https:\/\/agora.xtec.cat\/ieslajonquera\/wp-content\/uploads\/usu2014\/2025\/04\/IMG-20250402-WA0009-300x225.jpg 300w, https:\/\/agora.xtec.cat\/ieslajonquera\/wp-content\/uploads\/usu2014\/2025\/04\/IMG-20250402-WA0009-768x576.jpg 768w, https:\/\/agora.xtec.cat\/ieslajonquera\/wp-content\/uploads\/usu2014\/2025\/04\/IMG-20250402-WA0009-1536x1152.jpg 1536w, https:\/\/agora.xtec.cat\/ieslajonquera\/wp-content\/uploads\/usu2014\/2025\/04\/IMG-20250402-WA0009-200x150.jpg 200w, https:\/\/agora.xtec.cat\/ieslajonquera\/wp-content\/uploads\/usu2014\/2025\/04\/IMG-20250402-WA0009.jpg 2040w\" sizes=\"auto, (max-width: 227px) 100vw, 227px\" \/><\/a><a href=\"https:\/\/agora.xtec.cat\/ieslajonquera\/wp-content\/uploads\/usu2014\/2025\/04\/IMG-20250402-WA0008.jpg\"><img loading=\"lazy\" decoding=\"async\" class=\"wp-image-6080 alignleft\" src=\"https:\/\/agora.xtec.cat\/ieslajonquera\/wp-content\/uploads\/usu2014\/2025\/04\/IMG-20250402-WA0008-1024x768.jpg\" alt=\"\" width=\"227\" height=\"171\" srcset=\"https:\/\/agora.xtec.cat\/ieslajonquera\/wp-content\/uploads\/usu2014\/2025\/04\/IMG-20250402-WA0008-1024x768.jpg 1024w, https:\/\/agora.xtec.cat\/ieslajonquera\/wp-content\/uploads\/usu2014\/2025\/04\/IMG-20250402-WA0008-300x225.jpg 300w, https:\/\/agora.xtec.cat\/ieslajonquera\/wp-content\/uploads\/usu2014\/2025\/04\/IMG-20250402-WA0008-768x576.jpg 768w, https:\/\/agora.xtec.cat\/ieslajonquera\/wp-content\/uploads\/usu2014\/2025\/04\/IMG-20250402-WA0008-1536x1152.jpg 1536w, https:\/\/agora.xtec.cat\/ieslajonquera\/wp-content\/uploads\/usu2014\/2025\/04\/IMG-20250402-WA0008-200x150.jpg 200w, https:\/\/agora.xtec.cat\/ieslajonquera\/wp-content\/uploads\/usu2014\/2025\/04\/IMG-20250402-WA0008.jpg 2040w\" sizes=\"auto, (max-width: 227px) 100vw, 227px\" \/><\/a><a href=\"https:\/\/agora.xtec.cat\/ieslajonquera\/wp-content\/uploads\/usu2014\/2025\/04\/IMG-20250402-WA0006.jpg\"><img loading=\"lazy\" decoding=\"async\" class=\" wp-image-6079 alignleft\" src=\"https:\/\/agora.xtec.cat\/ieslajonquera\/wp-content\/uploads\/usu2014\/2025\/04\/IMG-20250402-WA0006-1024x768.jpg\" alt=\"\" width=\"225\" height=\"169\" srcset=\"https:\/\/agora.xtec.cat\/ieslajonquera\/wp-content\/uploads\/usu2014\/2025\/04\/IMG-20250402-WA0006-1024x768.jpg 1024w, https:\/\/agora.xtec.cat\/ieslajonquera\/wp-content\/uploads\/usu2014\/2025\/04\/IMG-20250402-WA0006-300x225.jpg 300w, https:\/\/agora.xtec.cat\/ieslajonquera\/wp-content\/uploads\/usu2014\/2025\/04\/IMG-20250402-WA0006-768x576.jpg 768w, https:\/\/agora.xtec.cat\/ieslajonquera\/wp-content\/uploads\/usu2014\/2025\/04\/IMG-20250402-WA0006-1536x1152.jpg 1536w, https:\/\/agora.xtec.cat\/ieslajonquera\/wp-content\/uploads\/usu2014\/2025\/04\/IMG-20250402-WA0006-200x150.jpg 200w, https:\/\/agora.xtec.cat\/ieslajonquera\/wp-content\/uploads\/usu2014\/2025\/04\/IMG-20250402-WA0006.jpg 2040w\" sizes=\"auto, (max-width: 225px) 100vw, 225px\" \/><\/a><a href=\"https:\/\/agora.xtec.cat\/ieslajonquera\/wp-content\/uploads\/usu2014\/2025\/04\/IMG-20250402-WA0005.jpg\"><img loading=\"lazy\" decoding=\"async\" class=\" wp-image-6078 alignleft\" src=\"https:\/\/agora.xtec.cat\/ieslajonquera\/wp-content\/uploads\/usu2014\/2025\/04\/IMG-20250402-WA0005-1024x768.jpg\" alt=\"\" width=\"226\" height=\"169\" srcset=\"https:\/\/agora.xtec.cat\/ieslajonquera\/wp-content\/uploads\/usu2014\/2025\/04\/IMG-20250402-WA0005-1024x768.jpg 1024w, https:\/\/agora.xtec.cat\/ieslajonquera\/wp-content\/uploads\/usu2014\/2025\/04\/IMG-20250402-WA0005-300x225.jpg 300w, https:\/\/agora.xtec.cat\/ieslajonquera\/wp-content\/uploads\/usu2014\/2025\/04\/IMG-20250402-WA0005-768x576.jpg 768w, https:\/\/agora.xtec.cat\/ieslajonquera\/wp-content\/uploads\/usu2014\/2025\/04\/IMG-20250402-WA0005-1536x1152.jpg 1536w, https:\/\/agora.xtec.cat\/ieslajonquera\/wp-content\/uploads\/usu2014\/2025\/04\/IMG-20250402-WA0005-200x150.jpg 200w, https:\/\/agora.xtec.cat\/ieslajonquera\/wp-content\/uploads\/usu2014\/2025\/04\/IMG-20250402-WA0005.jpg 2040w\" sizes=\"auto, (max-width: 226px) 100vw, 226px\" \/><\/a><\/p>\n","protected":false},"excerpt":{"rendered":"<p>Els alumnes de 4t d&#8217;ESO l&#8217;optativa F\u00edsica i Qu\u00edmica han participat en el concurs Problemes Physicat. Es tracta d&#8217;un concurs de problemes de f\u00edsica per a secund\u00e0ria on els participants hen de resoldre telem\u00e0ticament exercicis en equips de fins a quatre membres. Tenen una hora&hellip;  <a href=\"https:\/\/agora.xtec.cat\/ieslajonquera\/general\/el-concurs-problemes-physicat-arriba-a-linstitut\/\" title=\"Read El concurs Problemes Physicat arriba a l&#8217;institut!\">Llegeix m\u00e9s\u00bb<\/a><\/p>\n","protected":false},"author":3,"featured_media":6078,"comment_status":"open","ping_status":"closed","sticky":false,"template":"","format":"standard","meta":{"_bbp_topic_count":0,"_bbp_reply_count":0,"_bbp_total_topic_count":0,"_bbp_total_reply_count":0,"_bbp_voice_count":0,"_bbp_anonymous_reply_count":0,"_bbp_topic_count_hidden":0,"_bbp_reply_count_hidden":0,"_bbp_forum_subforum_count":0,"footnotes":""},"categories":[7,3,1],"tags":[106,181],"class_list":["post-6077","post","type-post","status-publish","format-standard","has-post-thumbnail","hentry","category-eso-4","category-eso","category-general","tag-concurs","tag-fisica"],"post_mailing_queue_ids":[],"_links":{"self":[{"href":"https:\/\/agora.xtec.cat\/ieslajonquera\/wp-json\/wp\/v2\/posts\/6077","targetHints":{"allow":["GET"]}}],"collection":[{"href":"https:\/\/agora.xtec.cat\/ieslajonquera\/wp-json\/wp\/v2\/posts"}],"about":[{"href":"https:\/\/agora.xtec.cat\/ieslajonquera\/wp-json\/wp\/v2\/types\/post"}],"author":[{"embeddable":true,"href":"https:\/\/agora.xtec.cat\/ieslajonquera\/wp-json\/wp\/v2\/users\/3"}],"replies":[{"embeddable":true,"href":"https:\/\/agora.xtec.cat\/ieslajonquera\/wp-json\/wp\/v2\/comments?post=6077"}],"version-history":[{"count":1,"href":"https:\/\/agora.xtec.cat\/ieslajonquera\/wp-json\/wp\/v2\/posts\/6077\/revisions"}],"predecessor-version":[{"id":6083,"href":"https:\/\/agora.xtec.cat\/ieslajonquera\/wp-json\/wp\/v2\/posts\/6077\/revisions\/6083"}],"wp:featuredmedia":[{"embeddable":true,"href":"https:\/\/agora.xtec.cat\/ieslajonquera\/wp-json\/wp\/v2\/media\/6078"}],"wp:attachment":[{"href":"https:\/\/agora.xtec.cat\/ieslajonquera\/wp-json\/wp\/v2\/media?parent=6077"}],"wp:term":[{"taxonomy":"category","embeddable":true,"href":"https:\/\/agora.xtec.cat\/ieslajonquera\/wp-json\/wp\/v2\/categories?post=6077"},{"taxonomy":"post_tag","embeddable":true,"href":"https:\/\/agora.xtec.cat\/ieslajonquera\/wp-json\/wp\/v2\/tags?post=6077"}],"curies":[{"name":"wp","href":"https:\/\/api.w.org\/{rel}","templated":true}]}}