{"id":6072,"date":"2025-04-06T18:29:44","date_gmt":"2025-04-06T16:29:44","guid":{"rendered":"https:\/\/agora.xtec.cat\/ieslajonquera\/?p=6072"},"modified":"2025-04-09T16:54:37","modified_gmt":"2025-04-09T14:54:37","slug":"participacio-en-la-xii-trobada-dalumnes-de-llati-de-4t-deso","status":"publish","type":"post","link":"https:\/\/agora.xtec.cat\/ieslajonquera\/general\/participacio-en-la-xii-trobada-dalumnes-de-llati-de-4t-deso\/","title":{"rendered":"Participaci\u00f3 en la XII Trobada d&#8217;alumnes de Llat\u00ed de 4t d&#8217;ESO"},"content":{"rendered":"<p style=\"text-align: justify;\"><a href=\"https:\/\/agora.xtec.cat\/ieslajonquera\/wp-content\/uploads\/usu2014\/2025\/04\/4t-dESO_Sortida-Llati-1.jpg\"><img loading=\"lazy\" decoding=\"async\" class=\" wp-image-6073 alignleft\" src=\"https:\/\/agora.xtec.cat\/ieslajonquera\/wp-content\/uploads\/usu2014\/2025\/04\/4t-dESO_Sortida-Llati-1-768x1024.jpg\" alt=\"\" width=\"289\" height=\"385\" srcset=\"https:\/\/agora.xtec.cat\/ieslajonquera\/wp-content\/uploads\/usu2014\/2025\/04\/4t-dESO_Sortida-Llati-1-768x1024.jpg 768w, https:\/\/agora.xtec.cat\/ieslajonquera\/wp-content\/uploads\/usu2014\/2025\/04\/4t-dESO_Sortida-Llati-1-225x300.jpg 225w, https:\/\/agora.xtec.cat\/ieslajonquera\/wp-content\/uploads\/usu2014\/2025\/04\/4t-dESO_Sortida-Llati-1-1152x1536.jpg 1152w, https:\/\/agora.xtec.cat\/ieslajonquera\/wp-content\/uploads\/usu2014\/2025\/04\/4t-dESO_Sortida-Llati-1.jpg 1536w\" sizes=\"auto, (max-width: 289px) 100vw, 289px\" \/><\/a><a href=\"https:\/\/agora.xtec.cat\/ieslajonquera\/wp-content\/uploads\/usu2014\/2025\/04\/4t-dESO_Sortida-Llati-2.jpg\"><img loading=\"lazy\" decoding=\"async\" class=\" wp-image-6074 alignleft\" src=\"https:\/\/agora.xtec.cat\/ieslajonquera\/wp-content\/uploads\/usu2014\/2025\/04\/4t-dESO_Sortida-Llati-2-842x1024.jpg\" alt=\"\" width=\"317\" height=\"385\" srcset=\"https:\/\/agora.xtec.cat\/ieslajonquera\/wp-content\/uploads\/usu2014\/2025\/04\/4t-dESO_Sortida-Llati-2-842x1024.jpg 842w, https:\/\/agora.xtec.cat\/ieslajonquera\/wp-content\/uploads\/usu2014\/2025\/04\/4t-dESO_Sortida-Llati-2-247x300.jpg 247w, https:\/\/agora.xtec.cat\/ieslajonquera\/wp-content\/uploads\/usu2014\/2025\/04\/4t-dESO_Sortida-Llati-2-768x934.jpg 768w, https:\/\/agora.xtec.cat\/ieslajonquera\/wp-content\/uploads\/usu2014\/2025\/04\/4t-dESO_Sortida-Llati-2-1263x1536.jpg 1263w, https:\/\/agora.xtec.cat\/ieslajonquera\/wp-content\/uploads\/usu2014\/2025\/04\/4t-dESO_Sortida-Llati-2.jpg 1684w\" sizes=\"auto, (max-width: 317px) 100vw, 317px\" \/><\/a>El passat dimarts 1 d&#8217;abril, l&#8217;alumnat de la mat\u00e8ria optativa Llat\u00ed del nostre centre va participar en la XII Trobada d&#8217;alumnes de Llat\u00ed de 4t d&#8217;ESO, celebrada a Girona i organitzada per l&#8217;ICE Dolors Condom de la Universitat de Girona.<\/p>\n<p style=\"text-align: justify;\">Al llarg del mat\u00ed, van poder con\u00e8ixer la Gerunda romana mitjan\u00e7ant una gimcana i van assistir a una representaci\u00f3 teatral sobre mites romans a c\u00e0rrec de la companyia de teatre El Galliner.<\/p>\n","protected":false},"excerpt":{"rendered":"<p><a href=\"https:\/\/agora.xtec.cat\/ieslajonquera\/wp-content\/uploads\/usu2014\/2025\/04\/4t-dESO_Sortida-Llati-1.jpg\"><\/a><a href=\"https:\/\/agora.xtec.cat\/ieslajonquera\/wp-content\/uploads\/usu2014\/2025\/04\/4t-dESO_Sortida-Llati-2.jpg\"><\/a>El passat dimarts 1 d&#8217;abril, l&#8217;alumnat de la mat\u00e8ria optativa Llat\u00ed del nostre centre va participar en la XII Trobada d&#8217;alumnes de Llat\u00ed de 4t d&#8217;ESO, celebrada a Girona i organitzada per l&#8217;ICE Dolors Condom de la Universitat de Girona.<br \/>\nAl llarg del mat\u00ed,&hellip;  <a href=\"https:\/\/agora.xtec.cat\/ieslajonquera\/general\/participacio-en-la-xii-trobada-dalumnes-de-llati-de-4t-deso\/\" title=\"Read Participaci\u00f3 en la XII Trobada d&#8217;alumnes de Llat\u00ed de 4t d&#8217;ESO\">Llegeix m\u00e9s\u00bb<\/a><\/p>\n","protected":false},"author":3,"featured_media":6073,"comment_status":"open","ping_status":"closed","sticky":false,"template":"","format":"standard","meta":{"_bbp_topic_count":0,"_bbp_reply_count":0,"_bbp_total_topic_count":0,"_bbp_total_reply_count":0,"_bbp_voice_count":0,"_bbp_anonymous_reply_count":0,"_bbp_topic_count_hidden":0,"_bbp_reply_count_hidden":0,"_bbp_forum_subforum_count":0,"footnotes":""},"categories":[7,3,1],"tags":[168,39],"class_list":["post-6072","post","type-post","status-publish","format-standard","has-post-thumbnail","hentry","category-eso-4","category-eso","category-general","tag-llati","tag-sortides"],"post_mailing_queue_ids":[],"_links":{"self":[{"href":"https:\/\/agora.xtec.cat\/ieslajonquera\/wp-json\/wp\/v2\/posts\/6072","targetHints":{"allow":["GET"]}}],"collection":[{"href":"https:\/\/agora.xtec.cat\/ieslajonquera\/wp-json\/wp\/v2\/posts"}],"about":[{"href":"https:\/\/agora.xtec.cat\/ieslajonquera\/wp-json\/wp\/v2\/types\/post"}],"author":[{"embeddable":true,"href":"https:\/\/agora.xtec.cat\/ieslajonquera\/wp-json\/wp\/v2\/users\/3"}],"replies":[{"embeddable":true,"href":"https:\/\/agora.xtec.cat\/ieslajonquera\/wp-json\/wp\/v2\/comments?post=6072"}],"version-history":[{"count":2,"href":"https:\/\/agora.xtec.cat\/ieslajonquera\/wp-json\/wp\/v2\/posts\/6072\/revisions"}],"predecessor-version":[{"id":6090,"href":"https:\/\/agora.xtec.cat\/ieslajonquera\/wp-json\/wp\/v2\/posts\/6072\/revisions\/6090"}],"wp:featuredmedia":[{"embeddable":true,"href":"https:\/\/agora.xtec.cat\/ieslajonquera\/wp-json\/wp\/v2\/media\/6073"}],"wp:attachment":[{"href":"https:\/\/agora.xtec.cat\/ieslajonquera\/wp-json\/wp\/v2\/media?parent=6072"}],"wp:term":[{"taxonomy":"category","embeddable":true,"href":"https:\/\/agora.xtec.cat\/ieslajonquera\/wp-json\/wp\/v2\/categories?post=6072"},{"taxonomy":"post_tag","embeddable":true,"href":"https:\/\/agora.xtec.cat\/ieslajonquera\/wp-json\/wp\/v2\/tags?post=6072"}],"curies":[{"name":"wp","href":"https:\/\/api.w.org\/{rel}","templated":true}]}}