{"id":6058,"date":"2025-03-30T19:48:41","date_gmt":"2025-03-30T17:48:41","guid":{"rendered":"https:\/\/agora.xtec.cat\/ieslajonquera\/?p=6058"},"modified":"2025-03-30T19:48:41","modified_gmt":"2025-03-30T17:48:41","slug":"participacio-en-el-certamen-de-lectura-en-veu-alta-2","status":"publish","type":"post","link":"https:\/\/agora.xtec.cat\/ieslajonquera\/general\/participacio-en-el-certamen-de-lectura-en-veu-alta-2\/","title":{"rendered":"Participaci\u00f3 en el Certamen de Lectura en veu Alta"},"content":{"rendered":"<p style=\"text-align: justify;\"><a href=\"https:\/\/agora.xtec.cat\/ieslajonquera\/wp-content\/uploads\/usu2014\/2025\/03\/1r-dESO_Certamen-Lectura-2-1-rotated.jpg\"><img loading=\"lazy\" decoding=\"async\" class=\"wp-image-6059 alignleft\" src=\"https:\/\/agora.xtec.cat\/ieslajonquera\/wp-content\/uploads\/usu2014\/2025\/03\/1r-dESO_Certamen-Lectura-2-1-rotated.jpg\" alt=\"\" width=\"326\" height=\"435\" srcset=\"https:\/\/agora.xtec.cat\/ieslajonquera\/wp-content\/uploads\/usu2014\/2025\/03\/1r-dESO_Certamen-Lectura-2-1-rotated.jpg 768w, https:\/\/agora.xtec.cat\/ieslajonquera\/wp-content\/uploads\/usu2014\/2025\/03\/1r-dESO_Certamen-Lectura-2-1-225x300.jpg 225w\" sizes=\"auto, (max-width: 326px) 100vw, 326px\" \/><\/a><a href=\"https:\/\/agora.xtec.cat\/ieslajonquera\/wp-content\/uploads\/usu2014\/2025\/03\/1r-dESO_Certamen-Lectura-1-1-rotated.jpg\"><img loading=\"lazy\" decoding=\"async\" class=\" wp-image-6060 alignleft\" src=\"https:\/\/agora.xtec.cat\/ieslajonquera\/wp-content\/uploads\/usu2014\/2025\/03\/1r-dESO_Certamen-Lectura-1-1-rotated.jpg\" alt=\"\" width=\"327\" height=\"436\" srcset=\"https:\/\/agora.xtec.cat\/ieslajonquera\/wp-content\/uploads\/usu2014\/2025\/03\/1r-dESO_Certamen-Lectura-1-1-rotated.jpg 768w, https:\/\/agora.xtec.cat\/ieslajonquera\/wp-content\/uploads\/usu2014\/2025\/03\/1r-dESO_Certamen-Lectura-1-1-225x300.jpg 225w\" sizes=\"auto, (max-width: 327px) 100vw, 327px\" \/><\/a>Els alumnes de 1r d&#8217;ESO Joan V\u00e1zquez i Samuel Torres van participar, el passat 25 de mar\u00e7, en el Certamen de Lectura en Veu Alta que es va celebrar al llarg de tot el mat\u00ed a l&#8217;Auditori dels Caputxins de Figueres. En Joan va concursar a la categoria Corsaris, de 1r i 2n d&#8217;ESO, i va haver de llegir un fragment de la novel\u00b7la de Gerard Guix <em>Un far a la fi del m\u00f3n<\/em>; en Samuel va concursar a la categoria Timoners, alumnat d&#8217;Aula d&#8217;Acollida de 1r i 2n d&#8217;ESO, i va haver de llegir un fragment de la novel\u00b7la <em>Un fill<\/em>, d&#8217;Alejandro Palomas en la versi\u00f3 de lectura f\u00e0cil.<\/p>\n<p>Tots dos ho van fer molt b\u00e9 i, tot i no obtenir la primera posici\u00f3, van gaudir de l&#8217;experi\u00e8ncia i van poder presenciar un concert del cor de la UAP mentre el jurat deliberava.<\/p>\n<p>&nbsp;<\/p>\n","protected":false},"excerpt":{"rendered":"<p><a href=\"https:\/\/agora.xtec.cat\/ieslajonquera\/wp-content\/uploads\/usu2014\/2025\/03\/1r-dESO_Certamen-Lectura-2-1-rotated.jpg\"><\/a><a href=\"https:\/\/agora.xtec.cat\/ieslajonquera\/wp-content\/uploads\/usu2014\/2025\/03\/1r-dESO_Certamen-Lectura-1-1-rotated.jpg\"><\/a>Els alumnes de 1r d&#8217;ESO Joan V\u00e1zquez i Samuel Torres van participar, el passat 25 de mar\u00e7, en el Certamen de Lectura en Veu Alta que es va celebrar al llarg de tot el mat\u00ed a l&#8217;Auditori dels Caputxins de Figueres. En Joan&hellip;  <a href=\"https:\/\/agora.xtec.cat\/ieslajonquera\/general\/participacio-en-el-certamen-de-lectura-en-veu-alta-2\/\" title=\"Read Participaci\u00f3 en el Certamen de Lectura en veu Alta\">Llegeix m\u00e9s\u00bb<\/a><\/p>\n","protected":false},"author":3,"featured_media":6059,"comment_status":"open","ping_status":"closed","sticky":false,"template":"","format":"standard","meta":{"_bbp_topic_count":0,"_bbp_reply_count":0,"_bbp_total_topic_count":0,"_bbp_total_reply_count":0,"_bbp_voice_count":0,"_bbp_anonymous_reply_count":0,"_bbp_topic_count_hidden":0,"_bbp_reply_count_hidden":0,"_bbp_forum_subforum_count":0,"footnotes":""},"categories":[4,3,1],"tags":[106,114],"class_list":["post-6058","post","type-post","status-publish","format-standard","has-post-thumbnail","hentry","category-eso-1","category-eso","category-general","tag-concurs","tag-lectura"],"post_mailing_queue_ids":[],"_links":{"self":[{"href":"https:\/\/agora.xtec.cat\/ieslajonquera\/wp-json\/wp\/v2\/posts\/6058","targetHints":{"allow":["GET"]}}],"collection":[{"href":"https:\/\/agora.xtec.cat\/ieslajonquera\/wp-json\/wp\/v2\/posts"}],"about":[{"href":"https:\/\/agora.xtec.cat\/ieslajonquera\/wp-json\/wp\/v2\/types\/post"}],"author":[{"embeddable":true,"href":"https:\/\/agora.xtec.cat\/ieslajonquera\/wp-json\/wp\/v2\/users\/3"}],"replies":[{"embeddable":true,"href":"https:\/\/agora.xtec.cat\/ieslajonquera\/wp-json\/wp\/v2\/comments?post=6058"}],"version-history":[{"count":1,"href":"https:\/\/agora.xtec.cat\/ieslajonquera\/wp-json\/wp\/v2\/posts\/6058\/revisions"}],"predecessor-version":[{"id":6061,"href":"https:\/\/agora.xtec.cat\/ieslajonquera\/wp-json\/wp\/v2\/posts\/6058\/revisions\/6061"}],"wp:featuredmedia":[{"embeddable":true,"href":"https:\/\/agora.xtec.cat\/ieslajonquera\/wp-json\/wp\/v2\/media\/6059"}],"wp:attachment":[{"href":"https:\/\/agora.xtec.cat\/ieslajonquera\/wp-json\/wp\/v2\/media?parent=6058"}],"wp:term":[{"taxonomy":"category","embeddable":true,"href":"https:\/\/agora.xtec.cat\/ieslajonquera\/wp-json\/wp\/v2\/categories?post=6058"},{"taxonomy":"post_tag","embeddable":true,"href":"https:\/\/agora.xtec.cat\/ieslajonquera\/wp-json\/wp\/v2\/tags?post=6058"}],"curies":[{"name":"wp","href":"https:\/\/api.w.org\/{rel}","templated":true}]}}