{"id":6044,"date":"2025-03-16T21:02:18","date_gmt":"2025-03-16T20:02:18","guid":{"rendered":"https:\/\/agora.xtec.cat\/ieslajonquera\/?p=6044"},"modified":"2025-03-16T21:02:18","modified_gmt":"2025-03-16T20:02:18","slug":"participacio-en-el-concurs-de-relat-breu-de-coca-cola","status":"publish","type":"post","link":"https:\/\/agora.xtec.cat\/ieslajonquera\/general\/participacio-en-el-concurs-de-relat-breu-de-coca-cola\/","title":{"rendered":"Participaci\u00f3 en el concurs de relat breu de Coca-Cola"},"content":{"rendered":"<p style=\"text-align: justify;\"><a href=\"https:\/\/agora.xtec.cat\/ieslajonquera\/wp-content\/uploads\/usu2014\/2025\/03\/2n-dESO_Concurs-Coca-Cola.jpg\"><img loading=\"lazy\" decoding=\"async\" class=\" wp-image-6045 alignleft\" src=\"https:\/\/agora.xtec.cat\/ieslajonquera\/wp-content\/uploads\/usu2014\/2025\/03\/2n-dESO_Concurs-Coca-Cola-1024x989.jpg\" alt=\"\" width=\"287\" height=\"277\" srcset=\"https:\/\/agora.xtec.cat\/ieslajonquera\/wp-content\/uploads\/usu2014\/2025\/03\/2n-dESO_Concurs-Coca-Cola-1024x989.jpg 1024w, https:\/\/agora.xtec.cat\/ieslajonquera\/wp-content\/uploads\/usu2014\/2025\/03\/2n-dESO_Concurs-Coca-Cola-300x290.jpg 300w, https:\/\/agora.xtec.cat\/ieslajonquera\/wp-content\/uploads\/usu2014\/2025\/03\/2n-dESO_Concurs-Coca-Cola-768x742.jpg 768w, https:\/\/agora.xtec.cat\/ieslajonquera\/wp-content\/uploads\/usu2014\/2025\/03\/2n-dESO_Concurs-Coca-Cola-1536x1483.jpg 1536w, https:\/\/agora.xtec.cat\/ieslajonquera\/wp-content\/uploads\/usu2014\/2025\/03\/2n-dESO_Concurs-Coca-Cola.jpg 1600w\" sizes=\"auto, (max-width: 287px) 100vw, 287px\" \/><\/a>Una selecci\u00f3 d&#8217;alumnes de 2n d&#8217;ESO va participar, el passat divendres 14 de mar\u00e7, al &#8220;J\u00f3venes Talentos de Relato Corto&#8221;, de Coca-Cola. A partir de les instruccions proporcionades per la plataforma virtual del concurs, van redactar un escrit in\u00e8dit. En cas de classificar-se a la fase provincial, passaran a la fase estatal.<\/p>\n<p style=\"text-align: justify;\">Sigui com sigui, els encoratgem a seguir escrivint. Qui sap si tenim algun futur escriptor o escriptora!<\/p>\n<p>&nbsp;<\/p>\n","protected":false},"excerpt":{"rendered":"<p><a href=\"https:\/\/agora.xtec.cat\/ieslajonquera\/wp-content\/uploads\/usu2014\/2025\/03\/2n-dESO_Concurs-Coca-Cola.jpg\"><\/a>Una selecci\u00f3 d&#8217;alumnes de 2n d&#8217;ESO va participar, el passat divendres 14 de mar\u00e7, al &#8220;J\u00f3venes Talentos de Relato Corto&#8221;, de Coca-Cola. A partir de les instruccions proporcionades per la plataforma virtual del concurs, van redactar un escrit in\u00e8dit. En cas de classificar-se a&hellip;  <a href=\"https:\/\/agora.xtec.cat\/ieslajonquera\/general\/participacio-en-el-concurs-de-relat-breu-de-coca-cola\/\" title=\"Read Participaci\u00f3 en el concurs de relat breu de Coca-Cola\">Llegeix m\u00e9s\u00bb<\/a><\/p>\n","protected":false},"author":3,"featured_media":6045,"comment_status":"open","ping_status":"closed","sticky":false,"template":"","format":"standard","meta":{"_bbp_topic_count":0,"_bbp_reply_count":0,"_bbp_total_topic_count":0,"_bbp_total_reply_count":0,"_bbp_voice_count":0,"_bbp_anonymous_reply_count":0,"_bbp_topic_count_hidden":0,"_bbp_reply_count_hidden":0,"_bbp_forum_subforum_count":0,"footnotes":""},"categories":[5,3,1],"tags":[106,57,124],"class_list":["post-6044","post","type-post","status-publish","format-standard","has-post-thumbnail","hentry","category-eso-2","category-eso","category-general","tag-concurs","tag-expressio-escrita","tag-literatura"],"post_mailing_queue_ids":[],"_links":{"self":[{"href":"https:\/\/agora.xtec.cat\/ieslajonquera\/wp-json\/wp\/v2\/posts\/6044","targetHints":{"allow":["GET"]}}],"collection":[{"href":"https:\/\/agora.xtec.cat\/ieslajonquera\/wp-json\/wp\/v2\/posts"}],"about":[{"href":"https:\/\/agora.xtec.cat\/ieslajonquera\/wp-json\/wp\/v2\/types\/post"}],"author":[{"embeddable":true,"href":"https:\/\/agora.xtec.cat\/ieslajonquera\/wp-json\/wp\/v2\/users\/3"}],"replies":[{"embeddable":true,"href":"https:\/\/agora.xtec.cat\/ieslajonquera\/wp-json\/wp\/v2\/comments?post=6044"}],"version-history":[{"count":1,"href":"https:\/\/agora.xtec.cat\/ieslajonquera\/wp-json\/wp\/v2\/posts\/6044\/revisions"}],"predecessor-version":[{"id":6046,"href":"https:\/\/agora.xtec.cat\/ieslajonquera\/wp-json\/wp\/v2\/posts\/6044\/revisions\/6046"}],"wp:featuredmedia":[{"embeddable":true,"href":"https:\/\/agora.xtec.cat\/ieslajonquera\/wp-json\/wp\/v2\/media\/6045"}],"wp:attachment":[{"href":"https:\/\/agora.xtec.cat\/ieslajonquera\/wp-json\/wp\/v2\/media?parent=6044"}],"wp:term":[{"taxonomy":"category","embeddable":true,"href":"https:\/\/agora.xtec.cat\/ieslajonquera\/wp-json\/wp\/v2\/categories?post=6044"},{"taxonomy":"post_tag","embeddable":true,"href":"https:\/\/agora.xtec.cat\/ieslajonquera\/wp-json\/wp\/v2\/tags?post=6044"}],"curies":[{"name":"wp","href":"https:\/\/api.w.org\/{rel}","templated":true}]}}