{"id":6021,"date":"2025-03-16T20:03:56","date_gmt":"2025-03-16T19:03:56","guid":{"rendered":"https:\/\/agora.xtec.cat\/ieslajonquera\/?p=6021"},"modified":"2025-03-16T20:03:56","modified_gmt":"2025-03-16T19:03:56","slug":"visita-al-salo-dels-oficis","status":"publish","type":"post","link":"https:\/\/agora.xtec.cat\/ieslajonquera\/general\/visita-al-salo-dels-oficis\/","title":{"rendered":"Visita al Sal\u00f3 dels Oficis"},"content":{"rendered":"<p style=\"text-align: justify;\"><a href=\"https:\/\/agora.xtec.cat\/ieslajonquera\/wp-content\/uploads\/usu2014\/2025\/03\/4t-dESO_Salo-dels-Oficis-e1742151739617.jpg\"><img loading=\"lazy\" decoding=\"async\" class=\" wp-image-6024 alignleft\" src=\"https:\/\/agora.xtec.cat\/ieslajonquera\/wp-content\/uploads\/usu2014\/2025\/03\/4t-dESO_Salo-dels-Oficis-e1742151739617-985x1024.jpg\" alt=\"\" width=\"202\" height=\"210\" srcset=\"https:\/\/agora.xtec.cat\/ieslajonquera\/wp-content\/uploads\/usu2014\/2025\/03\/4t-dESO_Salo-dels-Oficis-e1742151739617-985x1024.jpg 985w, https:\/\/agora.xtec.cat\/ieslajonquera\/wp-content\/uploads\/usu2014\/2025\/03\/4t-dESO_Salo-dels-Oficis-e1742151739617-289x300.jpg 289w, https:\/\/agora.xtec.cat\/ieslajonquera\/wp-content\/uploads\/usu2014\/2025\/03\/4t-dESO_Salo-dels-Oficis-e1742151739617-768x798.jpg 768w, https:\/\/agora.xtec.cat\/ieslajonquera\/wp-content\/uploads\/usu2014\/2025\/03\/4t-dESO_Salo-dels-Oficis-e1742151739617.jpg 1443w\" sizes=\"auto, (max-width: 202px) 100vw, 202px\" \/><\/a>L&#8217;alumnat de 4t d&#8217;ESO va anar el passat dimarts 11 de mar\u00e7 al Sal\u00f3 dels Oficis, que se celebra a Figueres, al castell de Sant Ferran, amb l&#8217;objectiu de promoure, revaloritzar i donar a con\u00e8ixer la Formaci\u00f3 Professional i els Oficis de la comarca a tots aquells alumnes que es troben en situaci\u00f3 d\u2019haver d\u2019orientar el seu futur vocacional i professional.<\/p>\n<p style=\"text-align: justify;\">L&#8217;esdeveniment est\u00e0 organitzat per l\u2019Ajuntament de Figueres i la Fundaci\u00f3 dels Oficis, i amb la col\u00b7laboraci\u00f3 de la Diputaci\u00f3 de Girona, el Consell Comarcal de l\u2019Alt Empord\u00e0 i la Generalitat de Catalunya.<\/p>\n","protected":false},"excerpt":{"rendered":"<p><a href=\"https:\/\/agora.xtec.cat\/ieslajonquera\/wp-content\/uploads\/usu2014\/2025\/03\/4t-dESO_Salo-dels-Oficis-e1742151739617.jpg\"><\/a>L&#8217;alumnat de 4t d&#8217;ESO va anar el passat dimarts 11 de mar\u00e7 al Sal\u00f3 dels Oficis, que se celebra a Figueres, al castell de Sant Ferran, amb l&#8217;objectiu de promoure, revaloritzar i donar a con\u00e8ixer la Formaci\u00f3 Professional i els Oficis de la comarca&hellip;  <a href=\"https:\/\/agora.xtec.cat\/ieslajonquera\/general\/visita-al-salo-dels-oficis\/\" title=\"Read Visita al Sal\u00f3 dels Oficis\">Llegeix m\u00e9s\u00bb<\/a><\/p>\n","protected":false},"author":3,"featured_media":6024,"comment_status":"open","ping_status":"closed","sticky":false,"template":"","format":"standard","meta":{"_bbp_topic_count":0,"_bbp_reply_count":0,"_bbp_total_topic_count":0,"_bbp_total_reply_count":0,"_bbp_voice_count":0,"_bbp_anonymous_reply_count":0,"_bbp_topic_count_hidden":0,"_bbp_reply_count_hidden":0,"_bbp_forum_subforum_count":0,"footnotes":""},"categories":[7,3,1],"tags":[139,39],"class_list":["post-6021","post","type-post","status-publish","format-standard","has-post-thumbnail","hentry","category-eso-4","category-eso","category-general","tag-orientacio","tag-sortides"],"post_mailing_queue_ids":[],"_links":{"self":[{"href":"https:\/\/agora.xtec.cat\/ieslajonquera\/wp-json\/wp\/v2\/posts\/6021","targetHints":{"allow":["GET"]}}],"collection":[{"href":"https:\/\/agora.xtec.cat\/ieslajonquera\/wp-json\/wp\/v2\/posts"}],"about":[{"href":"https:\/\/agora.xtec.cat\/ieslajonquera\/wp-json\/wp\/v2\/types\/post"}],"author":[{"embeddable":true,"href":"https:\/\/agora.xtec.cat\/ieslajonquera\/wp-json\/wp\/v2\/users\/3"}],"replies":[{"embeddable":true,"href":"https:\/\/agora.xtec.cat\/ieslajonquera\/wp-json\/wp\/v2\/comments?post=6021"}],"version-history":[{"count":1,"href":"https:\/\/agora.xtec.cat\/ieslajonquera\/wp-json\/wp\/v2\/posts\/6021\/revisions"}],"predecessor-version":[{"id":6025,"href":"https:\/\/agora.xtec.cat\/ieslajonquera\/wp-json\/wp\/v2\/posts\/6021\/revisions\/6025"}],"wp:featuredmedia":[{"embeddable":true,"href":"https:\/\/agora.xtec.cat\/ieslajonquera\/wp-json\/wp\/v2\/media\/6024"}],"wp:attachment":[{"href":"https:\/\/agora.xtec.cat\/ieslajonquera\/wp-json\/wp\/v2\/media?parent=6021"}],"wp:term":[{"taxonomy":"category","embeddable":true,"href":"https:\/\/agora.xtec.cat\/ieslajonquera\/wp-json\/wp\/v2\/categories?post=6021"},{"taxonomy":"post_tag","embeddable":true,"href":"https:\/\/agora.xtec.cat\/ieslajonquera\/wp-json\/wp\/v2\/tags?post=6021"}],"curies":[{"name":"wp","href":"https:\/\/api.w.org\/{rel}","templated":true}]}}