{"id":6011,"date":"2025-03-09T19:21:10","date_gmt":"2025-03-09T18:21:10","guid":{"rendered":"https:\/\/agora.xtec.cat\/ieslajonquera\/?p=6011"},"modified":"2025-03-09T19:21:10","modified_gmt":"2025-03-09T18:21:10","slug":"la-celebracio-del-8m","status":"publish","type":"post","link":"https:\/\/agora.xtec.cat\/ieslajonquera\/general\/la-celebracio-del-8m\/","title":{"rendered":"La celebraci\u00f3 del 8M"},"content":{"rendered":"<p style=\"text-align: justify;\">Al llarg de la setmana del 3 al 7 de mar\u00e7 va haver-hi diferents activitats al centre per celebrar el 8M (Dia Internacional de la Dona), com la creaci\u00f3 d&#8217;un punt lila, l&#8217;elaboraci\u00f3 d&#8217;un mural o la participaci\u00f3 en un cinef\u00f2rum amb la visualitzaci\u00f3 de la pel\u00b7l\u00edcula <em>Figuras ocultas<\/em> i un debat posterior.<\/p>\n<p style=\"text-align: justify;\">L&#8217;alumnat de 1r i 2n de Batxillerat va assistir, el passat 7 de mar\u00e7, a l&#8217;acte institucional previ a la celebraci\u00f3 del 8M organitzat per l&#8217;Ajuntament de la Jonquera i el Museu Memorial de l&#8217;Exili en qu\u00e8 es va llegir un manifest escrit pels propis alumnes. Tot seguit, va haver-hi la presentaci\u00f3 del llibre <em>Las ni\u00f1as de Elna<\/em>, de l&#8217;autor Marc Solanes Calder\u00f3n. Per finalitzar l&#8217;acte, van poder participar en un petit col\u00b7loqui amb l&#8217;autor i la seva \u00e0via, testimoni dels fets que es relaten en el llibre.<\/p>\n<p><a href=\"https:\/\/agora.xtec.cat\/ieslajonquera\/wp-content\/uploads\/usu2014\/2025\/03\/IMG-20250307-WA0005.jpg\"><img loading=\"lazy\" decoding=\"async\" class=\"wp-image-6012 alignleft\" src=\"https:\/\/agora.xtec.cat\/ieslajonquera\/wp-content\/uploads\/usu2014\/2025\/03\/IMG-20250307-WA0005-1024x565.jpg\" alt=\"\" width=\"297\" height=\"164\" srcset=\"https:\/\/agora.xtec.cat\/ieslajonquera\/wp-content\/uploads\/usu2014\/2025\/03\/IMG-20250307-WA0005-1024x565.jpg 1024w, https:\/\/agora.xtec.cat\/ieslajonquera\/wp-content\/uploads\/usu2014\/2025\/03\/IMG-20250307-WA0005-300x166.jpg 300w, https:\/\/agora.xtec.cat\/ieslajonquera\/wp-content\/uploads\/usu2014\/2025\/03\/IMG-20250307-WA0005-768x424.jpg 768w, https:\/\/agora.xtec.cat\/ieslajonquera\/wp-content\/uploads\/usu2014\/2025\/03\/IMG-20250307-WA0005-1536x848.jpg 1536w, https:\/\/agora.xtec.cat\/ieslajonquera\/wp-content\/uploads\/usu2014\/2025\/03\/IMG-20250307-WA0005.jpg 1600w\" sizes=\"auto, (max-width: 297px) 100vw, 297px\" \/><\/a><a href=\"https:\/\/agora.xtec.cat\/ieslajonquera\/wp-content\/uploads\/usu2014\/2025\/03\/IMG-20250307-WA0013.jpg\"><img loading=\"lazy\" decoding=\"async\" class=\" wp-image-6014 alignleft\" src=\"https:\/\/agora.xtec.cat\/ieslajonquera\/wp-content\/uploads\/usu2014\/2025\/03\/IMG-20250307-WA0013-768x1024.jpg\" alt=\"\" width=\"123\" height=\"164\" srcset=\"https:\/\/agora.xtec.cat\/ieslajonquera\/wp-content\/uploads\/usu2014\/2025\/03\/IMG-20250307-WA0013-768x1024.jpg 768w, https:\/\/agora.xtec.cat\/ieslajonquera\/wp-content\/uploads\/usu2014\/2025\/03\/IMG-20250307-WA0013-225x300.jpg 225w, https:\/\/agora.xtec.cat\/ieslajonquera\/wp-content\/uploads\/usu2014\/2025\/03\/IMG-20250307-WA0013-1152x1536.jpg 1152w, https:\/\/agora.xtec.cat\/ieslajonquera\/wp-content\/uploads\/usu2014\/2025\/03\/IMG-20250307-WA0013.jpg 1536w\" sizes=\"auto, (max-width: 123px) 100vw, 123px\" \/><\/a>\u00a0\u00a0 <a href=\"https:\/\/agora.xtec.cat\/ieslajonquera\/wp-content\/uploads\/usu2014\/2025\/03\/IMG-20250307-WA0006.jpg\"><img loading=\"lazy\" decoding=\"async\" class=\" wp-image-6013 alignleft\" src=\"https:\/\/agora.xtec.cat\/ieslajonquera\/wp-content\/uploads\/usu2014\/2025\/03\/IMG-20250307-WA0006-1024x768.jpg\" alt=\"\" width=\"219\" height=\"164\" srcset=\"https:\/\/agora.xtec.cat\/ieslajonquera\/wp-content\/uploads\/usu2014\/2025\/03\/IMG-20250307-WA0006-1024x768.jpg 1024w, https:\/\/agora.xtec.cat\/ieslajonquera\/wp-content\/uploads\/usu2014\/2025\/03\/IMG-20250307-WA0006-300x225.jpg 300w, https:\/\/agora.xtec.cat\/ieslajonquera\/wp-content\/uploads\/usu2014\/2025\/03\/IMG-20250307-WA0006-768x576.jpg 768w, https:\/\/agora.xtec.cat\/ieslajonquera\/wp-content\/uploads\/usu2014\/2025\/03\/IMG-20250307-WA0006-1536x1152.jpg 1536w, https:\/\/agora.xtec.cat\/ieslajonquera\/wp-content\/uploads\/usu2014\/2025\/03\/IMG-20250307-WA0006-200x150.jpg 200w, https:\/\/agora.xtec.cat\/ieslajonquera\/wp-content\/uploads\/usu2014\/2025\/03\/IMG-20250307-WA0006.jpg 1600w\" sizes=\"auto, (max-width: 219px) 100vw, 219px\" \/><\/a><\/p>\n","protected":false},"excerpt":{"rendered":"<p>Al llarg de la setmana del 3 al 7 de mar\u00e7 va haver-hi diferents activitats al centre per celebrar el 8M (Dia Internacional de la Dona), com la creaci\u00f3 d&#8217;un punt lila, l&#8217;elaboraci\u00f3 d&#8217;un mural o la participaci\u00f3 en un cinef\u00f2rum amb la visualitzaci\u00f3 de&hellip;  <a href=\"https:\/\/agora.xtec.cat\/ieslajonquera\/general\/la-celebracio-del-8m\/\" title=\"Read La celebraci\u00f3 del 8M\">Llegeix m\u00e9s\u00bb<\/a><\/p>\n","protected":false},"author":3,"featured_media":6012,"comment_status":"open","ping_status":"closed","sticky":false,"template":"","format":"standard","meta":{"_bbp_topic_count":0,"_bbp_reply_count":0,"_bbp_total_topic_count":0,"_bbp_total_reply_count":0,"_bbp_voice_count":0,"_bbp_anonymous_reply_count":0,"_bbp_topic_count_hidden":0,"_bbp_reply_count_hidden":0,"_bbp_forum_subforum_count":0,"footnotes":""},"categories":[1],"tags":[120,122],"class_list":["post-6011","post","type-post","status-publish","format-standard","has-post-thumbnail","hentry","category-general","tag-convivencia","tag-valors"],"post_mailing_queue_ids":[],"_links":{"self":[{"href":"https:\/\/agora.xtec.cat\/ieslajonquera\/wp-json\/wp\/v2\/posts\/6011","targetHints":{"allow":["GET"]}}],"collection":[{"href":"https:\/\/agora.xtec.cat\/ieslajonquera\/wp-json\/wp\/v2\/posts"}],"about":[{"href":"https:\/\/agora.xtec.cat\/ieslajonquera\/wp-json\/wp\/v2\/types\/post"}],"author":[{"embeddable":true,"href":"https:\/\/agora.xtec.cat\/ieslajonquera\/wp-json\/wp\/v2\/users\/3"}],"replies":[{"embeddable":true,"href":"https:\/\/agora.xtec.cat\/ieslajonquera\/wp-json\/wp\/v2\/comments?post=6011"}],"version-history":[{"count":1,"href":"https:\/\/agora.xtec.cat\/ieslajonquera\/wp-json\/wp\/v2\/posts\/6011\/revisions"}],"predecessor-version":[{"id":6015,"href":"https:\/\/agora.xtec.cat\/ieslajonquera\/wp-json\/wp\/v2\/posts\/6011\/revisions\/6015"}],"wp:featuredmedia":[{"embeddable":true,"href":"https:\/\/agora.xtec.cat\/ieslajonquera\/wp-json\/wp\/v2\/media\/6012"}],"wp:attachment":[{"href":"https:\/\/agora.xtec.cat\/ieslajonquera\/wp-json\/wp\/v2\/media?parent=6011"}],"wp:term":[{"taxonomy":"category","embeddable":true,"href":"https:\/\/agora.xtec.cat\/ieslajonquera\/wp-json\/wp\/v2\/categories?post=6011"},{"taxonomy":"post_tag","embeddable":true,"href":"https:\/\/agora.xtec.cat\/ieslajonquera\/wp-json\/wp\/v2\/tags?post=6011"}],"curies":[{"name":"wp","href":"https:\/\/api.w.org\/{rel}","templated":true}]}}