{"id":6004,"date":"2025-03-09T19:05:08","date_gmt":"2025-03-09T18:05:08","guid":{"rendered":"https:\/\/agora.xtec.cat\/ieslajonquera\/?p=6004"},"modified":"2025-03-09T19:05:08","modified_gmt":"2025-03-09T18:05:08","slug":"visita-a-la-girona-medieval-a-2n-deso","status":"publish","type":"post","link":"https:\/\/agora.xtec.cat\/ieslajonquera\/general\/visita-a-la-girona-medieval-a-2n-deso\/","title":{"rendered":"Visita a la Girona medieval a 2n d&#8217;ESO"},"content":{"rendered":"<p style=\"text-align: justify;\"><a href=\"https:\/\/agora.xtec.cat\/ieslajonquera\/wp-content\/uploads\/usu2014\/2025\/03\/IMG-20250307-WA0022-scaled.jpg\"><img loading=\"lazy\" decoding=\"async\" class=\" wp-image-6007 alignleft\" src=\"https:\/\/agora.xtec.cat\/ieslajonquera\/wp-content\/uploads\/usu2014\/2025\/03\/IMG-20250307-WA0022-768x1024.jpg\" alt=\"\" width=\"254\" height=\"339\" srcset=\"https:\/\/agora.xtec.cat\/ieslajonquera\/wp-content\/uploads\/usu2014\/2025\/03\/IMG-20250307-WA0022-768x1024.jpg 768w, https:\/\/agora.xtec.cat\/ieslajonquera\/wp-content\/uploads\/usu2014\/2025\/03\/IMG-20250307-WA0022-225x300.jpg 225w, https:\/\/agora.xtec.cat\/ieslajonquera\/wp-content\/uploads\/usu2014\/2025\/03\/IMG-20250307-WA0022-1152x1536.jpg 1152w, https:\/\/agora.xtec.cat\/ieslajonquera\/wp-content\/uploads\/usu2014\/2025\/03\/IMG-20250307-WA0022-1536x2048.jpg 1536w, https:\/\/agora.xtec.cat\/ieslajonquera\/wp-content\/uploads\/usu2014\/2025\/03\/IMG-20250307-WA0022-scaled.jpg 1920w\" sizes=\"auto, (max-width: 254px) 100vw, 254px\" \/><\/a>L&#8217;alumnat de 2n d&#8217;ESO va fer una visita a la Girona medieval, el passat 20 de febrer, en qu\u00e8 els mateixos alumnes, per grups, explicaven diferents punts d&#8217;inter\u00e8s als seus companys. Els llocs que van visitar van ser els Banys \u00c0rabs, la Catedral, el Monestir de Sant Pere de Galligants, el Call Jueu i la Muralla.<\/p>\n<p style=\"text-align: justify;\">A m\u00e9s a m\u00e9s, l&#8217;alumnat de tots els cursos de l&#8217;Aula d&#8217;Acollida va aprofitar l&#8217;excursi\u00f3 a Girona per anar al circ.<\/p>\n<p><a href=\"https:\/\/agora.xtec.cat\/ieslajonquera\/wp-content\/uploads\/usu2014\/2025\/03\/IMG-20250307-WA0019.jpg\"><img loading=\"lazy\" decoding=\"async\" class=\" wp-image-6008 alignleft\" src=\"https:\/\/agora.xtec.cat\/ieslajonquera\/wp-content\/uploads\/usu2014\/2025\/03\/IMG-20250307-WA0019-768x1024.jpg\" alt=\"\" width=\"166\" height=\"222\" srcset=\"https:\/\/agora.xtec.cat\/ieslajonquera\/wp-content\/uploads\/usu2014\/2025\/03\/IMG-20250307-WA0019-768x1024.jpg 768w, https:\/\/agora.xtec.cat\/ieslajonquera\/wp-content\/uploads\/usu2014\/2025\/03\/IMG-20250307-WA0019-225x300.jpg 225w, https:\/\/agora.xtec.cat\/ieslajonquera\/wp-content\/uploads\/usu2014\/2025\/03\/IMG-20250307-WA0019-1152x1536.jpg 1152w, https:\/\/agora.xtec.cat\/ieslajonquera\/wp-content\/uploads\/usu2014\/2025\/03\/IMG-20250307-WA0019.jpg 1200w\" sizes=\"auto, (max-width: 166px) 100vw, 166px\" \/><\/a><a href=\"https:\/\/agora.xtec.cat\/ieslajonquera\/wp-content\/uploads\/usu2014\/2025\/03\/IMG-20250307-WA0024-scaled.jpg\"><img loading=\"lazy\" decoding=\"async\" class=\" wp-image-6009 alignleft\" src=\"https:\/\/agora.xtec.cat\/ieslajonquera\/wp-content\/uploads\/usu2014\/2025\/03\/IMG-20250307-WA0024-768x1024.jpg\" alt=\"\" width=\"167\" height=\"223\" srcset=\"https:\/\/agora.xtec.cat\/ieslajonquera\/wp-content\/uploads\/usu2014\/2025\/03\/IMG-20250307-WA0024-768x1024.jpg 768w, https:\/\/agora.xtec.cat\/ieslajonquera\/wp-content\/uploads\/usu2014\/2025\/03\/IMG-20250307-WA0024-225x300.jpg 225w, https:\/\/agora.xtec.cat\/ieslajonquera\/wp-content\/uploads\/usu2014\/2025\/03\/IMG-20250307-WA0024-1152x1536.jpg 1152w, https:\/\/agora.xtec.cat\/ieslajonquera\/wp-content\/uploads\/usu2014\/2025\/03\/IMG-20250307-WA0024-1536x2048.jpg 1536w, https:\/\/agora.xtec.cat\/ieslajonquera\/wp-content\/uploads\/usu2014\/2025\/03\/IMG-20250307-WA0024-scaled.jpg 1920w\" sizes=\"auto, (max-width: 167px) 100vw, 167px\" \/><\/a><\/p>\n","protected":false},"excerpt":{"rendered":"<p><a href=\"https:\/\/agora.xtec.cat\/ieslajonquera\/wp-content\/uploads\/usu2014\/2025\/03\/IMG-20250307-WA0022-scaled.jpg\"><\/a>L&#8217;alumnat de 2n d&#8217;ESO va fer una visita a la Girona medieval, el passat 20 de febrer, en qu\u00e8 els mateixos alumnes, per grups, explicaven diferents punts d&#8217;inter\u00e8s als seus companys. Els llocs que van visitar van ser els Banys \u00c0rabs, la Catedral, el&hellip;  <a href=\"https:\/\/agora.xtec.cat\/ieslajonquera\/general\/visita-a-la-girona-medieval-a-2n-deso\/\" title=\"Read Visita a la Girona medieval a 2n d&#8217;ESO\">Llegeix m\u00e9s\u00bb<\/a><\/p>\n","protected":false},"author":3,"featured_media":6007,"comment_status":"open","ping_status":"closed","sticky":false,"template":"","format":"standard","meta":{"_bbp_topic_count":0,"_bbp_reply_count":0,"_bbp_total_topic_count":0,"_bbp_total_reply_count":0,"_bbp_voice_count":0,"_bbp_anonymous_reply_count":0,"_bbp_topic_count_hidden":0,"_bbp_reply_count_hidden":0,"_bbp_forum_subforum_count":0,"footnotes":""},"categories":[5,3,1],"tags":[145,146,39],"class_list":["post-6004","post","type-post","status-publish","format-standard","has-post-thumbnail","hentry","category-eso-2","category-eso","category-general","tag-historia","tag-socials","tag-sortides"],"post_mailing_queue_ids":[],"_links":{"self":[{"href":"https:\/\/agora.xtec.cat\/ieslajonquera\/wp-json\/wp\/v2\/posts\/6004","targetHints":{"allow":["GET"]}}],"collection":[{"href":"https:\/\/agora.xtec.cat\/ieslajonquera\/wp-json\/wp\/v2\/posts"}],"about":[{"href":"https:\/\/agora.xtec.cat\/ieslajonquera\/wp-json\/wp\/v2\/types\/post"}],"author":[{"embeddable":true,"href":"https:\/\/agora.xtec.cat\/ieslajonquera\/wp-json\/wp\/v2\/users\/3"}],"replies":[{"embeddable":true,"href":"https:\/\/agora.xtec.cat\/ieslajonquera\/wp-json\/wp\/v2\/comments?post=6004"}],"version-history":[{"count":1,"href":"https:\/\/agora.xtec.cat\/ieslajonquera\/wp-json\/wp\/v2\/posts\/6004\/revisions"}],"predecessor-version":[{"id":6010,"href":"https:\/\/agora.xtec.cat\/ieslajonquera\/wp-json\/wp\/v2\/posts\/6004\/revisions\/6010"}],"wp:featuredmedia":[{"embeddable":true,"href":"https:\/\/agora.xtec.cat\/ieslajonquera\/wp-json\/wp\/v2\/media\/6007"}],"wp:attachment":[{"href":"https:\/\/agora.xtec.cat\/ieslajonquera\/wp-json\/wp\/v2\/media?parent=6004"}],"wp:term":[{"taxonomy":"category","embeddable":true,"href":"https:\/\/agora.xtec.cat\/ieslajonquera\/wp-json\/wp\/v2\/categories?post=6004"},{"taxonomy":"post_tag","embeddable":true,"href":"https:\/\/agora.xtec.cat\/ieslajonquera\/wp-json\/wp\/v2\/tags?post=6004"}],"curies":[{"name":"wp","href":"https:\/\/api.w.org\/{rel}","templated":true}]}}