{"id":5994,"date":"2025-03-03T17:11:27","date_gmt":"2025-03-03T16:11:27","guid":{"rendered":"https:\/\/agora.xtec.cat\/ieslajonquera\/?p=5994"},"modified":"2025-03-03T17:11:27","modified_gmt":"2025-03-03T16:11:27","slug":"commemoracio-del-dia-internacional-de-la-llengua-materna","status":"publish","type":"post","link":"https:\/\/agora.xtec.cat\/ieslajonquera\/general\/commemoracio-del-dia-internacional-de-la-llengua-materna\/","title":{"rendered":"Commemoraci\u00f3 del Dia Internacional de la Llengua Materna"},"content":{"rendered":"<p style=\"text-align: justify;\"><a href=\"https:\/\/agora.xtec.cat\/ieslajonquera\/wp-content\/uploads\/usu2014\/2025\/03\/17398794563181.jpg\"><img loading=\"lazy\" decoding=\"async\" class=\" wp-image-5995 alignleft\" src=\"https:\/\/agora.xtec.cat\/ieslajonquera\/wp-content\/uploads\/usu2014\/2025\/03\/17398794563181.jpg\" alt=\"\" width=\"428\" height=\"321\" srcset=\"https:\/\/agora.xtec.cat\/ieslajonquera\/wp-content\/uploads\/usu2014\/2025\/03\/17398794563181.jpg 1024w, https:\/\/agora.xtec.cat\/ieslajonquera\/wp-content\/uploads\/usu2014\/2025\/03\/17398794563181-300x225.jpg 300w, https:\/\/agora.xtec.cat\/ieslajonquera\/wp-content\/uploads\/usu2014\/2025\/03\/17398794563181-768x576.jpg 768w, https:\/\/agora.xtec.cat\/ieslajonquera\/wp-content\/uploads\/usu2014\/2025\/03\/17398794563181-200x150.jpg 200w\" sizes=\"auto, (max-width: 428px) 100vw, 428px\" \/><\/a>Per commemorar el Dia Internacional de la Llengua Materna, que se celebra el 21 de febrer, l&#8217;alumnat de l&#8217;Aula d&#8217;Acollida va elaborar i penjar al passad\u00eds del centre, a davant de la seva aula, les paraules: amor, amistat, somni, alegria i pau en catal\u00e0 i al costat en cadascuna de les seves lleng\u00fces maternes: portugu\u00e8s, \u00e0rab, castell\u00e0, roman\u00e8s i angl\u00e8s.<\/p>\n","protected":false},"excerpt":{"rendered":"<p><a href=\"https:\/\/agora.xtec.cat\/ieslajonquera\/wp-content\/uploads\/usu2014\/2025\/03\/17398794563181.jpg\"><\/a>Per commemorar el Dia Internacional de la Llengua Materna, que se celebra el 21 de febrer, l&#8217;alumnat de l&#8217;Aula d&#8217;Acollida va elaborar i penjar al passad\u00eds del centre, a davant de la seva aula, les paraules: amor, amistat, somni, alegria i pau en catal\u00e0&hellip;  <a href=\"https:\/\/agora.xtec.cat\/ieslajonquera\/general\/commemoracio-del-dia-internacional-de-la-llengua-materna\/\" title=\"Read Commemoraci\u00f3 del Dia Internacional de la Llengua Materna\">Llegeix m\u00e9s\u00bb<\/a><\/p>\n","protected":false},"author":3,"featured_media":5995,"comment_status":"open","ping_status":"closed","sticky":false,"template":"","format":"standard","meta":{"_bbp_topic_count":0,"_bbp_reply_count":0,"_bbp_total_topic_count":0,"_bbp_total_reply_count":0,"_bbp_voice_count":0,"_bbp_anonymous_reply_count":0,"_bbp_topic_count_hidden":0,"_bbp_reply_count_hidden":0,"_bbp_forum_subforum_count":0,"footnotes":""},"categories":[3,1],"tags":[151],"class_list":["post-5994","post","type-post","status-publish","format-standard","has-post-thumbnail","hentry","category-eso","category-general","tag-aula-dacollida"],"post_mailing_queue_ids":[],"_links":{"self":[{"href":"https:\/\/agora.xtec.cat\/ieslajonquera\/wp-json\/wp\/v2\/posts\/5994","targetHints":{"allow":["GET"]}}],"collection":[{"href":"https:\/\/agora.xtec.cat\/ieslajonquera\/wp-json\/wp\/v2\/posts"}],"about":[{"href":"https:\/\/agora.xtec.cat\/ieslajonquera\/wp-json\/wp\/v2\/types\/post"}],"author":[{"embeddable":true,"href":"https:\/\/agora.xtec.cat\/ieslajonquera\/wp-json\/wp\/v2\/users\/3"}],"replies":[{"embeddable":true,"href":"https:\/\/agora.xtec.cat\/ieslajonquera\/wp-json\/wp\/v2\/comments?post=5994"}],"version-history":[{"count":1,"href":"https:\/\/agora.xtec.cat\/ieslajonquera\/wp-json\/wp\/v2\/posts\/5994\/revisions"}],"predecessor-version":[{"id":5996,"href":"https:\/\/agora.xtec.cat\/ieslajonquera\/wp-json\/wp\/v2\/posts\/5994\/revisions\/5996"}],"wp:featuredmedia":[{"embeddable":true,"href":"https:\/\/agora.xtec.cat\/ieslajonquera\/wp-json\/wp\/v2\/media\/5995"}],"wp:attachment":[{"href":"https:\/\/agora.xtec.cat\/ieslajonquera\/wp-json\/wp\/v2\/media?parent=5994"}],"wp:term":[{"taxonomy":"category","embeddable":true,"href":"https:\/\/agora.xtec.cat\/ieslajonquera\/wp-json\/wp\/v2\/categories?post=5994"},{"taxonomy":"post_tag","embeddable":true,"href":"https:\/\/agora.xtec.cat\/ieslajonquera\/wp-json\/wp\/v2\/tags?post=5994"}],"curies":[{"name":"wp","href":"https:\/\/api.w.org\/{rel}","templated":true}]}}