{"id":5991,"date":"2025-03-03T16:53:25","date_gmt":"2025-03-03T15:53:25","guid":{"rendered":"https:\/\/agora.xtec.cat\/ieslajonquera\/?p=5991"},"modified":"2025-03-03T16:53:25","modified_gmt":"2025-03-03T15:53:25","slug":"xerrades-a-carrec-de-lilcc-a-batxillerat","status":"publish","type":"post","link":"https:\/\/agora.xtec.cat\/ieslajonquera\/general\/xerrades-a-carrec-de-lilcc-a-batxillerat\/","title":{"rendered":"Xerrades a c\u00e0rrec de l&#8217;ILCC a batxillerat"},"content":{"rendered":"<p style=\"text-align: justify;\"><a href=\"https:\/\/agora.xtec.cat\/ieslajonquera\/wp-content\/uploads\/usu2014\/2025\/03\/IMG-20250219-WA0001.jpg\"><img loading=\"lazy\" decoding=\"async\" class=\"wp-image-5992 alignleft\" src=\"https:\/\/agora.xtec.cat\/ieslajonquera\/wp-content\/uploads\/usu2014\/2025\/03\/IMG-20250219-WA0001-768x1024.jpg\" alt=\"\" width=\"227\" height=\"303\" srcset=\"https:\/\/agora.xtec.cat\/ieslajonquera\/wp-content\/uploads\/usu2014\/2025\/03\/IMG-20250219-WA0001-768x1024.jpg 768w, https:\/\/agora.xtec.cat\/ieslajonquera\/wp-content\/uploads\/usu2014\/2025\/03\/IMG-20250219-WA0001-225x300.jpg 225w, https:\/\/agora.xtec.cat\/ieslajonquera\/wp-content\/uploads\/usu2014\/2025\/03\/IMG-20250219-WA0001-1152x1536.jpg 1152w, https:\/\/agora.xtec.cat\/ieslajonquera\/wp-content\/uploads\/usu2014\/2025\/03\/IMG-20250219-WA0001.jpg 1536w\" sizes=\"auto, (max-width: 227px) 100vw, 227px\" \/><\/a>Els alumnes de 1r de batxillerat han gaudit durant aquest curs de dues xerrades proposades per l&#8217;Institut de Llengua i Cultura Catalanes. La primera, titulada &#8220;Una llengua, moltes lleng\u00fces&#8221;, a c\u00e0rrec de M\u00edriam Sell\u00e9s, girava al voltant de la diversitat dialectal del catal\u00e0. La segona, amb el nom de &#8220;Poesia barroca, una literatura per gaudir&#8221;, a c\u00e0rrec de Cristina Bassols, donava a con\u00e8ixer els punts de connexi\u00f3 entre aquesta literatura i l&#8217;art universal.<\/p>\n<p style=\"text-align: justify;\">Ha estat una gran experi\u00e8ncia pels nostres alumnes!<\/p>\n<p>&nbsp;<\/p>\n","protected":false},"excerpt":{"rendered":"<p><a href=\"https:\/\/agora.xtec.cat\/ieslajonquera\/wp-content\/uploads\/usu2014\/2025\/03\/IMG-20250219-WA0001.jpg\"><\/a>Els alumnes de 1r de batxillerat han gaudit durant aquest curs de dues xerrades proposades per l&#8217;Institut de Llengua i Cultura Catalanes. La primera, titulada &#8220;Una llengua, moltes lleng\u00fces&#8221;, a c\u00e0rrec de M\u00edriam Sell\u00e9s, girava al voltant de la diversitat dialectal del catal\u00e0. La&hellip;  <a href=\"https:\/\/agora.xtec.cat\/ieslajonquera\/general\/xerrades-a-carrec-de-lilcc-a-batxillerat\/\" title=\"Read Xerrades a c\u00e0rrec de l&#8217;ILCC a batxillerat\">Llegeix m\u00e9s\u00bb<\/a><\/p>\n","protected":false},"author":3,"featured_media":5992,"comment_status":"open","ping_status":"closed","sticky":false,"template":"","format":"standard","meta":{"_bbp_topic_count":0,"_bbp_reply_count":0,"_bbp_total_topic_count":0,"_bbp_total_reply_count":0,"_bbp_voice_count":0,"_bbp_anonymous_reply_count":0,"_bbp_topic_count_hidden":0,"_bbp_reply_count_hidden":0,"_bbp_forum_subforum_count":0,"footnotes":""},"categories":[8,1],"tags":[130,124],"class_list":["post-5991","post","type-post","status-publish","format-standard","has-post-thumbnail","hentry","category-batxillerat","category-general","tag-conferencies","tag-literatura"],"post_mailing_queue_ids":[],"_links":{"self":[{"href":"https:\/\/agora.xtec.cat\/ieslajonquera\/wp-json\/wp\/v2\/posts\/5991","targetHints":{"allow":["GET"]}}],"collection":[{"href":"https:\/\/agora.xtec.cat\/ieslajonquera\/wp-json\/wp\/v2\/posts"}],"about":[{"href":"https:\/\/agora.xtec.cat\/ieslajonquera\/wp-json\/wp\/v2\/types\/post"}],"author":[{"embeddable":true,"href":"https:\/\/agora.xtec.cat\/ieslajonquera\/wp-json\/wp\/v2\/users\/3"}],"replies":[{"embeddable":true,"href":"https:\/\/agora.xtec.cat\/ieslajonquera\/wp-json\/wp\/v2\/comments?post=5991"}],"version-history":[{"count":1,"href":"https:\/\/agora.xtec.cat\/ieslajonquera\/wp-json\/wp\/v2\/posts\/5991\/revisions"}],"predecessor-version":[{"id":5993,"href":"https:\/\/agora.xtec.cat\/ieslajonquera\/wp-json\/wp\/v2\/posts\/5991\/revisions\/5993"}],"wp:featuredmedia":[{"embeddable":true,"href":"https:\/\/agora.xtec.cat\/ieslajonquera\/wp-json\/wp\/v2\/media\/5992"}],"wp:attachment":[{"href":"https:\/\/agora.xtec.cat\/ieslajonquera\/wp-json\/wp\/v2\/media?parent=5991"}],"wp:term":[{"taxonomy":"category","embeddable":true,"href":"https:\/\/agora.xtec.cat\/ieslajonquera\/wp-json\/wp\/v2\/categories?post=5991"},{"taxonomy":"post_tag","embeddable":true,"href":"https:\/\/agora.xtec.cat\/ieslajonquera\/wp-json\/wp\/v2\/tags?post=5991"}],"curies":[{"name":"wp","href":"https:\/\/api.w.org\/{rel}","templated":true}]}}