{"id":5967,"date":"2025-02-05T13:33:27","date_gmt":"2025-02-05T12:33:27","guid":{"rendered":"https:\/\/agora.xtec.cat\/ieslajonquera\/?p=5967"},"modified":"2025-02-05T13:33:27","modified_gmt":"2025-02-05T12:33:27","slug":"actes-de-commemoracio-del-dia-nacional-de-lexili-i-la-deportacio","status":"publish","type":"post","link":"https:\/\/agora.xtec.cat\/ieslajonquera\/general\/actes-de-commemoracio-del-dia-nacional-de-lexili-i-la-deportacio\/","title":{"rendered":"Actes de commemoraci\u00f3 del Dia Nacional de l&#8217;Exili i la Deportaci\u00f3"},"content":{"rendered":"<p style=\"text-align: justify;\"><a href=\"https:\/\/agora.xtec.cat\/ieslajonquera\/wp-content\/uploads\/usu2014\/2025\/02\/1738597606718-1-1.jpg\"><img loading=\"lazy\" decoding=\"async\" class=\" wp-image-5968 alignleft\" src=\"https:\/\/agora.xtec.cat\/ieslajonquera\/wp-content\/uploads\/usu2014\/2025\/02\/1738597606718-1-1-768x1024.jpg\" alt=\"\" width=\"277\" height=\"369\" srcset=\"https:\/\/agora.xtec.cat\/ieslajonquera\/wp-content\/uploads\/usu2014\/2025\/02\/1738597606718-1-1-768x1024.jpg 768w, https:\/\/agora.xtec.cat\/ieslajonquera\/wp-content\/uploads\/usu2014\/2025\/02\/1738597606718-1-1-225x300.jpg 225w, https:\/\/agora.xtec.cat\/ieslajonquera\/wp-content\/uploads\/usu2014\/2025\/02\/1738597606718-1-1.jpg 1024w\" sizes=\"auto, (max-width: 277px) 100vw, 277px\" \/><\/a><a href=\"https:\/\/agora.xtec.cat\/ieslajonquera\/wp-content\/uploads\/usu2014\/2025\/02\/1738597606745-2.jpg\"><img loading=\"lazy\" decoding=\"async\" class=\" wp-image-5969 alignleft\" src=\"https:\/\/agora.xtec.cat\/ieslajonquera\/wp-content\/uploads\/usu2014\/2025\/02\/1738597606745-2.jpg\" alt=\"\" width=\"491\" height=\"369\" srcset=\"https:\/\/agora.xtec.cat\/ieslajonquera\/wp-content\/uploads\/usu2014\/2025\/02\/1738597606745-2.jpg 1024w, https:\/\/agora.xtec.cat\/ieslajonquera\/wp-content\/uploads\/usu2014\/2025\/02\/1738597606745-2-300x225.jpg 300w, https:\/\/agora.xtec.cat\/ieslajonquera\/wp-content\/uploads\/usu2014\/2025\/02\/1738597606745-2-768x576.jpg 768w, https:\/\/agora.xtec.cat\/ieslajonquera\/wp-content\/uploads\/usu2014\/2025\/02\/1738597606745-2-200x150.jpg 200w\" sizes=\"auto, (max-width: 491px) 100vw, 491px\" \/><\/a>L&#8217;alumnat de 4t d&#8217;ESO va participar, el passat dilluns 3 de febrer, en els actes de commemoraci\u00f3 del Dia Nacional de l&#8217;Exili i la Deportaci\u00f3 organitzada pel Grup de Treball Exili, Deportaci\u00f3 i Holocaust de l&#8217;Alt Empord\u00e0.<\/p>\n<p style=\"text-align: justify;\">Van anar al memorial de Rivesaltes i a la platja d&#8217;Argelers, on van coincidir amb altres estudiants de secund\u00e0ria de la comarca que havien visitat uns altres espais de mem\u00f2ria transfronterers.<\/p>\n<p>Podeu veure m\u00e9s fotografies de la jornada <a href=\"https:\/\/drive.google.com\/drive\/folders\/12so8f3PD2_srVS1DJUEb00xEKaLBP5qM?usp=sharing\">aqu\u00ed<\/a>.<\/p>\n","protected":false},"excerpt":{"rendered":"<p><a href=\"https:\/\/agora.xtec.cat\/ieslajonquera\/wp-content\/uploads\/usu2014\/2025\/02\/1738597606718-1-1.jpg\"><\/a><a href=\"https:\/\/agora.xtec.cat\/ieslajonquera\/wp-content\/uploads\/usu2014\/2025\/02\/1738597606745-2.jpg\"><\/a>L&#8217;alumnat de 4t d&#8217;ESO va participar, el passat dilluns 3 de febrer, en els actes de commemoraci\u00f3 del Dia Nacional de l&#8217;Exili i la Deportaci\u00f3 organitzada pel Grup de Treball Exili, Deportaci\u00f3 i Holocaust de l&#8217;Alt Empord\u00e0.<br \/>\nVan anar al memorial de Rivesaltes i&hellip;  <a href=\"https:\/\/agora.xtec.cat\/ieslajonquera\/general\/actes-de-commemoracio-del-dia-nacional-de-lexili-i-la-deportacio\/\" title=\"Read Actes de commemoraci\u00f3 del Dia Nacional de l&#8217;Exili i la Deportaci\u00f3\">Llegeix m\u00e9s\u00bb<\/a><\/p>\n","protected":false},"author":3,"featured_media":5969,"comment_status":"open","ping_status":"closed","sticky":false,"template":"","format":"standard","meta":{"_bbp_topic_count":0,"_bbp_reply_count":0,"_bbp_total_topic_count":0,"_bbp_total_reply_count":0,"_bbp_voice_count":0,"_bbp_anonymous_reply_count":0,"_bbp_topic_count_hidden":0,"_bbp_reply_count_hidden":0,"_bbp_forum_subforum_count":0,"footnotes":""},"categories":[7,3,1],"tags":[145],"class_list":["post-5967","post","type-post","status-publish","format-standard","has-post-thumbnail","hentry","category-eso-4","category-eso","category-general","tag-historia"],"post_mailing_queue_ids":[],"_links":{"self":[{"href":"https:\/\/agora.xtec.cat\/ieslajonquera\/wp-json\/wp\/v2\/posts\/5967","targetHints":{"allow":["GET"]}}],"collection":[{"href":"https:\/\/agora.xtec.cat\/ieslajonquera\/wp-json\/wp\/v2\/posts"}],"about":[{"href":"https:\/\/agora.xtec.cat\/ieslajonquera\/wp-json\/wp\/v2\/types\/post"}],"author":[{"embeddable":true,"href":"https:\/\/agora.xtec.cat\/ieslajonquera\/wp-json\/wp\/v2\/users\/3"}],"replies":[{"embeddable":true,"href":"https:\/\/agora.xtec.cat\/ieslajonquera\/wp-json\/wp\/v2\/comments?post=5967"}],"version-history":[{"count":1,"href":"https:\/\/agora.xtec.cat\/ieslajonquera\/wp-json\/wp\/v2\/posts\/5967\/revisions"}],"predecessor-version":[{"id":5970,"href":"https:\/\/agora.xtec.cat\/ieslajonquera\/wp-json\/wp\/v2\/posts\/5967\/revisions\/5970"}],"wp:featuredmedia":[{"embeddable":true,"href":"https:\/\/agora.xtec.cat\/ieslajonquera\/wp-json\/wp\/v2\/media\/5969"}],"wp:attachment":[{"href":"https:\/\/agora.xtec.cat\/ieslajonquera\/wp-json\/wp\/v2\/media?parent=5967"}],"wp:term":[{"taxonomy":"category","embeddable":true,"href":"https:\/\/agora.xtec.cat\/ieslajonquera\/wp-json\/wp\/v2\/categories?post=5967"},{"taxonomy":"post_tag","embeddable":true,"href":"https:\/\/agora.xtec.cat\/ieslajonquera\/wp-json\/wp\/v2\/tags?post=5967"}],"curies":[{"name":"wp","href":"https:\/\/api.w.org\/{rel}","templated":true}]}}