{"id":5958,"date":"2025-02-05T13:10:24","date_gmt":"2025-02-05T12:10:24","guid":{"rendered":"https:\/\/agora.xtec.cat\/ieslajonquera\/?p=5958"},"modified":"2025-02-05T13:11:30","modified_gmt":"2025-02-05T12:11:30","slug":"bons-resultats-en-la-copa-cangur-de-matematiques","status":"publish","type":"post","link":"https:\/\/agora.xtec.cat\/ieslajonquera\/general\/bons-resultats-en-la-copa-cangur-de-matematiques\/","title":{"rendered":"Bons resultats en la Copa Cangur de Matem\u00e0tiques"},"content":{"rendered":"<p style=\"text-align: justify;\"><a href=\"https:\/\/agora.xtec.cat\/ieslajonquera\/wp-content\/uploads\/usu2014\/2025\/02\/IMG-20250130-WA0002.jpg\"><img loading=\"lazy\" decoding=\"async\" class=\" wp-image-5959 alignleft\" src=\"https:\/\/agora.xtec.cat\/ieslajonquera\/wp-content\/uploads\/usu2014\/2025\/02\/IMG-20250130-WA0002-472x1024.jpg\" alt=\"\" width=\"217\" height=\"471\" srcset=\"https:\/\/agora.xtec.cat\/ieslajonquera\/wp-content\/uploads\/usu2014\/2025\/02\/IMG-20250130-WA0002-472x1024.jpg 472w, https:\/\/agora.xtec.cat\/ieslajonquera\/wp-content\/uploads\/usu2014\/2025\/02\/IMG-20250130-WA0002-138x300.jpg 138w, https:\/\/agora.xtec.cat\/ieslajonquera\/wp-content\/uploads\/usu2014\/2025\/02\/IMG-20250130-WA0002-708x1536.jpg 708w, https:\/\/agora.xtec.cat\/ieslajonquera\/wp-content\/uploads\/usu2014\/2025\/02\/IMG-20250130-WA0002.jpg 737w\" sizes=\"auto, (max-width: 217px) 100vw, 217px\" \/><\/a><a href=\"https:\/\/agora.xtec.cat\/ieslajonquera\/wp-content\/uploads\/usu2014\/2025\/02\/IMG-20250130-WA0004.jpg\"><img loading=\"lazy\" decoding=\"async\" class=\"wp-image-5960 alignleft\" src=\"https:\/\/agora.xtec.cat\/ieslajonquera\/wp-content\/uploads\/usu2014\/2025\/02\/IMG-20250130-WA0004-472x1024.jpg\" alt=\"\" width=\"218\" height=\"472\" \/><\/a>Alguns alumnes d&#8217;ESO del centre van participar el passat 29 de gener a la Copa Cangur, a l&#8217;INS Olivar Gran de Figueres. Es tracta d&#8217;un concurs presencial de resoluci\u00f3 de problemes de matem\u00e0tiques en equip, organitzat per la Societat Catalana de Matem\u00e0tiques.<\/p>\n<p style=\"text-align: justify;\">Hi va participar un equip de cada categoria format pels alumnes:<\/p>\n<p style=\"text-align: justify;\">Cadet (1r i 2n d&#8217;ESO): Joan V\u00e1zquez, Biel Bar\u00f3, Aina Jorge, Eva Boix, Lafqu\u00e9n \u00c1lvarez, Marta Ledesma i Alaa Icharmad<\/p>\n<p style=\"text-align: justify;\">J\u00fanior (3r i 4t d&#8217;ESO): Jad Taligui, V\u00edctor Hern\u00e1ndez, Juli\u00e0 Fiol, Iago Meil\u00e1n, Elsa Rodrigo, Nora Quintana i Ma\u00eblle Cord\u00f3n<\/p>\n<p style=\"text-align: justify;\">Els felicitem pel seu esfor\u00e7 i implicaci\u00f3 i celebrem la medalla de bronze obtinguda per l&#8217;equip J\u00fanior.<\/p>\n","protected":false},"excerpt":{"rendered":"<p><a href=\"https:\/\/agora.xtec.cat\/ieslajonquera\/wp-content\/uploads\/usu2014\/2025\/02\/IMG-20250130-WA0002.jpg\"><\/a><a href=\"https:\/\/agora.xtec.cat\/ieslajonquera\/wp-content\/uploads\/usu2014\/2025\/02\/IMG-20250130-WA0004.jpg\"><\/a>Alguns alumnes d&#8217;ESO del centre van participar el passat 29 de gener a la Copa Cangur, a l&#8217;INS Olivar Gran de Figueres. Es tracta d&#8217;un concurs presencial de resoluci\u00f3 de problemes de matem\u00e0tiques en equip, organitzat per la Societat Catalana de Matem\u00e0tiques.<br \/>\nHi va&hellip;  <a href=\"https:\/\/agora.xtec.cat\/ieslajonquera\/general\/bons-resultats-en-la-copa-cangur-de-matematiques\/\" title=\"Read Bons resultats en la Copa Cangur de Matem\u00e0tiques\">Llegeix m\u00e9s\u00bb<\/a><\/p>\n","protected":false},"author":3,"featured_media":5960,"comment_status":"open","ping_status":"closed","sticky":false,"template":"","format":"standard","meta":{"_bbp_topic_count":0,"_bbp_reply_count":0,"_bbp_total_topic_count":0,"_bbp_total_reply_count":0,"_bbp_voice_count":0,"_bbp_anonymous_reply_count":0,"_bbp_topic_count_hidden":0,"_bbp_reply_count_hidden":0,"_bbp_forum_subforum_count":0,"footnotes":""},"categories":[3,1],"tags":[106,131],"class_list":["post-5958","post","type-post","status-publish","format-standard","has-post-thumbnail","hentry","category-eso","category-general","tag-concurs","tag-matematiques"],"post_mailing_queue_ids":[],"_links":{"self":[{"href":"https:\/\/agora.xtec.cat\/ieslajonquera\/wp-json\/wp\/v2\/posts\/5958","targetHints":{"allow":["GET"]}}],"collection":[{"href":"https:\/\/agora.xtec.cat\/ieslajonquera\/wp-json\/wp\/v2\/posts"}],"about":[{"href":"https:\/\/agora.xtec.cat\/ieslajonquera\/wp-json\/wp\/v2\/types\/post"}],"author":[{"embeddable":true,"href":"https:\/\/agora.xtec.cat\/ieslajonquera\/wp-json\/wp\/v2\/users\/3"}],"replies":[{"embeddable":true,"href":"https:\/\/agora.xtec.cat\/ieslajonquera\/wp-json\/wp\/v2\/comments?post=5958"}],"version-history":[{"count":1,"href":"https:\/\/agora.xtec.cat\/ieslajonquera\/wp-json\/wp\/v2\/posts\/5958\/revisions"}],"predecessor-version":[{"id":5961,"href":"https:\/\/agora.xtec.cat\/ieslajonquera\/wp-json\/wp\/v2\/posts\/5958\/revisions\/5961"}],"wp:featuredmedia":[{"embeddable":true,"href":"https:\/\/agora.xtec.cat\/ieslajonquera\/wp-json\/wp\/v2\/media\/5960"}],"wp:attachment":[{"href":"https:\/\/agora.xtec.cat\/ieslajonquera\/wp-json\/wp\/v2\/media?parent=5958"}],"wp:term":[{"taxonomy":"category","embeddable":true,"href":"https:\/\/agora.xtec.cat\/ieslajonquera\/wp-json\/wp\/v2\/categories?post=5958"},{"taxonomy":"post_tag","embeddable":true,"href":"https:\/\/agora.xtec.cat\/ieslajonquera\/wp-json\/wp\/v2\/tags?post=5958"}],"curies":[{"name":"wp","href":"https:\/\/api.w.org\/{rel}","templated":true}]}}