{"id":5946,"date":"2025-01-26T20:53:48","date_gmt":"2025-01-26T19:53:48","guid":{"rendered":"https:\/\/agora.xtec.cat\/ieslajonquera\/?p=5946"},"modified":"2025-01-26T20:53:48","modified_gmt":"2025-01-26T19:53:48","slug":"lalumnat-de-1r-deso-al-mume","status":"publish","type":"post","link":"https:\/\/agora.xtec.cat\/ieslajonquera\/general\/lalumnat-de-1r-deso-al-mume\/","title":{"rendered":"L&#8217;alumnat de 1r d&#8217;ESO, al MUME"},"content":{"rendered":"<p style=\"text-align: justify;\"><a href=\"https:\/\/agora.xtec.cat\/ieslajonquera\/wp-content\/uploads\/usu2014\/2025\/01\/20250114_1327201.jpg\"><img loading=\"lazy\" decoding=\"async\" class=\" wp-image-5947 alignleft\" src=\"https:\/\/agora.xtec.cat\/ieslajonquera\/wp-content\/uploads\/usu2014\/2025\/01\/20250114_1327201.jpg\" alt=\"\" width=\"276\" height=\"207\" srcset=\"https:\/\/agora.xtec.cat\/ieslajonquera\/wp-content\/uploads\/usu2014\/2025\/01\/20250114_1327201.jpg 1024w, https:\/\/agora.xtec.cat\/ieslajonquera\/wp-content\/uploads\/usu2014\/2025\/01\/20250114_1327201-300x225.jpg 300w, https:\/\/agora.xtec.cat\/ieslajonquera\/wp-content\/uploads\/usu2014\/2025\/01\/20250114_1327201-768x576.jpg 768w, https:\/\/agora.xtec.cat\/ieslajonquera\/wp-content\/uploads\/usu2014\/2025\/01\/20250114_1327201-200x150.jpg 200w\" sizes=\"auto, (max-width: 276px) 100vw, 276px\" \/><\/a><a href=\"https:\/\/agora.xtec.cat\/ieslajonquera\/wp-content\/uploads\/usu2014\/2025\/01\/20250122_1317451.jpg\"><img loading=\"lazy\" decoding=\"async\" class=\" wp-image-5948 alignleft\" src=\"https:\/\/agora.xtec.cat\/ieslajonquera\/wp-content\/uploads\/usu2014\/2025\/01\/20250122_1317451.jpg\" alt=\"\" width=\"276\" height=\"207\" srcset=\"https:\/\/agora.xtec.cat\/ieslajonquera\/wp-content\/uploads\/usu2014\/2025\/01\/20250122_1317451.jpg 1024w, https:\/\/agora.xtec.cat\/ieslajonquera\/wp-content\/uploads\/usu2014\/2025\/01\/20250122_1317451-300x225.jpg 300w, https:\/\/agora.xtec.cat\/ieslajonquera\/wp-content\/uploads\/usu2014\/2025\/01\/20250122_1317451-768x576.jpg 768w, https:\/\/agora.xtec.cat\/ieslajonquera\/wp-content\/uploads\/usu2014\/2025\/01\/20250122_1317451-200x150.jpg 200w\" sizes=\"auto, (max-width: 276px) 100vw, 276px\" \/><\/a><a href=\"https:\/\/agora.xtec.cat\/ieslajonquera\/wp-content\/uploads\/usu2014\/2025\/01\/20250123_1158531.jpg\"><img loading=\"lazy\" decoding=\"async\" class=\" wp-image-5949 alignleft\" src=\"https:\/\/agora.xtec.cat\/ieslajonquera\/wp-content\/uploads\/usu2014\/2025\/01\/20250123_1158531.jpg\" alt=\"\" width=\"277\" height=\"208\" srcset=\"https:\/\/agora.xtec.cat\/ieslajonquera\/wp-content\/uploads\/usu2014\/2025\/01\/20250123_1158531.jpg 1024w, https:\/\/agora.xtec.cat\/ieslajonquera\/wp-content\/uploads\/usu2014\/2025\/01\/20250123_1158531-300x225.jpg 300w, https:\/\/agora.xtec.cat\/ieslajonquera\/wp-content\/uploads\/usu2014\/2025\/01\/20250123_1158531-768x576.jpg 768w, https:\/\/agora.xtec.cat\/ieslajonquera\/wp-content\/uploads\/usu2014\/2025\/01\/20250123_1158531-200x150.jpg 200w\" sizes=\"auto, (max-width: 277px) 100vw, 277px\" \/><\/a>Els tres grups de 1r d&#8217;ESO han visitat el MUME (Museu Memorial de l&#8217;Exili), a la Jonquera, des de la mat\u00e8ria de Catal\u00e0, amb l&#8217;objectiu de fer-hi una primera aproximaci\u00f3 en el marc del projecte &#8220;Guerra Civil i exilis&#8221;. Un cop finalitzada la visita, han participat en el taller &#8220;Not\u00edcies de l&#8217;Exili&#8221;, en qu\u00e8 durant una estona s&#8217;han convertit en periodistes.<\/p>\n","protected":false},"excerpt":{"rendered":"<p><a href=\"https:\/\/agora.xtec.cat\/ieslajonquera\/wp-content\/uploads\/usu2014\/2025\/01\/20250114_1327201.jpg\"><\/a><a href=\"https:\/\/agora.xtec.cat\/ieslajonquera\/wp-content\/uploads\/usu2014\/2025\/01\/20250122_1317451.jpg\"><\/a><a href=\"https:\/\/agora.xtec.cat\/ieslajonquera\/wp-content\/uploads\/usu2014\/2025\/01\/20250123_1158531.jpg\"><\/a>Els tres grups de 1r d&#8217;ESO han visitat el MUME (Museu Memorial de l&#8217;Exili), a la Jonquera, des de la mat\u00e8ria de Catal\u00e0, amb l&#8217;objectiu de fer-hi una primera aproximaci\u00f3 en el marc del projecte &#8220;Guerra Civil i exilis&#8221;. Un cop finalitzada&hellip;  <a href=\"https:\/\/agora.xtec.cat\/ieslajonquera\/general\/lalumnat-de-1r-deso-al-mume\/\" title=\"Read L&#8217;alumnat de 1r d&#8217;ESO, al MUME\">Llegeix m\u00e9s\u00bb<\/a><\/p>\n","protected":false},"author":3,"featured_media":5948,"comment_status":"open","ping_status":"closed","sticky":false,"template":"","format":"standard","meta":{"_bbp_topic_count":0,"_bbp_reply_count":0,"_bbp_total_topic_count":0,"_bbp_total_reply_count":0,"_bbp_voice_count":0,"_bbp_anonymous_reply_count":0,"_bbp_topic_count_hidden":0,"_bbp_reply_count_hidden":0,"_bbp_forum_subforum_count":0,"footnotes":""},"categories":[4,3,1],"tags":[145,132,39],"class_list":["post-5946","post","type-post","status-publish","format-standard","has-post-thumbnail","hentry","category-eso-1","category-eso","category-general","tag-historia","tag-projectes","tag-sortides"],"post_mailing_queue_ids":[],"_links":{"self":[{"href":"https:\/\/agora.xtec.cat\/ieslajonquera\/wp-json\/wp\/v2\/posts\/5946","targetHints":{"allow":["GET"]}}],"collection":[{"href":"https:\/\/agora.xtec.cat\/ieslajonquera\/wp-json\/wp\/v2\/posts"}],"about":[{"href":"https:\/\/agora.xtec.cat\/ieslajonquera\/wp-json\/wp\/v2\/types\/post"}],"author":[{"embeddable":true,"href":"https:\/\/agora.xtec.cat\/ieslajonquera\/wp-json\/wp\/v2\/users\/3"}],"replies":[{"embeddable":true,"href":"https:\/\/agora.xtec.cat\/ieslajonquera\/wp-json\/wp\/v2\/comments?post=5946"}],"version-history":[{"count":1,"href":"https:\/\/agora.xtec.cat\/ieslajonquera\/wp-json\/wp\/v2\/posts\/5946\/revisions"}],"predecessor-version":[{"id":5950,"href":"https:\/\/agora.xtec.cat\/ieslajonquera\/wp-json\/wp\/v2\/posts\/5946\/revisions\/5950"}],"wp:featuredmedia":[{"embeddable":true,"href":"https:\/\/agora.xtec.cat\/ieslajonquera\/wp-json\/wp\/v2\/media\/5948"}],"wp:attachment":[{"href":"https:\/\/agora.xtec.cat\/ieslajonquera\/wp-json\/wp\/v2\/media?parent=5946"}],"wp:term":[{"taxonomy":"category","embeddable":true,"href":"https:\/\/agora.xtec.cat\/ieslajonquera\/wp-json\/wp\/v2\/categories?post=5946"},{"taxonomy":"post_tag","embeddable":true,"href":"https:\/\/agora.xtec.cat\/ieslajonquera\/wp-json\/wp\/v2\/tags?post=5946"}],"curies":[{"name":"wp","href":"https:\/\/api.w.org\/{rel}","templated":true}]}}