{"id":5938,"date":"2025-01-26T20:27:44","date_gmt":"2025-01-26T19:27:44","guid":{"rendered":"https:\/\/agora.xtec.cat\/ieslajonquera\/?p=5938"},"modified":"2025-01-26T20:27:44","modified_gmt":"2025-01-26T19:27:44","slug":"projecte-de-tecnologia-a-4t-deso","status":"publish","type":"post","link":"https:\/\/agora.xtec.cat\/ieslajonquera\/general\/projecte-de-tecnologia-a-4t-deso\/","title":{"rendered":"Projecte de Tecnologia a 4t d&#8217;ESO"},"content":{"rendered":"<p style=\"text-align: justify;\"><a href=\"https:\/\/agora.xtec.cat\/ieslajonquera\/wp-content\/uploads\/usu2014\/2025\/01\/4t-dESO_Generacio-Reset.jpg\"><img loading=\"lazy\" decoding=\"async\" class=\" wp-image-5939 alignleft\" src=\"https:\/\/agora.xtec.cat\/ieslajonquera\/wp-content\/uploads\/usu2014\/2025\/01\/4t-dESO_Generacio-Reset-1024x768.jpg\" alt=\"\" width=\"332\" height=\"249\" srcset=\"https:\/\/agora.xtec.cat\/ieslajonquera\/wp-content\/uploads\/usu2014\/2025\/01\/4t-dESO_Generacio-Reset-1024x768.jpg 1024w, https:\/\/agora.xtec.cat\/ieslajonquera\/wp-content\/uploads\/usu2014\/2025\/01\/4t-dESO_Generacio-Reset-300x225.jpg 300w, https:\/\/agora.xtec.cat\/ieslajonquera\/wp-content\/uploads\/usu2014\/2025\/01\/4t-dESO_Generacio-Reset-768x576.jpg 768w, https:\/\/agora.xtec.cat\/ieslajonquera\/wp-content\/uploads\/usu2014\/2025\/01\/4t-dESO_Generacio-Reset-1536x1152.jpg 1536w, https:\/\/agora.xtec.cat\/ieslajonquera\/wp-content\/uploads\/usu2014\/2025\/01\/4t-dESO_Generacio-Reset-200x150.jpg 200w, https:\/\/agora.xtec.cat\/ieslajonquera\/wp-content\/uploads\/usu2014\/2025\/01\/4t-dESO_Generacio-Reset.jpg 1600w\" sizes=\"auto, (max-width: 332px) 100vw, 332px\" \/><\/a>Els alumnes 4t d&#8217;ESO, a la mat\u00e8ria de Tecnologia, han participat en un projecte que integra l&#8217;educaci\u00f3 ambiental i les pr\u00e0ctiques sostenibles en l&#8217;\u00e0mbit educatiu, tot oferint als estudiants l&#8217;oportunitat d&#8217;adquirir habilitats t\u00e8cniques i una major consci\u00e8ncia ecol\u00f2gica. A m\u00e9s, el projecte busca conscienciar sobre l&#8217;impacte ambiental i social de la producci\u00f3 i el consum de dispositius electr\u00f2nics, promovent la reparaci\u00f3, la reutilitzaci\u00f3 i el reciclatge com a alternatives sostenibles.<\/p>\n<p style=\"text-align: justify;\">En el marc d&#8217;aquest projecte, juntament amb &#8220;<a href=\"https:\/\/www.generacioreset.cat\/\">Generaci\u00f3 Reset<\/a>&#8220;, diversos instituts han participat en tallers pr\u00e0ctics on els estudiants aprenen a desmuntar, analitzar i reparar dispositius m\u00f2bils. Aquests tallers tamb\u00e9 inclouen formaci\u00f3 sobre l&#8217;optimitzaci\u00f3 de l&#8217;\u00fas dels dispositius i la import\u00e0ncia de la reutilitzaci\u00f3 i el reciclatge.<\/p>\n<p style=\"text-align: justify;\">Trobareu una mostra del projecte al vest\u00edbul de l&#8217;institut.<\/p>\n","protected":false},"excerpt":{"rendered":"<p><a href=\"https:\/\/agora.xtec.cat\/ieslajonquera\/wp-content\/uploads\/usu2014\/2025\/01\/4t-dESO_Generacio-Reset.jpg\"><\/a>Els alumnes 4t d&#8217;ESO, a la mat\u00e8ria de Tecnologia, han participat en un projecte que integra l&#8217;educaci\u00f3 ambiental i les pr\u00e0ctiques sostenibles en l&#8217;\u00e0mbit educatiu, tot oferint als estudiants l&#8217;oportunitat d&#8217;adquirir habilitats t\u00e8cniques i una major consci\u00e8ncia ecol\u00f2gica. A m\u00e9s, el projecte busca conscienciar&hellip;  <a href=\"https:\/\/agora.xtec.cat\/ieslajonquera\/general\/projecte-de-tecnologia-a-4t-deso\/\" title=\"Read Projecte de Tecnologia a 4t d&#8217;ESO\">Llegeix m\u00e9s\u00bb<\/a><\/p>\n","protected":false},"author":3,"featured_media":5939,"comment_status":"open","ping_status":"closed","sticky":false,"template":"","format":"standard","meta":{"_bbp_topic_count":0,"_bbp_reply_count":0,"_bbp_total_topic_count":0,"_bbp_total_reply_count":0,"_bbp_voice_count":0,"_bbp_anonymous_reply_count":0,"_bbp_topic_count_hidden":0,"_bbp_reply_count_hidden":0,"_bbp_forum_subforum_count":0,"footnotes":""},"categories":[7,3,1],"tags":[132,128,138],"class_list":["post-5938","post","type-post","status-publish","format-standard","has-post-thumbnail","hentry","category-eso-4","category-eso","category-general","tag-projectes","tag-sostenibilitat","tag-tecnologia"],"post_mailing_queue_ids":[],"_links":{"self":[{"href":"https:\/\/agora.xtec.cat\/ieslajonquera\/wp-json\/wp\/v2\/posts\/5938","targetHints":{"allow":["GET"]}}],"collection":[{"href":"https:\/\/agora.xtec.cat\/ieslajonquera\/wp-json\/wp\/v2\/posts"}],"about":[{"href":"https:\/\/agora.xtec.cat\/ieslajonquera\/wp-json\/wp\/v2\/types\/post"}],"author":[{"embeddable":true,"href":"https:\/\/agora.xtec.cat\/ieslajonquera\/wp-json\/wp\/v2\/users\/3"}],"replies":[{"embeddable":true,"href":"https:\/\/agora.xtec.cat\/ieslajonquera\/wp-json\/wp\/v2\/comments?post=5938"}],"version-history":[{"count":1,"href":"https:\/\/agora.xtec.cat\/ieslajonquera\/wp-json\/wp\/v2\/posts\/5938\/revisions"}],"predecessor-version":[{"id":5940,"href":"https:\/\/agora.xtec.cat\/ieslajonquera\/wp-json\/wp\/v2\/posts\/5938\/revisions\/5940"}],"wp:featuredmedia":[{"embeddable":true,"href":"https:\/\/agora.xtec.cat\/ieslajonquera\/wp-json\/wp\/v2\/media\/5939"}],"wp:attachment":[{"href":"https:\/\/agora.xtec.cat\/ieslajonquera\/wp-json\/wp\/v2\/media?parent=5938"}],"wp:term":[{"taxonomy":"category","embeddable":true,"href":"https:\/\/agora.xtec.cat\/ieslajonquera\/wp-json\/wp\/v2\/categories?post=5938"},{"taxonomy":"post_tag","embeddable":true,"href":"https:\/\/agora.xtec.cat\/ieslajonquera\/wp-json\/wp\/v2\/tags?post=5938"}],"curies":[{"name":"wp","href":"https:\/\/api.w.org\/{rel}","templated":true}]}}