{"id":5931,"date":"2025-01-12T18:10:59","date_gmt":"2025-01-12T17:10:59","guid":{"rendered":"https:\/\/agora.xtec.cat\/ieslajonquera\/?p=5931"},"modified":"2025-01-12T18:10:59","modified_gmt":"2025-01-12T17:10:59","slug":"taller-espectacle-a-3r-deso","status":"publish","type":"post","link":"https:\/\/agora.xtec.cat\/ieslajonquera\/general\/taller-espectacle-a-3r-deso\/","title":{"rendered":"Taller-espectacle a 3r d&#8217;ESO"},"content":{"rendered":"<p><a href=\"https:\/\/agora.xtec.cat\/ieslajonquera\/wp-content\/uploads\/usu2014\/2025\/01\/IMG-20250108-WA0002.jpg\"><img loading=\"lazy\" decoding=\"async\" class=\" wp-image-5932 alignleft\" src=\"https:\/\/agora.xtec.cat\/ieslajonquera\/wp-content\/uploads\/usu2014\/2025\/01\/IMG-20250108-WA0002-1024x768.jpg\" alt=\"\" width=\"233\" height=\"175\" srcset=\"https:\/\/agora.xtec.cat\/ieslajonquera\/wp-content\/uploads\/usu2014\/2025\/01\/IMG-20250108-WA0002-1024x768.jpg 1024w, https:\/\/agora.xtec.cat\/ieslajonquera\/wp-content\/uploads\/usu2014\/2025\/01\/IMG-20250108-WA0002-300x225.jpg 300w, https:\/\/agora.xtec.cat\/ieslajonquera\/wp-content\/uploads\/usu2014\/2025\/01\/IMG-20250108-WA0002-768x576.jpg 768w, https:\/\/agora.xtec.cat\/ieslajonquera\/wp-content\/uploads\/usu2014\/2025\/01\/IMG-20250108-WA0002-1536x1152.jpg 1536w, https:\/\/agora.xtec.cat\/ieslajonquera\/wp-content\/uploads\/usu2014\/2025\/01\/IMG-20250108-WA0002-200x150.jpg 200w, https:\/\/agora.xtec.cat\/ieslajonquera\/wp-content\/uploads\/usu2014\/2025\/01\/IMG-20250108-WA0002.jpg 2048w\" sizes=\"auto, (max-width: 233px) 100vw, 233px\" \/><\/a>El passat dimecres 8 de gener, l&#8217;alumnat de 3r d&#8217;ESO va participar en el taller-espectacle &#8220;L&#8217;equilibri \u00e9s cosa de dos&#8221; en el marc del programa Sigues Tu i a c\u00e0rrec de la companyia teatral &#8220;la Nave Va&#8221;. L&#8217;objectiu de l&#8217;activitat \u00e9s fomentar la reflexi\u00f3 sobre la construcci\u00f3 social de g\u00e8nere, el rol social de les dones i els homes i els mites de l&#8217;amor rom\u00e0ntic.<\/p>\n","protected":false},"excerpt":{"rendered":"<p><a href=\"https:\/\/agora.xtec.cat\/ieslajonquera\/wp-content\/uploads\/usu2014\/2025\/01\/IMG-20250108-WA0002.jpg\"><\/a>El passat dimecres 8 de gener, l&#8217;alumnat de 3r d&#8217;ESO va participar en el taller-espectacle &#8220;L&#8217;equilibri \u00e9s cosa de dos&#8221; en el marc del programa Sigues Tu i a c\u00e0rrec de la companyia teatral &#8220;la Nave Va&#8221;. L&#8217;objectiu de l&#8217;activitat \u00e9s fomentar la reflexi\u00f3&hellip;  <a href=\"https:\/\/agora.xtec.cat\/ieslajonquera\/general\/taller-espectacle-a-3r-deso\/\" title=\"Read Taller-espectacle a 3r d&#8217;ESO\">Llegeix m\u00e9s\u00bb<\/a><\/p>\n","protected":false},"author":3,"featured_media":5932,"comment_status":"open","ping_status":"closed","sticky":false,"template":"","format":"standard","meta":{"_bbp_topic_count":0,"_bbp_reply_count":0,"_bbp_total_topic_count":0,"_bbp_total_reply_count":0,"_bbp_voice_count":0,"_bbp_anonymous_reply_count":0,"_bbp_topic_count_hidden":0,"_bbp_reply_count_hidden":0,"_bbp_forum_subforum_count":0,"footnotes":""},"categories":[6,3,1],"tags":[120,40],"class_list":["post-5931","post","type-post","status-publish","format-standard","has-post-thumbnail","hentry","category-eso-3","category-eso","category-general","tag-convivencia","tag-teatre"],"post_mailing_queue_ids":[],"_links":{"self":[{"href":"https:\/\/agora.xtec.cat\/ieslajonquera\/wp-json\/wp\/v2\/posts\/5931","targetHints":{"allow":["GET"]}}],"collection":[{"href":"https:\/\/agora.xtec.cat\/ieslajonquera\/wp-json\/wp\/v2\/posts"}],"about":[{"href":"https:\/\/agora.xtec.cat\/ieslajonquera\/wp-json\/wp\/v2\/types\/post"}],"author":[{"embeddable":true,"href":"https:\/\/agora.xtec.cat\/ieslajonquera\/wp-json\/wp\/v2\/users\/3"}],"replies":[{"embeddable":true,"href":"https:\/\/agora.xtec.cat\/ieslajonquera\/wp-json\/wp\/v2\/comments?post=5931"}],"version-history":[{"count":1,"href":"https:\/\/agora.xtec.cat\/ieslajonquera\/wp-json\/wp\/v2\/posts\/5931\/revisions"}],"predecessor-version":[{"id":5933,"href":"https:\/\/agora.xtec.cat\/ieslajonquera\/wp-json\/wp\/v2\/posts\/5931\/revisions\/5933"}],"wp:featuredmedia":[{"embeddable":true,"href":"https:\/\/agora.xtec.cat\/ieslajonquera\/wp-json\/wp\/v2\/media\/5932"}],"wp:attachment":[{"href":"https:\/\/agora.xtec.cat\/ieslajonquera\/wp-json\/wp\/v2\/media?parent=5931"}],"wp:term":[{"taxonomy":"category","embeddable":true,"href":"https:\/\/agora.xtec.cat\/ieslajonquera\/wp-json\/wp\/v2\/categories?post=5931"},{"taxonomy":"post_tag","embeddable":true,"href":"https:\/\/agora.xtec.cat\/ieslajonquera\/wp-json\/wp\/v2\/tags?post=5931"}],"curies":[{"name":"wp","href":"https:\/\/api.w.org\/{rel}","templated":true}]}}