{"id":5909,"date":"2024-12-21T23:03:29","date_gmt":"2024-12-21T22:03:29","guid":{"rendered":"https:\/\/agora.xtec.cat\/ieslajonquera\/?p=5909"},"modified":"2024-12-21T23:16:01","modified_gmt":"2024-12-21T22:16:01","slug":"activitats-de-nadal-a-linstitut","status":"publish","type":"post","link":"https:\/\/agora.xtec.cat\/ieslajonquera\/general\/activitats-de-nadal-a-linstitut\/","title":{"rendered":"Activitats de Nadal a l&#8217;institut"},"content":{"rendered":"<p style=\"text-align: justify;\">Al llarg de tota la setmana hi ha hagut diverses activitats de Nadal a l&#8217;institut. Tot seguit, us n&#8217;oferim un petit resum:<\/p>\n<p>L&#8217;alumnat de 1r d&#8217;ESO va fabricar un ti\u00f3 a Projectes, ja que a l&#8217;institut no n&#8217;hi havia cap.<\/p>\n<p>L&#8217;alumnat de 2n d&#8217;ESO va fer espelmes nadalenques a Tecnologia.<\/p>\n<p>L&#8217;alumnat de 4t d&#8217;ESO de l&#8217;optativa d&#8217;Expressi\u00f3 Art\u00edstica va fer felicitacions nadalenques i en va escollir una que va servir de felicitaci\u00f3 oficial de l&#8217;institut.<\/p>\n<p>Va haver-hi un concurs de decoraci\u00f3 d&#8217;aules i els grups guanyadors van ser 1r C i 2n A.<\/p>\n<p>L&#8217;alumnat de 4t d&#8217;ESO de l&#8217;optativa de F\u00edsica i Qu\u00edmica va elaborar un calendari d&#8217;advent qu\u00edmic amb elements i frases nadalenques i qu\u00edmiques.<\/p>\n<table style=\"border-collapse: collapse; width: 84.6699%; height: 10px;\">\n<tbody>\n<tr style=\"height: 173px;\">\n<td style=\"width: 21.5804%; height: 10px;\"><a href=\"https:\/\/agora.xtec.cat\/ieslajonquera\/wp-content\/uploads\/usu2014\/2024\/12\/IMG-20241213-WA0002.jpg\"><img loading=\"lazy\" decoding=\"async\" class=\"wp-image-5923 alignleft\" src=\"https:\/\/agora.xtec.cat\/ieslajonquera\/wp-content\/uploads\/usu2014\/2024\/12\/IMG-20241213-WA0002-768x1024.jpg\" alt=\"\" width=\"256\" height=\"341\" srcset=\"https:\/\/agora.xtec.cat\/ieslajonquera\/wp-content\/uploads\/usu2014\/2024\/12\/IMG-20241213-WA0002-768x1024.jpg 768w, https:\/\/agora.xtec.cat\/ieslajonquera\/wp-content\/uploads\/usu2014\/2024\/12\/IMG-20241213-WA0002-225x300.jpg 225w, https:\/\/agora.xtec.cat\/ieslajonquera\/wp-content\/uploads\/usu2014\/2024\/12\/IMG-20241213-WA0002-1152x1536.jpg 1152w, https:\/\/agora.xtec.cat\/ieslajonquera\/wp-content\/uploads\/usu2014\/2024\/12\/IMG-20241213-WA0002.jpg 1200w\" sizes=\"auto, (max-width: 256px) 100vw, 256px\" \/><\/a><\/p>\n<p>&nbsp;<\/td>\n<td style=\"width: 26.2265%; height: 10px;\"><a href=\"https:\/\/agora.xtec.cat\/ieslajonquera\/wp-content\/uploads\/usu2014\/2024\/12\/IMG-20241217-WA0001.jpg\"><img loading=\"lazy\" decoding=\"async\" class=\"wp-image-5922 aligncenter\" src=\"https:\/\/agora.xtec.cat\/ieslajonquera\/wp-content\/uploads\/usu2014\/2024\/12\/IMG-20241217-WA0001-1024x1024.jpg\" alt=\"\" width=\"309\" height=\"309\" srcset=\"https:\/\/agora.xtec.cat\/ieslajonquera\/wp-content\/uploads\/usu2014\/2024\/12\/IMG-20241217-WA0001-1024x1024.jpg 1024w, https:\/\/agora.xtec.cat\/ieslajonquera\/wp-content\/uploads\/usu2014\/2024\/12\/IMG-20241217-WA0001-300x300.jpg 300w, https:\/\/agora.xtec.cat\/ieslajonquera\/wp-content\/uploads\/usu2014\/2024\/12\/IMG-20241217-WA0001-150x150.jpg 150w, https:\/\/agora.xtec.cat\/ieslajonquera\/wp-content\/uploads\/usu2014\/2024\/12\/IMG-20241217-WA0001-768x768.jpg 768w, https:\/\/agora.xtec.cat\/ieslajonquera\/wp-content\/uploads\/usu2014\/2024\/12\/IMG-20241217-WA0001-1536x1536.jpg 1536w, https:\/\/agora.xtec.cat\/ieslajonquera\/wp-content\/uploads\/usu2014\/2024\/12\/IMG-20241217-WA0001.jpg 2048w\" sizes=\"auto, (max-width: 309px) 100vw, 309px\" \/><\/a><\/td>\n<td style=\"width: 23.1978%; height: 10px;\"><a href=\"https:\/\/agora.xtec.cat\/ieslajonquera\/wp-content\/uploads\/usu2014\/2024\/12\/Screenshot_20241219_193237_Adobe-Acrobat.jpg\"><img loading=\"lazy\" decoding=\"async\" class=\"wp-image-5920 aligncenter\" src=\"https:\/\/agora.xtec.cat\/ieslajonquera\/wp-content\/uploads\/usu2014\/2024\/12\/Screenshot_20241219_193237_Adobe-Acrobat-735x1024.jpg\" alt=\"\" width=\"230\" height=\"321\" srcset=\"https:\/\/agora.xtec.cat\/ieslajonquera\/wp-content\/uploads\/usu2014\/2024\/12\/Screenshot_20241219_193237_Adobe-Acrobat-735x1024.jpg 735w, https:\/\/agora.xtec.cat\/ieslajonquera\/wp-content\/uploads\/usu2014\/2024\/12\/Screenshot_20241219_193237_Adobe-Acrobat-215x300.jpg 215w, https:\/\/agora.xtec.cat\/ieslajonquera\/wp-content\/uploads\/usu2014\/2024\/12\/Screenshot_20241219_193237_Adobe-Acrobat-768x1070.jpg 768w, https:\/\/agora.xtec.cat\/ieslajonquera\/wp-content\/uploads\/usu2014\/2024\/12\/Screenshot_20241219_193237_Adobe-Acrobat.jpg 818w\" sizes=\"auto, (max-width: 230px) 100vw, 230px\" \/><\/a><\/td>\n<td style=\"width: 185.923%; height: 10px;\"><a href=\"https:\/\/agora.xtec.cat\/ieslajonquera\/wp-content\/uploads\/usu2014\/2024\/12\/PhotoCollage_20241219_1222193401.jpg\"><img loading=\"lazy\" decoding=\"async\" class=\"wp-image-5921 aligncenter\" src=\"https:\/\/agora.xtec.cat\/ieslajonquera\/wp-content\/uploads\/usu2014\/2024\/12\/PhotoCollage_20241219_1222193401.jpg\" alt=\"\" width=\"329\" height=\"329\" srcset=\"https:\/\/agora.xtec.cat\/ieslajonquera\/wp-content\/uploads\/usu2014\/2024\/12\/PhotoCollage_20241219_1222193401.jpg 1024w, https:\/\/agora.xtec.cat\/ieslajonquera\/wp-content\/uploads\/usu2014\/2024\/12\/PhotoCollage_20241219_1222193401-300x300.jpg 300w, https:\/\/agora.xtec.cat\/ieslajonquera\/wp-content\/uploads\/usu2014\/2024\/12\/PhotoCollage_20241219_1222193401-150x150.jpg 150w, https:\/\/agora.xtec.cat\/ieslajonquera\/wp-content\/uploads\/usu2014\/2024\/12\/PhotoCollage_20241219_1222193401-768x768.jpg 768w\" sizes=\"auto, (max-width: 329px) 100vw, 329px\" \/><\/a><\/td>\n<\/tr>\n<\/tbody>\n<\/table>\n<p style=\"text-align: justify;\">L&#8217;\u00faltim dia abans de les vacances, el divendres 20 de desembre, va haver-hi un horari especial i els alumnes van participar, en aquest ordre, en diversos tallers, una xocolatada i una quina.<\/p>\n<p style=\"text-align: justify;\">Els tallers que es van oferir estaven organitzats per alumnes i professors. L&#8217;alumnat va poder escollir entre els seg\u00fcents: espelmes, figures amb feltre, jocs de taula, pasta Fimo, maquillatge, lettering, experiments, escacs, torneig de tennis taula, torneig de b\u00e0squet i torneig de futbol.<\/p>\n<table style=\"border-collapse: collapse; width: 98.9255%;\">\n<tbody>\n<tr>\n<td style=\"width: 17.0631%;\"><a href=\"https:\/\/agora.xtec.cat\/ieslajonquera\/wp-content\/uploads\/usu2014\/2024\/12\/IMG_3185-scaled.jpeg\"><img loading=\"lazy\" decoding=\"async\" class=\"alignnone size-large wp-image-5914\" src=\"https:\/\/agora.xtec.cat\/ieslajonquera\/wp-content\/uploads\/usu2014\/2024\/12\/IMG_3185-1024x768.jpeg\" alt=\"\" width=\"1024\" height=\"768\" srcset=\"https:\/\/agora.xtec.cat\/ieslajonquera\/wp-content\/uploads\/usu2014\/2024\/12\/IMG_3185-1024x768.jpeg 1024w, https:\/\/agora.xtec.cat\/ieslajonquera\/wp-content\/uploads\/usu2014\/2024\/12\/IMG_3185-300x225.jpeg 300w, https:\/\/agora.xtec.cat\/ieslajonquera\/wp-content\/uploads\/usu2014\/2024\/12\/IMG_3185-768x576.jpeg 768w, https:\/\/agora.xtec.cat\/ieslajonquera\/wp-content\/uploads\/usu2014\/2024\/12\/IMG_3185-1536x1152.jpeg 1536w, https:\/\/agora.xtec.cat\/ieslajonquera\/wp-content\/uploads\/usu2014\/2024\/12\/IMG_3185-2048x1536.jpeg 2048w, https:\/\/agora.xtec.cat\/ieslajonquera\/wp-content\/uploads\/usu2014\/2024\/12\/IMG_3185-200x150.jpeg 200w\" sizes=\"auto, (max-width: 1024px) 100vw, 1024px\" \/><\/a><\/td>\n<td style=\"width: 28.0945%;\"><a href=\"https:\/\/agora.xtec.cat\/ieslajonquera\/wp-content\/uploads\/usu2014\/2024\/12\/IMG-20241220-WA0002.jpg\"><img loading=\"lazy\" decoding=\"async\" class=\"alignnone wp-image-5915\" src=\"https:\/\/agora.xtec.cat\/ieslajonquera\/wp-content\/uploads\/usu2014\/2024\/12\/IMG-20241220-WA0002-1024x461.jpg\" alt=\"\" width=\"371\" height=\"167\" srcset=\"https:\/\/agora.xtec.cat\/ieslajonquera\/wp-content\/uploads\/usu2014\/2024\/12\/IMG-20241220-WA0002-1024x461.jpg 1024w, https:\/\/agora.xtec.cat\/ieslajonquera\/wp-content\/uploads\/usu2014\/2024\/12\/IMG-20241220-WA0002-300x135.jpg 300w, https:\/\/agora.xtec.cat\/ieslajonquera\/wp-content\/uploads\/usu2014\/2024\/12\/IMG-20241220-WA0002-768x346.jpg 768w, https:\/\/agora.xtec.cat\/ieslajonquera\/wp-content\/uploads\/usu2014\/2024\/12\/IMG-20241220-WA0002-1536x691.jpg 1536w, https:\/\/agora.xtec.cat\/ieslajonquera\/wp-content\/uploads\/usu2014\/2024\/12\/IMG-20241220-WA0002.jpg 1640w\" sizes=\"auto, (max-width: 371px) 100vw, 371px\" \/><\/a><\/td>\n<td style=\"width: 17.7794%;\"><a href=\"https:\/\/agora.xtec.cat\/ieslajonquera\/wp-content\/uploads\/usu2014\/2024\/12\/IMG-20241220-WA0007.jpg\"><img loading=\"lazy\" decoding=\"async\" class=\"alignnone wp-image-5916\" src=\"https:\/\/agora.xtec.cat\/ieslajonquera\/wp-content\/uploads\/usu2014\/2024\/12\/IMG-20241220-WA0007-1024x768.jpg\" alt=\"\" width=\"229\" height=\"172\" srcset=\"https:\/\/agora.xtec.cat\/ieslajonquera\/wp-content\/uploads\/usu2014\/2024\/12\/IMG-20241220-WA0007-1024x768.jpg 1024w, https:\/\/agora.xtec.cat\/ieslajonquera\/wp-content\/uploads\/usu2014\/2024\/12\/IMG-20241220-WA0007-300x225.jpg 300w, https:\/\/agora.xtec.cat\/ieslajonquera\/wp-content\/uploads\/usu2014\/2024\/12\/IMG-20241220-WA0007-768x576.jpg 768w, https:\/\/agora.xtec.cat\/ieslajonquera\/wp-content\/uploads\/usu2014\/2024\/12\/IMG-20241220-WA0007-1536x1152.jpg 1536w, https:\/\/agora.xtec.cat\/ieslajonquera\/wp-content\/uploads\/usu2014\/2024\/12\/IMG-20241220-WA0007-200x150.jpg 200w, https:\/\/agora.xtec.cat\/ieslajonquera\/wp-content\/uploads\/usu2014\/2024\/12\/IMG-20241220-WA0007.jpg 2040w\" sizes=\"auto, (max-width: 229px) 100vw, 229px\" \/><\/a><\/td>\n<td style=\"width: 17.9942%;\"><a href=\"https:\/\/agora.xtec.cat\/ieslajonquera\/wp-content\/uploads\/usu2014\/2024\/12\/IMG-20241220-WA0024.jpg\"><img loading=\"lazy\" decoding=\"async\" class=\"alignnone wp-image-5918\" src=\"https:\/\/agora.xtec.cat\/ieslajonquera\/wp-content\/uploads\/usu2014\/2024\/12\/IMG-20241220-WA0024-1024x768.jpg\" alt=\"\" width=\"231\" height=\"174\" srcset=\"https:\/\/agora.xtec.cat\/ieslajonquera\/wp-content\/uploads\/usu2014\/2024\/12\/IMG-20241220-WA0024-1024x768.jpg 1024w, https:\/\/agora.xtec.cat\/ieslajonquera\/wp-content\/uploads\/usu2014\/2024\/12\/IMG-20241220-WA0024-300x225.jpg 300w, https:\/\/agora.xtec.cat\/ieslajonquera\/wp-content\/uploads\/usu2014\/2024\/12\/IMG-20241220-WA0024-768x576.jpg 768w, https:\/\/agora.xtec.cat\/ieslajonquera\/wp-content\/uploads\/usu2014\/2024\/12\/IMG-20241220-WA0024-1536x1152.jpg 1536w, https:\/\/agora.xtec.cat\/ieslajonquera\/wp-content\/uploads\/usu2014\/2024\/12\/IMG-20241220-WA0024-200x150.jpg 200w, https:\/\/agora.xtec.cat\/ieslajonquera\/wp-content\/uploads\/usu2014\/2024\/12\/IMG-20241220-WA0024.jpg 2040w\" sizes=\"auto, (max-width: 231px) 100vw, 231px\" \/><\/a><\/td>\n<td style=\"width: 17.9943%;\"><a href=\"https:\/\/agora.xtec.cat\/ieslajonquera\/wp-content\/uploads\/usu2014\/2024\/12\/IMG_31811-rotated.jpeg\"><img loading=\"lazy\" decoding=\"async\" class=\"alignnone wp-image-5919\" src=\"https:\/\/agora.xtec.cat\/ieslajonquera\/wp-content\/uploads\/usu2014\/2024\/12\/IMG_31811-rotated.jpeg\" alt=\"\" width=\"230\" height=\"172\" srcset=\"https:\/\/agora.xtec.cat\/ieslajonquera\/wp-content\/uploads\/usu2014\/2024\/12\/IMG_31811-rotated.jpeg 1024w, https:\/\/agora.xtec.cat\/ieslajonquera\/wp-content\/uploads\/usu2014\/2024\/12\/IMG_31811-300x225.jpeg 300w, https:\/\/agora.xtec.cat\/ieslajonquera\/wp-content\/uploads\/usu2014\/2024\/12\/IMG_31811-768x576.jpeg 768w, https:\/\/agora.xtec.cat\/ieslajonquera\/wp-content\/uploads\/usu2014\/2024\/12\/IMG_31811-200x150.jpeg 200w\" sizes=\"auto, (max-width: 230px) 100vw, 230px\" \/><\/a><\/td>\n<\/tr>\n<\/tbody>\n<\/table>\n<p style=\"text-align: justify;\">La xocolatada va estar organitzada per l&#8217;alumnat del PFI i va comptar amb la col\u00b7laboraci\u00f3 de l&#8217;AFA:<\/p>\n<p><a href=\"https:\/\/agora.xtec.cat\/ieslajonquera\/wp-content\/uploads\/usu2014\/2024\/12\/IMG-20241220-WA0015.jpg\"><img loading=\"lazy\" decoding=\"async\" class=\"alignnone wp-image-5913\" src=\"https:\/\/agora.xtec.cat\/ieslajonquera\/wp-content\/uploads\/usu2014\/2024\/12\/IMG-20241220-WA0015-1024x768.jpg\" alt=\"\" width=\"277\" height=\"208\" srcset=\"https:\/\/agora.xtec.cat\/ieslajonquera\/wp-content\/uploads\/usu2014\/2024\/12\/IMG-20241220-WA0015-1024x768.jpg 1024w, https:\/\/agora.xtec.cat\/ieslajonquera\/wp-content\/uploads\/usu2014\/2024\/12\/IMG-20241220-WA0015-300x225.jpg 300w, https:\/\/agora.xtec.cat\/ieslajonquera\/wp-content\/uploads\/usu2014\/2024\/12\/IMG-20241220-WA0015-768x576.jpg 768w, https:\/\/agora.xtec.cat\/ieslajonquera\/wp-content\/uploads\/usu2014\/2024\/12\/IMG-20241220-WA0015-1536x1152.jpg 1536w, https:\/\/agora.xtec.cat\/ieslajonquera\/wp-content\/uploads\/usu2014\/2024\/12\/IMG-20241220-WA0015-200x150.jpg 200w, https:\/\/agora.xtec.cat\/ieslajonquera\/wp-content\/uploads\/usu2014\/2024\/12\/IMG-20241220-WA0015.jpg 2040w\" sizes=\"auto, (max-width: 277px) 100vw, 277px\" \/><\/a><\/p>\n<p style=\"text-align: justify;\">La quina la va cantar en Joan, l&#8217;administratiu, acompanyat per la Judit, la T\u00e8cnica en Integraci\u00f3 Social. Va haver-hi diversos premis tant per l\u00ednies com per quines, <span class=\"gmail_signature_prefix\">oferts per diferents establiments: Ca la Maria, Fruites i verdures Lloveras, Kebab Europizza, Tramuntana, Gran Jonquera i Esclat, i amb la col\u00b7laboraci\u00f3 de l\u2019AFA.<\/span><\/p>\n<table style=\"border-collapse: collapse; width: 36.7466%;\">\n<tbody>\n<tr>\n<td style=\"width: 19.193%;\"><a href=\"https:\/\/agora.xtec.cat\/ieslajonquera\/wp-content\/uploads\/usu2014\/2024\/12\/Equips.jpg\"><img loading=\"lazy\" decoding=\"async\" class=\"alignnone wp-image-5906\" src=\"https:\/\/agora.xtec.cat\/ieslajonquera\/wp-content\/uploads\/usu2014\/2024\/12\/Equips-724x1024.jpg\" alt=\"\" width=\"233\" height=\"330\" srcset=\"https:\/\/agora.xtec.cat\/ieslajonquera\/wp-content\/uploads\/usu2014\/2024\/12\/Equips-724x1024.jpg 724w, https:\/\/agora.xtec.cat\/ieslajonquera\/wp-content\/uploads\/usu2014\/2024\/12\/Equips-212x300.jpg 212w, https:\/\/agora.xtec.cat\/ieslajonquera\/wp-content\/uploads\/usu2014\/2024\/12\/Equips-768x1086.jpg 768w, https:\/\/agora.xtec.cat\/ieslajonquera\/wp-content\/uploads\/usu2014\/2024\/12\/Equips-1086x1536.jpg 1086w, https:\/\/agora.xtec.cat\/ieslajonquera\/wp-content\/uploads\/usu2014\/2024\/12\/Equips-1448x2048.jpg 1448w, https:\/\/agora.xtec.cat\/ieslajonquera\/wp-content\/uploads\/usu2014\/2024\/12\/Equips.jpg 1587w\" sizes=\"auto, (max-width: 233px) 100vw, 233px\" \/><\/a><\/td>\n<td style=\"width: 20.4117%;\"><a href=\"https:\/\/agora.xtec.cat\/ieslajonquera\/wp-content\/uploads\/usu2014\/2024\/12\/20241220_1330261-rotated.jpg\"><img loading=\"lazy\" decoding=\"async\" class=\"alignnone size-full wp-image-5912\" src=\"https:\/\/agora.xtec.cat\/ieslajonquera\/wp-content\/uploads\/usu2014\/2024\/12\/20241220_1330261-rotated.jpg\" alt=\"\" width=\"768\" height=\"1024\" srcset=\"https:\/\/agora.xtec.cat\/ieslajonquera\/wp-content\/uploads\/usu2014\/2024\/12\/20241220_1330261-rotated.jpg 768w, https:\/\/agora.xtec.cat\/ieslajonquera\/wp-content\/uploads\/usu2014\/2024\/12\/20241220_1330261-225x300.jpg 225w\" sizes=\"auto, (max-width: 768px) 100vw, 768px\" \/><\/a><\/td>\n<\/tr>\n<\/tbody>\n<\/table>\n<p>Podeu veure m\u00e9s fotografies i v\u00eddeos de les activitats de Nadal <a href=\"https:\/\/drive.google.com\/drive\/folders\/1pW3bfxsnvCNeeV40MGvavjkpNs0ZOdrN?usp=sharing\">aqu\u00ed<\/a>.<\/p>\n","protected":false},"excerpt":{"rendered":"<p>Al llarg de tota la setmana hi ha hagut diverses activitats de Nadal a l&#8217;institut. Tot seguit, us n&#8217;oferim un petit resum:<br \/>\nL&#8217;alumnat de 1r d&#8217;ESO va fabricar un ti\u00f3 a Projectes, ja que a l&#8217;institut no n&#8217;hi havia cap.<br \/>\nL&#8217;alumnat de 2n d&#8217;ESO va fer espelmes&hellip;  <a href=\"https:\/\/agora.xtec.cat\/ieslajonquera\/general\/activitats-de-nadal-a-linstitut\/\" title=\"Read Activitats de Nadal a l&#8217;institut\">Llegeix m\u00e9s\u00bb<\/a><\/p>\n","protected":false},"author":3,"featured_media":5922,"comment_status":"open","ping_status":"closed","sticky":false,"template":"","format":"standard","meta":{"_bbp_topic_count":0,"_bbp_reply_count":0,"_bbp_total_topic_count":0,"_bbp_total_reply_count":0,"_bbp_voice_count":0,"_bbp_anonymous_reply_count":0,"_bbp_topic_count_hidden":0,"_bbp_reply_count_hidden":0,"_bbp_forum_subforum_count":0,"footnotes":""},"categories":[1],"tags":[120],"class_list":["post-5909","post","type-post","status-publish","format-standard","has-post-thumbnail","hentry","category-general","tag-convivencia"],"post_mailing_queue_ids":[],"_links":{"self":[{"href":"https:\/\/agora.xtec.cat\/ieslajonquera\/wp-json\/wp\/v2\/posts\/5909","targetHints":{"allow":["GET"]}}],"collection":[{"href":"https:\/\/agora.xtec.cat\/ieslajonquera\/wp-json\/wp\/v2\/posts"}],"about":[{"href":"https:\/\/agora.xtec.cat\/ieslajonquera\/wp-json\/wp\/v2\/types\/post"}],"author":[{"embeddable":true,"href":"https:\/\/agora.xtec.cat\/ieslajonquera\/wp-json\/wp\/v2\/users\/3"}],"replies":[{"embeddable":true,"href":"https:\/\/agora.xtec.cat\/ieslajonquera\/wp-json\/wp\/v2\/comments?post=5909"}],"version-history":[{"count":4,"href":"https:\/\/agora.xtec.cat\/ieslajonquera\/wp-json\/wp\/v2\/posts\/5909\/revisions"}],"predecessor-version":[{"id":5927,"href":"https:\/\/agora.xtec.cat\/ieslajonquera\/wp-json\/wp\/v2\/posts\/5909\/revisions\/5927"}],"wp:featuredmedia":[{"embeddable":true,"href":"https:\/\/agora.xtec.cat\/ieslajonquera\/wp-json\/wp\/v2\/media\/5922"}],"wp:attachment":[{"href":"https:\/\/agora.xtec.cat\/ieslajonquera\/wp-json\/wp\/v2\/media?parent=5909"}],"wp:term":[{"taxonomy":"category","embeddable":true,"href":"https:\/\/agora.xtec.cat\/ieslajonquera\/wp-json\/wp\/v2\/categories?post=5909"},{"taxonomy":"post_tag","embeddable":true,"href":"https:\/\/agora.xtec.cat\/ieslajonquera\/wp-json\/wp\/v2\/tags?post=5909"}],"curies":[{"name":"wp","href":"https:\/\/api.w.org\/{rel}","templated":true}]}}