{"id":5894,"date":"2024-12-15T20:18:36","date_gmt":"2024-12-15T19:18:36","guid":{"rendered":"https:\/\/agora.xtec.cat\/ieslajonquera\/?p=5894"},"modified":"2024-12-15T20:33:58","modified_gmt":"2024-12-15T19:33:58","slug":"el-25-n-al-nostre-centre","status":"publish","type":"post","link":"https:\/\/agora.xtec.cat\/ieslajonquera\/general\/el-25-n-al-nostre-centre\/","title":{"rendered":"El 25 N al nostre centre"},"content":{"rendered":"<p style=\"text-align: justify;\"><a href=\"https:\/\/agora.xtec.cat\/ieslajonquera\/wp-content\/uploads\/usu2014\/2024\/12\/violencia-dones.jpg\"><img loading=\"lazy\" decoding=\"async\" class=\"wp-image-5896 size-full alignleft\" src=\"https:\/\/agora.xtec.cat\/ieslajonquera\/wp-content\/uploads\/usu2014\/2024\/12\/violencia-dones-e1734290071176.jpg\" alt=\"\" width=\"180\" height=\"295\" \/><\/a>El 25 de novembre \u00e9s el Dia Internacional de l&#8217;Eliminaci\u00f3 de la Viol\u00e8ncia Contra les Dones i al nostre centre els membres de la Comissi\u00f3 de Coeducaci\u00f3 van organitzar les seg\u00fcents activitats:<\/p>\n<p style=\"text-align: justify;\">A 1r d&#8217;ESO l&#8217;alumnat va visionar un v\u00eddeo sobre l&#8217;iceberg de la viol\u00e8ncia i va fer un debat al voltant d&#8217;aquest tema.<\/p>\n<p style=\"text-align: justify;\">A 2n d&#8217;ESO l&#8217;alumnat va veure un v\u00eddeo sobre la viol\u00e8ncia a les xarxes i va fer una din\u00e0mica on havia de respondre preguntes sobre qu\u00e8 farien ells en una situaci\u00f3 hipot\u00e8tica de viol\u00e8ncia a les xarxes.<\/p>\n<p style=\"text-align: justify;\">A 3r d&#8217;ESO es va parlar de conceptes b\u00e0sics com qu\u00e8 \u00e9s el patriarcat o el masclisme i l&#8217;alumnat va respondre un K<em>ahoot<\/em>. Despr\u00e9s va llegir un fragment d&#8217;un llibre sobre la viol\u00e8ncia a la inf\u00e0ncia.<\/p>\n<p style=\"text-align: justify;\">A 4t d&#8217;ESO l&#8217;alumnat va buscar dades en una p\u00e0gina web que fa un recompte dels feminicidis al llarg de l&#8217;any i <span class=\"il\">en va fer<\/span> una an\u00e0lisi amb gr\u00e0fics.<\/p>\n<p style=\"text-align: justify;\">A 1r de batxillerat, l&#8217;alumnat que cursa la mat\u00e8ria de Creaci\u00f3 liter\u00e0ria, durant el mes de novembre va estar treballant una situaci\u00f3 d&#8217;aprenentatge titulada &#8220;Hi ha masclisme i no el veus&#8221; en la qual es van analitzar les lletres de les can\u00e7ons actuals per tal de detectar rols de g\u00e8nere. L&#8217;objectiu final d&#8217;aquest projecte era la creaci\u00f3 d&#8217;una can\u00e7\u00f3 col\u00b7lectiva en commemoraci\u00f3 del <span class=\"il\">25N<\/span>; la lletra la van escriure de manera conjunta tots els alumnes (la podeu llegir <a href=\"https:\/\/drive.google.com\/file\/d\/1IkV3QQxcl9uyC8N08e4Afr8rjo2i9rzC\/view?usp=sharing\">aqu\u00ed<\/a>) i la base musical es va crear amb l&#8217;ajuda d&#8217;una aplicaci\u00f3 d&#8217;intel\u00b7lig\u00e8ncia artificial. El resultat final van ser dues can\u00e7ons: una amb l&#8217;estil musical <em>pop<\/em> (la podeu escoltar <a href=\"https:\/\/drive.google.com\/file\/d\/1qHlRh_QMNgtJ1f_8MrkXNESqG-kS0_pH\/view?usp=sharing\">aqu\u00ed<\/a>) i l&#8217;altra amb l&#8217;estil musical <em>rock <\/em>(la podeu escoltar <a href=\"https:\/\/drive.google.com\/file\/d\/1RtuceAbUCopQS0qyX-IWP0AcAwvuMEgj\/view?usp=sharing\">aqu\u00ed<\/a>).<\/p>\n<div>\n<p style=\"text-align: justify;\">A 2n de batxillerat, l&#8217;alumnat va participar en una activitat sobre <em>grooming<\/em>, assetjament i ab\u00fas sexual a trav\u00e9s d\u2019Internet, organitzada per Nextus Global. Aquesta iniciativa va permetre reflexionar sobre els riscos en l\u2019entorn digital i la import\u00e0ncia de prevenir conductes abusives, tot promovent valors com el respecte i la responsabilitat. Mitjan\u00e7ant din\u00e0miques i exemples reals, els i les estudiants van adquirir eines per identificar i combatre aquestes situacions per tal de fomentar un espai segur i conscient tant en l\u00ednia com fora de la xarxa.<\/p>\n<\/div>\n","protected":false},"excerpt":{"rendered":"<p><a href=\"https:\/\/agora.xtec.cat\/ieslajonquera\/wp-content\/uploads\/usu2014\/2024\/12\/violencia-dones.jpg\"><\/a>El 25 de novembre \u00e9s el Dia Internacional de l&#8217;Eliminaci\u00f3 de la Viol\u00e8ncia Contra les Dones i al nostre centre els membres de la Comissi\u00f3 de Coeducaci\u00f3 van organitzar les seg\u00fcents activitats:<br \/>\nA 1r d&#8217;ESO l&#8217;alumnat va visionar un v\u00eddeo sobre l&#8217;iceberg de la viol\u00e8ncia&hellip;  <a href=\"https:\/\/agora.xtec.cat\/ieslajonquera\/general\/el-25-n-al-nostre-centre\/\" title=\"Read El 25 N al nostre centre\">Llegeix m\u00e9s\u00bb<\/a><\/p>\n","protected":false},"author":3,"featured_media":5898,"comment_status":"open","ping_status":"closed","sticky":false,"template":"","format":"standard","meta":{"_bbp_topic_count":0,"_bbp_reply_count":0,"_bbp_total_topic_count":0,"_bbp_total_reply_count":0,"_bbp_voice_count":0,"_bbp_anonymous_reply_count":0,"_bbp_topic_count_hidden":0,"_bbp_reply_count_hidden":0,"_bbp_forum_subforum_count":0,"footnotes":""},"categories":[1],"tags":[120,122],"class_list":["post-5894","post","type-post","status-publish","format-standard","has-post-thumbnail","hentry","category-general","tag-convivencia","tag-valors"],"post_mailing_queue_ids":[],"_links":{"self":[{"href":"https:\/\/agora.xtec.cat\/ieslajonquera\/wp-json\/wp\/v2\/posts\/5894","targetHints":{"allow":["GET"]}}],"collection":[{"href":"https:\/\/agora.xtec.cat\/ieslajonquera\/wp-json\/wp\/v2\/posts"}],"about":[{"href":"https:\/\/agora.xtec.cat\/ieslajonquera\/wp-json\/wp\/v2\/types\/post"}],"author":[{"embeddable":true,"href":"https:\/\/agora.xtec.cat\/ieslajonquera\/wp-json\/wp\/v2\/users\/3"}],"replies":[{"embeddable":true,"href":"https:\/\/agora.xtec.cat\/ieslajonquera\/wp-json\/wp\/v2\/comments?post=5894"}],"version-history":[{"count":1,"href":"https:\/\/agora.xtec.cat\/ieslajonquera\/wp-json\/wp\/v2\/posts\/5894\/revisions"}],"predecessor-version":[{"id":5897,"href":"https:\/\/agora.xtec.cat\/ieslajonquera\/wp-json\/wp\/v2\/posts\/5894\/revisions\/5897"}],"wp:featuredmedia":[{"embeddable":true,"href":"https:\/\/agora.xtec.cat\/ieslajonquera\/wp-json\/wp\/v2\/media\/5898"}],"wp:attachment":[{"href":"https:\/\/agora.xtec.cat\/ieslajonquera\/wp-json\/wp\/v2\/media?parent=5894"}],"wp:term":[{"taxonomy":"category","embeddable":true,"href":"https:\/\/agora.xtec.cat\/ieslajonquera\/wp-json\/wp\/v2\/categories?post=5894"},{"taxonomy":"post_tag","embeddable":true,"href":"https:\/\/agora.xtec.cat\/ieslajonquera\/wp-json\/wp\/v2\/tags?post=5894"}],"curies":[{"name":"wp","href":"https:\/\/api.w.org\/{rel}","templated":true}]}}