{"id":5880,"date":"2024-12-08T12:25:42","date_gmt":"2024-12-08T11:25:42","guid":{"rendered":"https:\/\/agora.xtec.cat\/ieslajonquera\/?p=5880"},"modified":"2024-12-08T12:33:03","modified_gmt":"2024-12-08T11:33:03","slug":"xerrada-sobre-la-marato-de-3cat","status":"publish","type":"post","link":"https:\/\/agora.xtec.cat\/ieslajonquera\/general\/xerrada-sobre-la-marato-de-3cat\/","title":{"rendered":"Xerrada de La Marat\u00f3 de 3Cat"},"content":{"rendered":"<p><a href=\"https:\/\/agora.xtec.cat\/ieslajonquera\/wp-content\/uploads\/usu2014\/2024\/12\/Xerrada-La-Marato-1-rotated.jpg\"><img loading=\"lazy\" decoding=\"async\" class=\" wp-image-5881 alignleft\" src=\"https:\/\/agora.xtec.cat\/ieslajonquera\/wp-content\/uploads\/usu2014\/2024\/12\/Xerrada-La-Marato-1-rotated.jpg\" alt=\"\" width=\"178\" height=\"237\" srcset=\"https:\/\/agora.xtec.cat\/ieslajonquera\/wp-content\/uploads\/usu2014\/2024\/12\/Xerrada-La-Marato-1-rotated.jpg 768w, https:\/\/agora.xtec.cat\/ieslajonquera\/wp-content\/uploads\/usu2014\/2024\/12\/Xerrada-La-Marato-1-225x300.jpg 225w\" sizes=\"auto, (max-width: 178px) 100vw, 178px\" \/><\/a><a href=\"https:\/\/agora.xtec.cat\/ieslajonquera\/wp-content\/uploads\/usu2014\/2024\/12\/marato.jpg\"><img loading=\"lazy\" decoding=\"async\" class=\" wp-image-5882 alignleft\" src=\"https:\/\/agora.xtec.cat\/ieslajonquera\/wp-content\/uploads\/usu2014\/2024\/12\/marato-782x1024.jpg\" alt=\"\" width=\"182\" height=\"238\" \/><\/a>Xerrada de La Marat\u00f3 de 3Cat a tots els cursos d&#8217;ESO i Batxillerat per conscienciar sobre la import\u00e0ncia de la recerca pneumol\u00f2gica.<\/p>\n<p>La 33a edici\u00f3 de <a href=\"https:\/\/www.3cat.cat\/tv3\/marato\/2024\/330\/\">La Marat\u00f3<\/a> de 3Cat, que se celebrar\u00e0 el diumenge 15 de desembre, est\u00e0 dedicada a les malalties respirat\u00f2ries.<\/p>\n","protected":false},"excerpt":{"rendered":"<p><a href=\"https:\/\/agora.xtec.cat\/ieslajonquera\/wp-content\/uploads\/usu2014\/2024\/12\/Xerrada-La-Marato-1-rotated.jpg\"><\/a><a href=\"https:\/\/agora.xtec.cat\/ieslajonquera\/wp-content\/uploads\/usu2014\/2024\/12\/marato.jpg\"><\/a>Xerrada de La Marat\u00f3 de 3Cat a tots els cursos d&#8217;ESO i Batxillerat per conscienciar sobre la import\u00e0ncia de la recerca pneumol\u00f2gica.<br \/>\nLa 33a edici\u00f3 de <a href=\"https:\/\/www.3cat.cat\/tv3\/marato\/2024\/330\/\">La Marat\u00f3<\/a> de 3Cat, que se celebrar\u00e0 el diumenge 15 de desembre, est\u00e0 dedicada a les malalties&hellip;  <a href=\"https:\/\/agora.xtec.cat\/ieslajonquera\/general\/xerrada-sobre-la-marato-de-3cat\/\" title=\"Read Xerrada de La Marat\u00f3 de 3Cat\">Llegeix m\u00e9s\u00bb<\/a><\/p>\n","protected":false},"author":3,"featured_media":5882,"comment_status":"open","ping_status":"closed","sticky":false,"template":"","format":"standard","meta":{"_bbp_topic_count":0,"_bbp_reply_count":0,"_bbp_total_topic_count":0,"_bbp_total_reply_count":0,"_bbp_voice_count":0,"_bbp_anonymous_reply_count":0,"_bbp_topic_count_hidden":0,"_bbp_reply_count_hidden":0,"_bbp_forum_subforum_count":0,"footnotes":""},"categories":[1],"tags":[44],"class_list":["post-5880","post","type-post","status-publish","format-standard","has-post-thumbnail","hentry","category-general","tag-xerrades"],"post_mailing_queue_ids":[],"_links":{"self":[{"href":"https:\/\/agora.xtec.cat\/ieslajonquera\/wp-json\/wp\/v2\/posts\/5880","targetHints":{"allow":["GET"]}}],"collection":[{"href":"https:\/\/agora.xtec.cat\/ieslajonquera\/wp-json\/wp\/v2\/posts"}],"about":[{"href":"https:\/\/agora.xtec.cat\/ieslajonquera\/wp-json\/wp\/v2\/types\/post"}],"author":[{"embeddable":true,"href":"https:\/\/agora.xtec.cat\/ieslajonquera\/wp-json\/wp\/v2\/users\/3"}],"replies":[{"embeddable":true,"href":"https:\/\/agora.xtec.cat\/ieslajonquera\/wp-json\/wp\/v2\/comments?post=5880"}],"version-history":[{"count":3,"href":"https:\/\/agora.xtec.cat\/ieslajonquera\/wp-json\/wp\/v2\/posts\/5880\/revisions"}],"predecessor-version":[{"id":5885,"href":"https:\/\/agora.xtec.cat\/ieslajonquera\/wp-json\/wp\/v2\/posts\/5880\/revisions\/5885"}],"wp:featuredmedia":[{"embeddable":true,"href":"https:\/\/agora.xtec.cat\/ieslajonquera\/wp-json\/wp\/v2\/media\/5882"}],"wp:attachment":[{"href":"https:\/\/agora.xtec.cat\/ieslajonquera\/wp-json\/wp\/v2\/media?parent=5880"}],"wp:term":[{"taxonomy":"category","embeddable":true,"href":"https:\/\/agora.xtec.cat\/ieslajonquera\/wp-json\/wp\/v2\/categories?post=5880"},{"taxonomy":"post_tag","embeddable":true,"href":"https:\/\/agora.xtec.cat\/ieslajonquera\/wp-json\/wp\/v2\/tags?post=5880"}],"curies":[{"name":"wp","href":"https:\/\/api.w.org\/{rel}","templated":true}]}}