{"id":5868,"date":"2024-12-08T11:46:06","date_gmt":"2024-12-08T10:46:06","guid":{"rendered":"https:\/\/agora.xtec.cat\/ieslajonquera\/?p=5868"},"modified":"2024-12-08T11:49:15","modified_gmt":"2024-12-08T10:49:15","slug":"xerrada-tric-tricks-a-3r-deso","status":"publish","type":"post","link":"https:\/\/agora.xtec.cat\/ieslajonquera\/general\/xerrada-tric-tricks-a-3r-deso\/","title":{"rendered":"Xerrada &#8220;Tric-tricks&#8221; a 3r d&#8217;ESO"},"content":{"rendered":"<p style=\"text-align: justify;\"><a href=\"https:\/\/agora.xtec.cat\/ieslajonquera\/wp-content\/uploads\/usu2014\/2024\/12\/2n-dESO_Tric-tricks.jpg\"><img loading=\"lazy\" decoding=\"async\" class=\" wp-image-5870 alignleft\" src=\"https:\/\/agora.xtec.cat\/ieslajonquera\/wp-content\/uploads\/usu2014\/2024\/12\/2n-dESO_Tric-tricks-576x1024.jpg\" alt=\"\" width=\"154\" height=\"274\" srcset=\"https:\/\/agora.xtec.cat\/ieslajonquera\/wp-content\/uploads\/usu2014\/2024\/12\/2n-dESO_Tric-tricks-576x1024.jpg 576w, https:\/\/agora.xtec.cat\/ieslajonquera\/wp-content\/uploads\/usu2014\/2024\/12\/2n-dESO_Tric-tricks-169x300.jpg 169w, https:\/\/agora.xtec.cat\/ieslajonquera\/wp-content\/uploads\/usu2014\/2024\/12\/2n-dESO_Tric-tricks-768x1366.jpg 768w, https:\/\/agora.xtec.cat\/ieslajonquera\/wp-content\/uploads\/usu2014\/2024\/12\/2n-dESO_Tric-tricks-864x1536.jpg 864w, https:\/\/agora.xtec.cat\/ieslajonquera\/wp-content\/uploads\/usu2014\/2024\/12\/2n-dESO_Tric-tricks.jpg 899w\" sizes=\"auto, (max-width: 154px) 100vw, 154px\" \/><\/a>El passat dijous 28 de novembre, l&#8217;alumnat de 3r d&#8217;ESO va assistir a la xerrada &#8220;Tric-tricks&#8221;, a c\u00e0rrec de l&#8217;empresa PDS, subvencionada pel Consell Comarcal a trav\u00e9s de la Motxilla pedag\u00f2gica.<\/p>\n<p style=\"text-align: justify;\">Es tracta d&#8217;un programa de promoci\u00f3 i prevenci\u00f3 dels riscos associats a la utilitzaci\u00f3 de les pantalles. L&#8217;objectiu general \u00e9s promoure usos adequats de les pantalles (TRIC, Tecnologies de la Relaci\u00f3, Informaci\u00f3 i Comunicaci\u00f3), tot afavorint la reflexi\u00f3 sobre els seus aspectes positius i negatius.<\/p>\n","protected":false},"excerpt":{"rendered":"<p><a href=\"https:\/\/agora.xtec.cat\/ieslajonquera\/wp-content\/uploads\/usu2014\/2024\/12\/2n-dESO_Tric-tricks.jpg\"><\/a>El passat dijous 28 de novembre, l&#8217;alumnat de 3r d&#8217;ESO va assistir a la xerrada &#8220;Tric-tricks&#8221;, a c\u00e0rrec de l&#8217;empresa PDS, subvencionada pel Consell Comarcal a trav\u00e9s de la Motxilla pedag\u00f2gica.<br \/>\nEs tracta d&#8217;un programa de promoci\u00f3 i prevenci\u00f3 dels riscos associats a la utilitzaci\u00f3&hellip;  <a href=\"https:\/\/agora.xtec.cat\/ieslajonquera\/general\/xerrada-tric-tricks-a-3r-deso\/\" title=\"Read Xerrada &#8220;Tric-tricks&#8221; a 3r d&#8217;ESO\">Llegeix m\u00e9s\u00bb<\/a><\/p>\n","protected":false},"author":3,"featured_media":5870,"comment_status":"open","ping_status":"closed","sticky":false,"template":"","format":"standard","meta":{"_bbp_topic_count":0,"_bbp_reply_count":0,"_bbp_total_topic_count":0,"_bbp_total_reply_count":0,"_bbp_voice_count":0,"_bbp_anonymous_reply_count":0,"_bbp_topic_count_hidden":0,"_bbp_reply_count_hidden":0,"_bbp_forum_subforum_count":0,"footnotes":""},"categories":[6,3,1],"tags":[44],"class_list":["post-5868","post","type-post","status-publish","format-standard","has-post-thumbnail","hentry","category-eso-3","category-eso","category-general","tag-xerrades"],"post_mailing_queue_ids":[],"_links":{"self":[{"href":"https:\/\/agora.xtec.cat\/ieslajonquera\/wp-json\/wp\/v2\/posts\/5868","targetHints":{"allow":["GET"]}}],"collection":[{"href":"https:\/\/agora.xtec.cat\/ieslajonquera\/wp-json\/wp\/v2\/posts"}],"about":[{"href":"https:\/\/agora.xtec.cat\/ieslajonquera\/wp-json\/wp\/v2\/types\/post"}],"author":[{"embeddable":true,"href":"https:\/\/agora.xtec.cat\/ieslajonquera\/wp-json\/wp\/v2\/users\/3"}],"replies":[{"embeddable":true,"href":"https:\/\/agora.xtec.cat\/ieslajonquera\/wp-json\/wp\/v2\/comments?post=5868"}],"version-history":[{"count":1,"href":"https:\/\/agora.xtec.cat\/ieslajonquera\/wp-json\/wp\/v2\/posts\/5868\/revisions"}],"predecessor-version":[{"id":5871,"href":"https:\/\/agora.xtec.cat\/ieslajonquera\/wp-json\/wp\/v2\/posts\/5868\/revisions\/5871"}],"wp:featuredmedia":[{"embeddable":true,"href":"https:\/\/agora.xtec.cat\/ieslajonquera\/wp-json\/wp\/v2\/media\/5870"}],"wp:attachment":[{"href":"https:\/\/agora.xtec.cat\/ieslajonquera\/wp-json\/wp\/v2\/media?parent=5868"}],"wp:term":[{"taxonomy":"category","embeddable":true,"href":"https:\/\/agora.xtec.cat\/ieslajonquera\/wp-json\/wp\/v2\/categories?post=5868"},{"taxonomy":"post_tag","embeddable":true,"href":"https:\/\/agora.xtec.cat\/ieslajonquera\/wp-json\/wp\/v2\/tags?post=5868"}],"curies":[{"name":"wp","href":"https:\/\/api.w.org\/{rel}","templated":true}]}}