{"id":5861,"date":"2024-12-02T18:16:40","date_gmt":"2024-12-02T17:16:40","guid":{"rendered":"https:\/\/agora.xtec.cat\/ieslajonquera\/?p=5861"},"modified":"2024-12-02T18:20:03","modified_gmt":"2024-12-02T17:20:03","slug":"taller-sobre-art-generatiu-a-1r-de-batxillerat","status":"publish","type":"post","link":"https:\/\/agora.xtec.cat\/ieslajonquera\/general\/taller-sobre-art-generatiu-a-1r-de-batxillerat\/","title":{"rendered":"Taller sobre art generatiu a 1r de Batxillerat"},"content":{"rendered":"<p style=\"text-align: justify;\"><a href=\"https:\/\/agora.xtec.cat\/ieslajonquera\/wp-content\/uploads\/usu2014\/2024\/12\/IMG-20241125-WA0006.jpg\"><img loading=\"lazy\" decoding=\"async\" class=\" wp-image-5862 alignleft\" src=\"https:\/\/agora.xtec.cat\/ieslajonquera\/wp-content\/uploads\/usu2014\/2024\/12\/IMG-20241125-WA0006-768x1024.jpg\" alt=\"\" width=\"186\" height=\"248\" srcset=\"https:\/\/agora.xtec.cat\/ieslajonquera\/wp-content\/uploads\/usu2014\/2024\/12\/IMG-20241125-WA0006-768x1024.jpg 768w, https:\/\/agora.xtec.cat\/ieslajonquera\/wp-content\/uploads\/usu2014\/2024\/12\/IMG-20241125-WA0006-225x300.jpg 225w, https:\/\/agora.xtec.cat\/ieslajonquera\/wp-content\/uploads\/usu2014\/2024\/12\/IMG-20241125-WA0006-1152x1536.jpg 1152w, https:\/\/agora.xtec.cat\/ieslajonquera\/wp-content\/uploads\/usu2014\/2024\/12\/IMG-20241125-WA0006.jpg 1536w\" sizes=\"auto, (max-width: 186px) 100vw, 186px\" \/><\/a><a href=\"https:\/\/agora.xtec.cat\/ieslajonquera\/wp-content\/uploads\/usu2014\/2024\/12\/IMG-20241125-WA0005.jpg\"><img loading=\"lazy\" decoding=\"async\" class=\" wp-image-5865 alignleft\" src=\"https:\/\/agora.xtec.cat\/ieslajonquera\/wp-content\/uploads\/usu2014\/2024\/12\/IMG-20241125-WA0005-768x1024.jpg\" alt=\"\" width=\"187\" height=\"250\" srcset=\"https:\/\/agora.xtec.cat\/ieslajonquera\/wp-content\/uploads\/usu2014\/2024\/12\/IMG-20241125-WA0005-768x1024.jpg 768w, https:\/\/agora.xtec.cat\/ieslajonquera\/wp-content\/uploads\/usu2014\/2024\/12\/IMG-20241125-WA0005-225x300.jpg 225w, https:\/\/agora.xtec.cat\/ieslajonquera\/wp-content\/uploads\/usu2014\/2024\/12\/IMG-20241125-WA0005-1152x1536.jpg 1152w, https:\/\/agora.xtec.cat\/ieslajonquera\/wp-content\/uploads\/usu2014\/2024\/12\/IMG-20241125-WA0005.jpg 1536w\" sizes=\"auto, (max-width: 187px) 100vw, 187px\" \/><\/a><a href=\"https:\/\/agora.xtec.cat\/ieslajonquera\/wp-content\/uploads\/usu2014\/2024\/12\/IMG-20241125-WA0000.jpg\"><img loading=\"lazy\" decoding=\"async\" class=\" wp-image-5866 alignleft\" src=\"https:\/\/agora.xtec.cat\/ieslajonquera\/wp-content\/uploads\/usu2014\/2024\/12\/IMG-20241125-WA0000-768x1024.jpg\" alt=\"\" width=\"188\" height=\"250\" srcset=\"https:\/\/agora.xtec.cat\/ieslajonquera\/wp-content\/uploads\/usu2014\/2024\/12\/IMG-20241125-WA0000-768x1024.jpg 768w, https:\/\/agora.xtec.cat\/ieslajonquera\/wp-content\/uploads\/usu2014\/2024\/12\/IMG-20241125-WA0000-225x300.jpg 225w, https:\/\/agora.xtec.cat\/ieslajonquera\/wp-content\/uploads\/usu2014\/2024\/12\/IMG-20241125-WA0000-1152x1536.jpg 1152w, https:\/\/agora.xtec.cat\/ieslajonquera\/wp-content\/uploads\/usu2014\/2024\/12\/IMG-20241125-WA0000.jpg 1536w\" sizes=\"auto, (max-width: 188px) 100vw, 188px\" \/><\/a>L&#8217;alumnat de 1r de Batxillerat va participar, el passat dijous 21 de novembre, en un taller proposat per l&#8217;Oriol Cava, del centre d&#8217;artistes Les Ant\u00edpodes, d&#8217;Agullana en col\u00b7laboraci\u00f3 amb el MUME. Van comptat amb la col\u00b7laboraci\u00f3 de l&#8217;artista Xavi Heeey, que est\u00e0 desenvolupant el projecte &#8220;\u00c0 la ville de&#8221; amb l&#8217;objectiu final de crear un mon\u00f2lit vertical de pedra on es faran diverses intervencions per demostrar l&#8217;impacte del turisme a la Mediterr\u00e0nia.<\/p>\n<p style=\"text-align: justify;\">Concretament, els alumnes van poder dur a terme una petita intervenci\u00f3 guiada sobre una pe\u00e7a de plastilina per experimentar de primera m\u00e0 el proc\u00e9s creatiu de l&#8217;art generatiu.<\/p>\n<p style=\"text-align: justify;\">\n","protected":false},"excerpt":{"rendered":"<p><a href=\"https:\/\/agora.xtec.cat\/ieslajonquera\/wp-content\/uploads\/usu2014\/2024\/12\/IMG-20241125-WA0006.jpg\"><\/a><a href=\"https:\/\/agora.xtec.cat\/ieslajonquera\/wp-content\/uploads\/usu2014\/2024\/12\/IMG-20241125-WA0005.jpg\"><\/a><a href=\"https:\/\/agora.xtec.cat\/ieslajonquera\/wp-content\/uploads\/usu2014\/2024\/12\/IMG-20241125-WA0000.jpg\"><\/a>L&#8217;alumnat de 1r de Batxillerat va participar, el passat dijous 21 de novembre, en un taller proposat per l&#8217;Oriol Cava, del centre d&#8217;artistes Les Ant\u00edpodes, d&#8217;Agullana en col\u00b7laboraci\u00f3 amb el MUME. Van comptat amb la col\u00b7laboraci\u00f3 de l&#8217;artista Xavi Heeey, que est\u00e0&hellip;  <a href=\"https:\/\/agora.xtec.cat\/ieslajonquera\/general\/taller-sobre-art-generatiu-a-1r-de-batxillerat\/\" title=\"Read Taller sobre art generatiu a 1r de Batxillerat\">Llegeix m\u00e9s\u00bb<\/a><\/p>\n","protected":false},"author":3,"featured_media":5866,"comment_status":"open","ping_status":"closed","sticky":false,"template":"","format":"standard","meta":{"_bbp_topic_count":0,"_bbp_reply_count":0,"_bbp_total_topic_count":0,"_bbp_total_reply_count":0,"_bbp_voice_count":0,"_bbp_anonymous_reply_count":0,"_bbp_topic_count_hidden":0,"_bbp_reply_count_hidden":0,"_bbp_forum_subforum_count":0,"footnotes":""},"categories":[1],"tags":[150],"class_list":["post-5861","post","type-post","status-publish","format-standard","has-post-thumbnail","hentry","category-general","tag-art"],"post_mailing_queue_ids":[],"_links":{"self":[{"href":"https:\/\/agora.xtec.cat\/ieslajonquera\/wp-json\/wp\/v2\/posts\/5861","targetHints":{"allow":["GET"]}}],"collection":[{"href":"https:\/\/agora.xtec.cat\/ieslajonquera\/wp-json\/wp\/v2\/posts"}],"about":[{"href":"https:\/\/agora.xtec.cat\/ieslajonquera\/wp-json\/wp\/v2\/types\/post"}],"author":[{"embeddable":true,"href":"https:\/\/agora.xtec.cat\/ieslajonquera\/wp-json\/wp\/v2\/users\/3"}],"replies":[{"embeddable":true,"href":"https:\/\/agora.xtec.cat\/ieslajonquera\/wp-json\/wp\/v2\/comments?post=5861"}],"version-history":[{"count":2,"href":"https:\/\/agora.xtec.cat\/ieslajonquera\/wp-json\/wp\/v2\/posts\/5861\/revisions"}],"predecessor-version":[{"id":5867,"href":"https:\/\/agora.xtec.cat\/ieslajonquera\/wp-json\/wp\/v2\/posts\/5861\/revisions\/5867"}],"wp:featuredmedia":[{"embeddable":true,"href":"https:\/\/agora.xtec.cat\/ieslajonquera\/wp-json\/wp\/v2\/media\/5866"}],"wp:attachment":[{"href":"https:\/\/agora.xtec.cat\/ieslajonquera\/wp-json\/wp\/v2\/media?parent=5861"}],"wp:term":[{"taxonomy":"category","embeddable":true,"href":"https:\/\/agora.xtec.cat\/ieslajonquera\/wp-json\/wp\/v2\/categories?post=5861"},{"taxonomy":"post_tag","embeddable":true,"href":"https:\/\/agora.xtec.cat\/ieslajonquera\/wp-json\/wp\/v2\/tags?post=5861"}],"curies":[{"name":"wp","href":"https:\/\/api.w.org\/{rel}","templated":true}]}}