{"id":5858,"date":"2024-12-02T18:02:20","date_gmt":"2024-12-02T17:02:20","guid":{"rendered":"https:\/\/agora.xtec.cat\/ieslajonquera\/?p=5858"},"modified":"2024-12-02T18:02:20","modified_gmt":"2024-12-02T17:02:20","slug":"sortida-a-la-draga-a-1r-deso","status":"publish","type":"post","link":"https:\/\/agora.xtec.cat\/ieslajonquera\/general\/sortida-a-la-draga-a-1r-deso\/","title":{"rendered":"Sortida a la Draga a 1r d&#8217;ESO"},"content":{"rendered":"<p style=\"text-align: justify;\"><a href=\"https:\/\/agora.xtec.cat\/ieslajonquera\/wp-content\/uploads\/usu2014\/2024\/12\/20241126_1139321.jpg\"><img loading=\"lazy\" decoding=\"async\" class=\" wp-image-5859 alignleft\" src=\"https:\/\/agora.xtec.cat\/ieslajonquera\/wp-content\/uploads\/usu2014\/2024\/12\/20241126_1139321.jpg\" alt=\"\" width=\"318\" height=\"238\" srcset=\"https:\/\/agora.xtec.cat\/ieslajonquera\/wp-content\/uploads\/usu2014\/2024\/12\/20241126_1139321.jpg 1024w, https:\/\/agora.xtec.cat\/ieslajonquera\/wp-content\/uploads\/usu2014\/2024\/12\/20241126_1139321-300x225.jpg 300w, https:\/\/agora.xtec.cat\/ieslajonquera\/wp-content\/uploads\/usu2014\/2024\/12\/20241126_1139321-768x576.jpg 768w, https:\/\/agora.xtec.cat\/ieslajonquera\/wp-content\/uploads\/usu2014\/2024\/12\/20241126_1139321-200x150.jpg 200w\" sizes=\"auto, (max-width: 318px) 100vw, 318px\" \/><\/a>L&#8217;alumnat de 1r d&#8217;ESO va visitar, el passat dimarts 26 de novembre, el Parc Neol\u00edtic de la Draga (Banyoles) com activitat complement\u00e0ria al curr\u00edculum impartit des de la mat\u00e8ria de Socials. A part d&#8217;escoltar atentament les explicacions dels experts, van participar en quatre tallers: llances, eines, blat i cabanes.<\/p>\n<p>Podeu veure m\u00e9s fotografies de la sortida en aquest <a href=\"https:\/\/drive.google.com\/drive\/folders\/1QK-kGvGq1ZVm8zSfF_zVWTNqIY-TFbeR?usp=sharing\">enlla\u00e7<\/a>.<\/p>\n","protected":false},"excerpt":{"rendered":"<p><a href=\"https:\/\/agora.xtec.cat\/ieslajonquera\/wp-content\/uploads\/usu2014\/2024\/12\/20241126_1139321.jpg\"><\/a>L&#8217;alumnat de 1r d&#8217;ESO va visitar, el passat dimarts 26 de novembre, el Parc Neol\u00edtic de la Draga (Banyoles) com activitat complement\u00e0ria al curr\u00edculum impartit des de la mat\u00e8ria de Socials. A part d&#8217;escoltar atentament les explicacions dels experts, van participar en quatre tallers:&hellip;  <a href=\"https:\/\/agora.xtec.cat\/ieslajonquera\/general\/sortida-a-la-draga-a-1r-deso\/\" title=\"Read Sortida a la Draga a 1r d&#8217;ESO\">Llegeix m\u00e9s\u00bb<\/a><\/p>\n","protected":false},"author":3,"featured_media":5859,"comment_status":"open","ping_status":"closed","sticky":false,"template":"","format":"standard","meta":{"_bbp_topic_count":0,"_bbp_reply_count":0,"_bbp_total_topic_count":0,"_bbp_total_reply_count":0,"_bbp_voice_count":0,"_bbp_anonymous_reply_count":0,"_bbp_topic_count_hidden":0,"_bbp_reply_count_hidden":0,"_bbp_forum_subforum_count":0,"footnotes":""},"categories":[4,3,1],"tags":[145,39],"class_list":["post-5858","post","type-post","status-publish","format-standard","has-post-thumbnail","hentry","category-eso-1","category-eso","category-general","tag-historia","tag-sortides"],"post_mailing_queue_ids":[],"_links":{"self":[{"href":"https:\/\/agora.xtec.cat\/ieslajonquera\/wp-json\/wp\/v2\/posts\/5858","targetHints":{"allow":["GET"]}}],"collection":[{"href":"https:\/\/agora.xtec.cat\/ieslajonquera\/wp-json\/wp\/v2\/posts"}],"about":[{"href":"https:\/\/agora.xtec.cat\/ieslajonquera\/wp-json\/wp\/v2\/types\/post"}],"author":[{"embeddable":true,"href":"https:\/\/agora.xtec.cat\/ieslajonquera\/wp-json\/wp\/v2\/users\/3"}],"replies":[{"embeddable":true,"href":"https:\/\/agora.xtec.cat\/ieslajonquera\/wp-json\/wp\/v2\/comments?post=5858"}],"version-history":[{"count":1,"href":"https:\/\/agora.xtec.cat\/ieslajonquera\/wp-json\/wp\/v2\/posts\/5858\/revisions"}],"predecessor-version":[{"id":5860,"href":"https:\/\/agora.xtec.cat\/ieslajonquera\/wp-json\/wp\/v2\/posts\/5858\/revisions\/5860"}],"wp:featuredmedia":[{"embeddable":true,"href":"https:\/\/agora.xtec.cat\/ieslajonquera\/wp-json\/wp\/v2\/media\/5859"}],"wp:attachment":[{"href":"https:\/\/agora.xtec.cat\/ieslajonquera\/wp-json\/wp\/v2\/media?parent=5858"}],"wp:term":[{"taxonomy":"category","embeddable":true,"href":"https:\/\/agora.xtec.cat\/ieslajonquera\/wp-json\/wp\/v2\/categories?post=5858"},{"taxonomy":"post_tag","embeddable":true,"href":"https:\/\/agora.xtec.cat\/ieslajonquera\/wp-json\/wp\/v2\/tags?post=5858"}],"curies":[{"name":"wp","href":"https:\/\/api.w.org\/{rel}","templated":true}]}}