{"id":5787,"date":"2024-10-25T12:38:05","date_gmt":"2024-10-25T10:38:05","guid":{"rendered":"https:\/\/agora.xtec.cat\/ieslajonquera\/?p=5787"},"modified":"2024-10-25T12:38:05","modified_gmt":"2024-10-25T10:38:05","slug":"participacio-al-circuit-comarcal-de-cross","status":"publish","type":"post","link":"https:\/\/agora.xtec.cat\/ieslajonquera\/general\/participacio-al-circuit-comarcal-de-cross\/","title":{"rendered":"Participaci\u00f3 al Circuit Comarcal de Cross"},"content":{"rendered":"<p style=\"text-align: justify;\">El passat dissabte 19 d&#8217;octubre en Lluc G\u00f3mez de 1r d&#8217;ESO; la Maria Subir\u00f3s, la Marta Hidalgo, en Joni Garcia i en Pau Motato de 2n d&#8217;ESO, i en Juli G\u00f3mez, de 3r d&#8217;ESO, van participar en la primera prova del Circuit Comarcal de Cross de l&#8217;Alt Empord\u00e0 24\/25, organitzat pel Consell Esportiu de l&#8217;Alt Empord\u00e0, al municipi de Ma\u00e7anet de Cabrenys. La prova combina activitat f\u00edsica, natura i amics. Qu\u00e8 m\u00e9s es pot demanar?<\/p>\n<p style=\"text-align: justify;\">La pr\u00f2xima trobada tindr\u00e0 lloc a Forti\u00e0, el dissabte 9 de novembre. Us hi apunteu?<\/p>\n<table style=\"border-collapse: collapse; width: 68.1655%;\">\n<tbody>\n<tr>\n<td style=\"width: 14.6812%;\"><a href=\"https:\/\/agora.xtec.cat\/ieslajonquera\/wp-content\/uploads\/usu2014\/2024\/10\/Captura-de-pantalla-2024-10-25-a-les-10.42.26.png\"><img loading=\"lazy\" decoding=\"async\" class=\"alignnone  wp-image-5788\" src=\"https:\/\/agora.xtec.cat\/ieslajonquera\/wp-content\/uploads\/usu2014\/2024\/10\/Captura-de-pantalla-2024-10-25-a-les-10.42.26.png\" alt=\"\" width=\"262\" height=\"371\" srcset=\"https:\/\/agora.xtec.cat\/ieslajonquera\/wp-content\/uploads\/usu2014\/2024\/10\/Captura-de-pantalla-2024-10-25-a-les-10.42.26.png 694w, https:\/\/agora.xtec.cat\/ieslajonquera\/wp-content\/uploads\/usu2014\/2024\/10\/Captura-de-pantalla-2024-10-25-a-les-10.42.26-212x300.png 212w\" sizes=\"auto, (max-width: 262px) 100vw, 262px\" \/><\/a><\/td>\n<td style=\"width: 15.7669%;\"><a href=\"https:\/\/agora.xtec.cat\/ieslajonquera\/wp-content\/uploads\/usu2014\/2024\/10\/ece787e0-a5ba-43ae-af16-7093108d6fab.jpg\"><img loading=\"lazy\" decoding=\"async\" class=\"alignnone  wp-image-5792\" src=\"https:\/\/agora.xtec.cat\/ieslajonquera\/wp-content\/uploads\/usu2014\/2024\/10\/ece787e0-a5ba-43ae-af16-7093108d6fab-1024x768.jpg\" alt=\"\" width=\"266\" height=\"200\" srcset=\"https:\/\/agora.xtec.cat\/ieslajonquera\/wp-content\/uploads\/usu2014\/2024\/10\/ece787e0-a5ba-43ae-af16-7093108d6fab-1024x768.jpg 1024w, https:\/\/agora.xtec.cat\/ieslajonquera\/wp-content\/uploads\/usu2014\/2024\/10\/ece787e0-a5ba-43ae-af16-7093108d6fab-300x225.jpg 300w, https:\/\/agora.xtec.cat\/ieslajonquera\/wp-content\/uploads\/usu2014\/2024\/10\/ece787e0-a5ba-43ae-af16-7093108d6fab-768x576.jpg 768w, https:\/\/agora.xtec.cat\/ieslajonquera\/wp-content\/uploads\/usu2014\/2024\/10\/ece787e0-a5ba-43ae-af16-7093108d6fab-1536x1152.jpg 1536w, https:\/\/agora.xtec.cat\/ieslajonquera\/wp-content\/uploads\/usu2014\/2024\/10\/ece787e0-a5ba-43ae-af16-7093108d6fab-200x150.jpg 200w, https:\/\/agora.xtec.cat\/ieslajonquera\/wp-content\/uploads\/usu2014\/2024\/10\/ece787e0-a5ba-43ae-af16-7093108d6fab.jpg 1600w\" sizes=\"auto, (max-width: 266px) 100vw, 266px\" \/><\/a><\/td>\n<td style=\"width: 15.8867%;\"><a href=\"https:\/\/agora.xtec.cat\/ieslajonquera\/wp-content\/uploads\/usu2014\/2024\/10\/PHOTO-2024-10-23-20-20-33_1.jpg\"><img loading=\"lazy\" decoding=\"async\" class=\"alignnone  wp-image-5789\" src=\"https:\/\/agora.xtec.cat\/ieslajonquera\/wp-content\/uploads\/usu2014\/2024\/10\/PHOTO-2024-10-23-20-20-33_1-768x1024.jpg\" alt=\"\" width=\"214\" height=\"285\" srcset=\"https:\/\/agora.xtec.cat\/ieslajonquera\/wp-content\/uploads\/usu2014\/2024\/10\/PHOTO-2024-10-23-20-20-33_1-768x1024.jpg 768w, https:\/\/agora.xtec.cat\/ieslajonquera\/wp-content\/uploads\/usu2014\/2024\/10\/PHOTO-2024-10-23-20-20-33_1-225x300.jpg 225w, https:\/\/agora.xtec.cat\/ieslajonquera\/wp-content\/uploads\/usu2014\/2024\/10\/PHOTO-2024-10-23-20-20-33_1-1152x1536.jpg 1152w, https:\/\/agora.xtec.cat\/ieslajonquera\/wp-content\/uploads\/usu2014\/2024\/10\/PHOTO-2024-10-23-20-20-33_1.jpg 1200w\" sizes=\"auto, (max-width: 214px) 100vw, 214px\" \/><\/a><\/td>\n<td style=\"width: 15.2415%;\"><a href=\"https:\/\/agora.xtec.cat\/ieslajonquera\/wp-content\/uploads\/usu2014\/2024\/10\/d2e19cf4-1a2b-482d-abf4-e03e14ac92d8.jpg\"><img loading=\"lazy\" decoding=\"async\" class=\"alignnone size-large wp-image-5790\" src=\"https:\/\/agora.xtec.cat\/ieslajonquera\/wp-content\/uploads\/usu2014\/2024\/10\/d2e19cf4-1a2b-482d-abf4-e03e14ac92d8-768x1024.jpg\" alt=\"\" width=\"768\" height=\"1024\" srcset=\"https:\/\/agora.xtec.cat\/ieslajonquera\/wp-content\/uploads\/usu2014\/2024\/10\/d2e19cf4-1a2b-482d-abf4-e03e14ac92d8-768x1024.jpg 768w, https:\/\/agora.xtec.cat\/ieslajonquera\/wp-content\/uploads\/usu2014\/2024\/10\/d2e19cf4-1a2b-482d-abf4-e03e14ac92d8-225x300.jpg 225w, https:\/\/agora.xtec.cat\/ieslajonquera\/wp-content\/uploads\/usu2014\/2024\/10\/d2e19cf4-1a2b-482d-abf4-e03e14ac92d8-1152x1536.jpg 1152w, https:\/\/agora.xtec.cat\/ieslajonquera\/wp-content\/uploads\/usu2014\/2024\/10\/d2e19cf4-1a2b-482d-abf4-e03e14ac92d8.jpg 1200w\" sizes=\"auto, (max-width: 768px) 100vw, 768px\" \/><\/a><\/td>\n<\/tr>\n<\/tbody>\n<\/table>\n","protected":false},"excerpt":{"rendered":"<p>El passat dissabte 19 d&#8217;octubre en Lluc G\u00f3mez de 1r d&#8217;ESO; la Maria Subir\u00f3s, la Marta Hidalgo, en Joni Garcia i en Pau Motato de 2n d&#8217;ESO, i en Juli G\u00f3mez, de 3r d&#8217;ESO, van participar en la primera prova del Circuit Comarcal de Cross&hellip;  <a href=\"https:\/\/agora.xtec.cat\/ieslajonquera\/general\/participacio-al-circuit-comarcal-de-cross\/\" title=\"Read Participaci\u00f3 al Circuit Comarcal de Cross\">Llegeix m\u00e9s\u00bb<\/a><\/p>\n","protected":false},"author":3,"featured_media":5792,"comment_status":"open","ping_status":"closed","sticky":false,"template":"","format":"standard","meta":{"_bbp_topic_count":0,"_bbp_reply_count":0,"_bbp_total_topic_count":0,"_bbp_total_reply_count":0,"_bbp_voice_count":0,"_bbp_anonymous_reply_count":0,"_bbp_topic_count_hidden":0,"_bbp_reply_count_hidden":0,"_bbp_forum_subforum_count":0,"footnotes":""},"categories":[3,1],"tags":[111],"class_list":["post-5787","post","type-post","status-publish","format-standard","has-post-thumbnail","hentry","category-eso","category-general","tag-esport"],"post_mailing_queue_ids":[],"_links":{"self":[{"href":"https:\/\/agora.xtec.cat\/ieslajonquera\/wp-json\/wp\/v2\/posts\/5787","targetHints":{"allow":["GET"]}}],"collection":[{"href":"https:\/\/agora.xtec.cat\/ieslajonquera\/wp-json\/wp\/v2\/posts"}],"about":[{"href":"https:\/\/agora.xtec.cat\/ieslajonquera\/wp-json\/wp\/v2\/types\/post"}],"author":[{"embeddable":true,"href":"https:\/\/agora.xtec.cat\/ieslajonquera\/wp-json\/wp\/v2\/users\/3"}],"replies":[{"embeddable":true,"href":"https:\/\/agora.xtec.cat\/ieslajonquera\/wp-json\/wp\/v2\/comments?post=5787"}],"version-history":[{"count":1,"href":"https:\/\/agora.xtec.cat\/ieslajonquera\/wp-json\/wp\/v2\/posts\/5787\/revisions"}],"predecessor-version":[{"id":5793,"href":"https:\/\/agora.xtec.cat\/ieslajonquera\/wp-json\/wp\/v2\/posts\/5787\/revisions\/5793"}],"wp:featuredmedia":[{"embeddable":true,"href":"https:\/\/agora.xtec.cat\/ieslajonquera\/wp-json\/wp\/v2\/media\/5792"}],"wp:attachment":[{"href":"https:\/\/agora.xtec.cat\/ieslajonquera\/wp-json\/wp\/v2\/media?parent=5787"}],"wp:term":[{"taxonomy":"category","embeddable":true,"href":"https:\/\/agora.xtec.cat\/ieslajonquera\/wp-json\/wp\/v2\/categories?post=5787"},{"taxonomy":"post_tag","embeddable":true,"href":"https:\/\/agora.xtec.cat\/ieslajonquera\/wp-json\/wp\/v2\/tags?post=5787"}],"curies":[{"name":"wp","href":"https:\/\/api.w.org\/{rel}","templated":true}]}}