{"id":5768,"date":"2024-10-20T11:15:06","date_gmt":"2024-10-20T09:15:06","guid":{"rendered":"https:\/\/agora.xtec.cat\/ieslajonquera\/?p=5768"},"modified":"2024-10-20T11:15:06","modified_gmt":"2024-10-20T09:15:06","slug":"inici-del-programa-sigues-tu-a-1r-deso","status":"publish","type":"post","link":"https:\/\/agora.xtec.cat\/ieslajonquera\/general\/inici-del-programa-sigues-tu-a-1r-deso\/","title":{"rendered":"Inici del programa &#8220;Sigues tu&#8221; a 1r d&#8217;ESO"},"content":{"rendered":"<p style=\"text-align: justify;\"><a href=\"https:\/\/agora.xtec.cat\/ieslajonquera\/wp-content\/uploads\/usu2014\/2024\/10\/1r-dESO_Sigues-Tu1.jpg\"><img loading=\"lazy\" decoding=\"async\" class=\" wp-image-5769 alignleft\" src=\"https:\/\/agora.xtec.cat\/ieslajonquera\/wp-content\/uploads\/usu2014\/2024\/10\/1r-dESO_Sigues-Tu1.jpg\" alt=\"\" width=\"465\" height=\"375\" srcset=\"https:\/\/agora.xtec.cat\/ieslajonquera\/wp-content\/uploads\/usu2014\/2024\/10\/1r-dESO_Sigues-Tu1.jpg 1024w, https:\/\/agora.xtec.cat\/ieslajonquera\/wp-content\/uploads\/usu2014\/2024\/10\/1r-dESO_Sigues-Tu1-300x242.jpg 300w, https:\/\/agora.xtec.cat\/ieslajonquera\/wp-content\/uploads\/usu2014\/2024\/10\/1r-dESO_Sigues-Tu1-768x619.jpg 768w\" sizes=\"auto, (max-width: 465px) 100vw, 465px\" \/><\/a>El passat dijous 17 d&#8217;octubre va tenir lloc la primera sessi\u00f3 del programa &#8220;Sigues tu&#8221; a 1r d&#8217;ESO en qu\u00e8 l&#8217;alumnat va participar en algunes din\u00e0miques orientades a treballar l&#8217;autoconeixement.<\/p>\n<p style=\"text-align: justify;\">&#8220;Sigues tu&#8221; \u00e9s un programa del Dipsalut, de la Diputaci\u00f3 de Girona que promou estils de vida saludables i respectuosos amb l&#8217;entorn a partir del treball de les habilitats per a la vida i el sentit de coher\u00e8ncia.<\/p>\n<p style=\"text-align: justify;\">A l&#8217;apartat &#8220;<a href=\"https:\/\/agora.xtec.cat\/ieslajonquera\/families-i-alumnes\/families\/\">Fam\u00edlies<\/a>&#8221; de la nostra web trobareu un enlla\u00e7 amb recursos del mateix programa per a les fam\u00edlies.<\/p>\n","protected":false},"excerpt":{"rendered":"<p><a href=\"https:\/\/agora.xtec.cat\/ieslajonquera\/wp-content\/uploads\/usu2014\/2024\/10\/1r-dESO_Sigues-Tu1.jpg\"><\/a>El passat dijous 17 d&#8217;octubre va tenir lloc la primera sessi\u00f3 del programa &#8220;Sigues tu&#8221; a 1r d&#8217;ESO en qu\u00e8 l&#8217;alumnat va participar en algunes din\u00e0miques orientades a treballar l&#8217;autoconeixement.<br \/>\n&#8220;Sigues tu&#8221; \u00e9s un programa del Dipsalut, de la Diputaci\u00f3 de Girona que promou estils&hellip;  <a href=\"https:\/\/agora.xtec.cat\/ieslajonquera\/general\/inici-del-programa-sigues-tu-a-1r-deso\/\" title=\"Read Inici del programa &#8220;Sigues tu&#8221; a 1r d&#8217;ESO\">Llegeix m\u00e9s\u00bb<\/a><\/p>\n","protected":false},"author":3,"featured_media":5769,"comment_status":"open","ping_status":"closed","sticky":false,"template":"","format":"standard","meta":{"_bbp_topic_count":0,"_bbp_reply_count":0,"_bbp_total_topic_count":0,"_bbp_total_reply_count":0,"_bbp_voice_count":0,"_bbp_anonymous_reply_count":0,"_bbp_topic_count_hidden":0,"_bbp_reply_count_hidden":0,"_bbp_forum_subforum_count":0,"footnotes":""},"categories":[4,3,1],"tags":[120],"class_list":["post-5768","post","type-post","status-publish","format-standard","has-post-thumbnail","hentry","category-eso-1","category-eso","category-general","tag-convivencia"],"post_mailing_queue_ids":[],"_links":{"self":[{"href":"https:\/\/agora.xtec.cat\/ieslajonquera\/wp-json\/wp\/v2\/posts\/5768","targetHints":{"allow":["GET"]}}],"collection":[{"href":"https:\/\/agora.xtec.cat\/ieslajonquera\/wp-json\/wp\/v2\/posts"}],"about":[{"href":"https:\/\/agora.xtec.cat\/ieslajonquera\/wp-json\/wp\/v2\/types\/post"}],"author":[{"embeddable":true,"href":"https:\/\/agora.xtec.cat\/ieslajonquera\/wp-json\/wp\/v2\/users\/3"}],"replies":[{"embeddable":true,"href":"https:\/\/agora.xtec.cat\/ieslajonquera\/wp-json\/wp\/v2\/comments?post=5768"}],"version-history":[{"count":1,"href":"https:\/\/agora.xtec.cat\/ieslajonquera\/wp-json\/wp\/v2\/posts\/5768\/revisions"}],"predecessor-version":[{"id":5770,"href":"https:\/\/agora.xtec.cat\/ieslajonquera\/wp-json\/wp\/v2\/posts\/5768\/revisions\/5770"}],"wp:featuredmedia":[{"embeddable":true,"href":"https:\/\/agora.xtec.cat\/ieslajonquera\/wp-json\/wp\/v2\/media\/5769"}],"wp:attachment":[{"href":"https:\/\/agora.xtec.cat\/ieslajonquera\/wp-json\/wp\/v2\/media?parent=5768"}],"wp:term":[{"taxonomy":"category","embeddable":true,"href":"https:\/\/agora.xtec.cat\/ieslajonquera\/wp-json\/wp\/v2\/categories?post=5768"},{"taxonomy":"post_tag","embeddable":true,"href":"https:\/\/agora.xtec.cat\/ieslajonquera\/wp-json\/wp\/v2\/tags?post=5768"}],"curies":[{"name":"wp","href":"https:\/\/api.w.org\/{rel}","templated":true}]}}