{"id":5764,"date":"2024-10-13T08:24:50","date_gmt":"2024-10-13T06:24:50","guid":{"rendered":"https:\/\/agora.xtec.cat\/ieslajonquera\/?p=5764"},"modified":"2024-11-03T17:43:01","modified_gmt":"2024-11-03T16:43:01","slug":"setmana-de-halloween-castanyada-activitats-previstes","status":"publish","type":"post","link":"https:\/\/agora.xtec.cat\/ieslajonquera\/general\/setmana-de-halloween-castanyada-activitats-previstes\/","title":{"rendered":"Setmana de Halloween-Castanyada: activitats previstes"},"content":{"rendered":"<p><a href=\"https:\/\/agora.xtec.cat\/ieslajonquera\/wp-content\/uploads\/usu2014\/2024\/10\/LA-CASTANYA-DIABOLICA1.jpg\"><img loading=\"lazy\" decoding=\"async\" class=\"alignnone  wp-image-5765\" src=\"https:\/\/agora.xtec.cat\/ieslajonquera\/wp-content\/uploads\/usu2014\/2024\/10\/LA-CASTANYA-DIABOLICA1-724x1024.jpg\" alt=\"\" width=\"363\" height=\"514\" srcset=\"https:\/\/agora.xtec.cat\/ieslajonquera\/wp-content\/uploads\/usu2014\/2024\/10\/LA-CASTANYA-DIABOLICA1-724x1024.jpg 724w, https:\/\/agora.xtec.cat\/ieslajonquera\/wp-content\/uploads\/usu2014\/2024\/10\/LA-CASTANYA-DIABOLICA1-212x300.jpg 212w, https:\/\/agora.xtec.cat\/ieslajonquera\/wp-content\/uploads\/usu2014\/2024\/10\/LA-CASTANYA-DIABOLICA1-768x1086.jpg 768w, https:\/\/agora.xtec.cat\/ieslajonquera\/wp-content\/uploads\/usu2014\/2024\/10\/LA-CASTANYA-DIABOLICA1-1086x1536.jpg 1086w, https:\/\/agora.xtec.cat\/ieslajonquera\/wp-content\/uploads\/usu2014\/2024\/10\/LA-CASTANYA-DIABOLICA1-1448x2048.jpg 1448w, https:\/\/agora.xtec.cat\/ieslajonquera\/wp-content\/uploads\/usu2014\/2024\/10\/LA-CASTANYA-DIABOLICA1.jpg 1587w\" sizes=\"auto, (max-width: 363px) 100vw, 363px\" \/><\/a><\/p>\n<p>Us expliquem, a continuaci\u00f3, les activitats que estem preparant per portar a terme al llarg de la Setmana de Halloween-Castanyada (del 28 al 30 d&#8217;octubre)<\/p>\n<p><strong>VI\u00e8 Concurs de relat breu La Castanya Diab\u00f2lica<\/strong><\/p>\n<p>Hi participa l&#8217;alumnat de 1r a 4t d&#8217;ESO i del PFI. Consulteu-ne les <a href=\"https:\/\/drive.google.com\/file\/d\/1zAdeaxfYuy66NSOCJxlmBCMU1_36nP7R\/view?usp=sharing\">bases<\/a>.<\/p>\n<p><strong>III Concurs de decoraci\u00f3 de carabasses<\/strong><\/p>\n<p>Les carabasses s&#8217;exposaran al vest\u00edbul del centre el dilluns 28. A l&#8217;hora del pati, tothom podr\u00e0 participar en la votaci\u00f3 per escollir-ne la millor.<\/p>\n<p><strong>II Concurs de disfresses<\/strong><\/p>\n<p>Tothom podr\u00e0 venir disfressat a l&#8217;institut (amb una disfressa terror\u00edfica) el dimarts 29. Hi haur\u00e0 un premi a la millor disfressa.<\/p>\n<p><strong>Castanyada<\/strong><\/p>\n<p>Es far\u00e0 el dimarts 29 a l&#8217;hora del pati i estar\u00e0 oberta a tot l&#8217;alumnat i professorat. Els encarregats de coure les castanyes seran els alumnes del PFI.<\/p>\n<p><strong>I Concurs de decoraci\u00f3 de portes<\/strong><\/p>\n<p>Hi haur\u00e0 un \u00fanic premi per a tot el grup-classe guanyador.<\/p>\n<p>El <strong>lliurament de premis<\/strong> dels relats, les carabasses i les disfresses ser\u00e0 el dimecres 30 a la biblioteca a l&#8217;hora del pati. Hi podran assistir tots els finalistes (3 per categoria i modalitat).<\/p>\n","protected":false},"excerpt":{"rendered":"<p><a href=\"https:\/\/agora.xtec.cat\/ieslajonquera\/wp-content\/uploads\/usu2014\/2024\/10\/LA-CASTANYA-DIABOLICA1.jpg\"><\/a><br \/>\nUs expliquem, a continuaci\u00f3, les activitats que estem preparant per portar a terme al llarg de la Setmana de Halloween-Castanyada (del 28 al 30 d&#8217;octubre)<br \/>\nVI\u00e8 Concurs de relat breu La Castanya Diab\u00f2lica<br \/>\nHi participa l&#8217;alumnat de 1r a 4t d&#8217;ESO i del PFI. Consulteu-ne les&hellip;  <a href=\"https:\/\/agora.xtec.cat\/ieslajonquera\/general\/setmana-de-halloween-castanyada-activitats-previstes\/\" title=\"Read Setmana de Halloween-Castanyada: activitats previstes\">Llegeix m\u00e9s\u00bb<\/a><\/p>\n","protected":false},"author":3,"featured_media":5765,"comment_status":"open","ping_status":"closed","sticky":false,"template":"","format":"standard","meta":{"_bbp_topic_count":0,"_bbp_reply_count":0,"_bbp_total_topic_count":0,"_bbp_total_reply_count":0,"_bbp_voice_count":0,"_bbp_anonymous_reply_count":0,"_bbp_topic_count_hidden":0,"_bbp_reply_count_hidden":0,"_bbp_forum_subforum_count":0,"footnotes":""},"categories":[1],"tags":[106,133,180],"class_list":["post-5764","post","type-post","status-publish","format-standard","has-post-thumbnail","hentry","category-general","tag-concurs","tag-creativitat","tag-halloween-castanyada"],"post_mailing_queue_ids":[],"_links":{"self":[{"href":"https:\/\/agora.xtec.cat\/ieslajonquera\/wp-json\/wp\/v2\/posts\/5764","targetHints":{"allow":["GET"]}}],"collection":[{"href":"https:\/\/agora.xtec.cat\/ieslajonquera\/wp-json\/wp\/v2\/posts"}],"about":[{"href":"https:\/\/agora.xtec.cat\/ieslajonquera\/wp-json\/wp\/v2\/types\/post"}],"author":[{"embeddable":true,"href":"https:\/\/agora.xtec.cat\/ieslajonquera\/wp-json\/wp\/v2\/users\/3"}],"replies":[{"embeddable":true,"href":"https:\/\/agora.xtec.cat\/ieslajonquera\/wp-json\/wp\/v2\/comments?post=5764"}],"version-history":[{"count":4,"href":"https:\/\/agora.xtec.cat\/ieslajonquera\/wp-json\/wp\/v2\/posts\/5764\/revisions"}],"predecessor-version":[{"id":5785,"href":"https:\/\/agora.xtec.cat\/ieslajonquera\/wp-json\/wp\/v2\/posts\/5764\/revisions\/5785"}],"wp:featuredmedia":[{"embeddable":true,"href":"https:\/\/agora.xtec.cat\/ieslajonquera\/wp-json\/wp\/v2\/media\/5765"}],"wp:attachment":[{"href":"https:\/\/agora.xtec.cat\/ieslajonquera\/wp-json\/wp\/v2\/media?parent=5764"}],"wp:term":[{"taxonomy":"category","embeddable":true,"href":"https:\/\/agora.xtec.cat\/ieslajonquera\/wp-json\/wp\/v2\/categories?post=5764"},{"taxonomy":"post_tag","embeddable":true,"href":"https:\/\/agora.xtec.cat\/ieslajonquera\/wp-json\/wp\/v2\/tags?post=5764"}],"curies":[{"name":"wp","href":"https:\/\/api.w.org\/{rel}","templated":true}]}}