{"id":5760,"date":"2024-10-13T08:11:13","date_gmt":"2024-10-13T06:11:13","guid":{"rendered":"https:\/\/agora.xtec.cat\/ieslajonquera\/?p=5760"},"modified":"2024-10-13T08:12:41","modified_gmt":"2024-10-13T06:12:41","slug":"xerrada-sobre-ciberassetjament-a-1r-deso","status":"publish","type":"post","link":"https:\/\/agora.xtec.cat\/ieslajonquera\/general\/xerrada-sobre-ciberassetjament-a-1r-deso\/","title":{"rendered":"Xerrada sobre ciberassetjament a 1r d&#8217;ESO"},"content":{"rendered":"<p style=\"text-align: justify;\"><a href=\"https:\/\/agora.xtec.cat\/ieslajonquera\/wp-content\/uploads\/usu2014\/2024\/10\/20241010_1035561.jpg\"><img loading=\"lazy\" decoding=\"async\" class=\" wp-image-5761 alignleft\" src=\"https:\/\/agora.xtec.cat\/ieslajonquera\/wp-content\/uploads\/usu2014\/2024\/10\/20241010_1035561.jpg\" alt=\"\" width=\"348\" height=\"261\" srcset=\"https:\/\/agora.xtec.cat\/ieslajonquera\/wp-content\/uploads\/usu2014\/2024\/10\/20241010_1035561.jpg 1024w, https:\/\/agora.xtec.cat\/ieslajonquera\/wp-content\/uploads\/usu2014\/2024\/10\/20241010_1035561-300x225.jpg 300w, https:\/\/agora.xtec.cat\/ieslajonquera\/wp-content\/uploads\/usu2014\/2024\/10\/20241010_1035561-768x576.jpg 768w, https:\/\/agora.xtec.cat\/ieslajonquera\/wp-content\/uploads\/usu2014\/2024\/10\/20241010_1035561-200x150.jpg 200w\" sizes=\"auto, (max-width: 348px) 100vw, 348px\" \/><\/a>El passat dijous, 10 d&#8217;octubre, van venir els Mossos d&#8217;Esquadra a l&#8217;institut per parlar sobre el ciberassetjament i l&#8217;\u00fas segur de les xarxes socials amb l&#8217;alumnat de 1r d&#8217;ESO.<\/p>\n<p style=\"text-align: justify;\">Es tracta d&#8217;una xerrada que cada curs venen a fer i que enguany, com a novetat, ja es va fer, adre\u00e7ada a les fam\u00edlies, a la reuni\u00f3 d&#8217;inici de curs de 1r i 2n d&#8217;ESO.<\/p>\n<p>&nbsp;<\/p>\n","protected":false},"excerpt":{"rendered":"<p><a href=\"https:\/\/agora.xtec.cat\/ieslajonquera\/wp-content\/uploads\/usu2014\/2024\/10\/20241010_1035561.jpg\"><\/a>El passat dijous, 10 d&#8217;octubre, van venir els Mossos d&#8217;Esquadra a l&#8217;institut per parlar sobre el ciberassetjament i l&#8217;\u00fas segur de les xarxes socials amb l&#8217;alumnat de 1r d&#8217;ESO.<br \/>\nEs tracta d&#8217;una xerrada que cada curs venen a fer i que enguany, com a novetat,&hellip;  <a href=\"https:\/\/agora.xtec.cat\/ieslajonquera\/general\/xerrada-sobre-ciberassetjament-a-1r-deso\/\" title=\"Read Xerrada sobre ciberassetjament a 1r d&#8217;ESO\">Llegeix m\u00e9s\u00bb<\/a><\/p>\n","protected":false},"author":3,"featured_media":5761,"comment_status":"open","ping_status":"closed","sticky":false,"template":"","format":"standard","meta":{"_bbp_topic_count":0,"_bbp_reply_count":0,"_bbp_total_topic_count":0,"_bbp_total_reply_count":0,"_bbp_voice_count":0,"_bbp_anonymous_reply_count":0,"_bbp_topic_count_hidden":0,"_bbp_reply_count_hidden":0,"_bbp_forum_subforum_count":0,"footnotes":""},"categories":[4,3,1],"tags":[115,44],"class_list":["post-5760","post","type-post","status-publish","format-standard","has-post-thumbnail","hentry","category-eso-1","category-eso","category-general","tag-xarxes-socials","tag-xerrades"],"post_mailing_queue_ids":[],"_links":{"self":[{"href":"https:\/\/agora.xtec.cat\/ieslajonquera\/wp-json\/wp\/v2\/posts\/5760","targetHints":{"allow":["GET"]}}],"collection":[{"href":"https:\/\/agora.xtec.cat\/ieslajonquera\/wp-json\/wp\/v2\/posts"}],"about":[{"href":"https:\/\/agora.xtec.cat\/ieslajonquera\/wp-json\/wp\/v2\/types\/post"}],"author":[{"embeddable":true,"href":"https:\/\/agora.xtec.cat\/ieslajonquera\/wp-json\/wp\/v2\/users\/3"}],"replies":[{"embeddable":true,"href":"https:\/\/agora.xtec.cat\/ieslajonquera\/wp-json\/wp\/v2\/comments?post=5760"}],"version-history":[{"count":2,"href":"https:\/\/agora.xtec.cat\/ieslajonquera\/wp-json\/wp\/v2\/posts\/5760\/revisions"}],"predecessor-version":[{"id":5763,"href":"https:\/\/agora.xtec.cat\/ieslajonquera\/wp-json\/wp\/v2\/posts\/5760\/revisions\/5763"}],"wp:featuredmedia":[{"embeddable":true,"href":"https:\/\/agora.xtec.cat\/ieslajonquera\/wp-json\/wp\/v2\/media\/5761"}],"wp:attachment":[{"href":"https:\/\/agora.xtec.cat\/ieslajonquera\/wp-json\/wp\/v2\/media?parent=5760"}],"wp:term":[{"taxonomy":"category","embeddable":true,"href":"https:\/\/agora.xtec.cat\/ieslajonquera\/wp-json\/wp\/v2\/categories?post=5760"},{"taxonomy":"post_tag","embeddable":true,"href":"https:\/\/agora.xtec.cat\/ieslajonquera\/wp-json\/wp\/v2\/tags?post=5760"}],"curies":[{"name":"wp","href":"https:\/\/api.w.org\/{rel}","templated":true}]}}