{"id":5608,"date":"2024-06-27T18:35:00","date_gmt":"2024-06-27T16:35:00","guid":{"rendered":"https:\/\/agora.xtec.cat\/ieslajonquera\/?p=5608"},"modified":"2024-06-27T18:35:00","modified_gmt":"2024-06-27T16:35:00","slug":"mapa-de-ball-2024","status":"publish","type":"post","link":"https:\/\/agora.xtec.cat\/ieslajonquera\/general\/mapa-de-ball-2024\/","title":{"rendered":"Mapa de Ball 2024"},"content":{"rendered":"<p style=\"text-align: justify;\"><a href=\"https:\/\/agora.xtec.cat\/ieslajonquera\/wp-content\/uploads\/usu2014\/2024\/06\/20240613_1859401.jpg\"><img loading=\"lazy\" decoding=\"async\" class=\" wp-image-5609 alignleft\" src=\"https:\/\/agora.xtec.cat\/ieslajonquera\/wp-content\/uploads\/usu2014\/2024\/06\/20240613_1859401.jpg\" alt=\"\" width=\"200\" height=\"150\" srcset=\"https:\/\/agora.xtec.cat\/ieslajonquera\/wp-content\/uploads\/usu2014\/2024\/06\/20240613_1859401.jpg 1024w, https:\/\/agora.xtec.cat\/ieslajonquera\/wp-content\/uploads\/usu2014\/2024\/06\/20240613_1859401-300x225.jpg 300w, https:\/\/agora.xtec.cat\/ieslajonquera\/wp-content\/uploads\/usu2014\/2024\/06\/20240613_1859401-768x576.jpg 768w, https:\/\/agora.xtec.cat\/ieslajonquera\/wp-content\/uploads\/usu2014\/2024\/06\/20240613_1859401-200x150.jpg 200w\" sizes=\"auto, (max-width: 200px) 100vw, 200px\" \/><\/a>El passat 13 de juny va tenir lloc, a la sala de la Societat de la Jonquera, la representaci\u00f3 de l&#8217;espectacle del Mapa de Ball 2024 &#8220;Celebraci\u00f3: els diumenges de la vida&#8221;, de Mario G. S\u00e1ez, un projecte realitzat entre el col\u00b7lectiu Agitart i professorat del centre, amb la col\u00b7laboraci\u00f3 de l&#8217;Ajuntament de la Jonquera.<\/p>\n<p>Podeu veure m\u00e9s fotografies i v\u00eddeos <a href=\"https:\/\/drive.google.com\/drive\/folders\/1kJ1T8SemDmOQ6Ooa4HJ55Rl8xNO6XOxM?usp=sharing\">aqu\u00ed<\/a>.<\/p>\n","protected":false},"excerpt":{"rendered":"<p><a href=\"https:\/\/agora.xtec.cat\/ieslajonquera\/wp-content\/uploads\/usu2014\/2024\/06\/20240613_1859401.jpg\"><\/a>El passat 13 de juny va tenir lloc, a la sala de la Societat de la Jonquera, la representaci\u00f3 de l&#8217;espectacle del Mapa de Ball 2024 &#8220;Celebraci\u00f3: els diumenges de la vida&#8221;, de Mario G. S\u00e1ez, un projecte realitzat entre el col\u00b7lectiu Agitart i&hellip;  <a href=\"https:\/\/agora.xtec.cat\/ieslajonquera\/general\/mapa-de-ball-2024\/\" title=\"Read Mapa de Ball 2024\">Llegeix m\u00e9s\u00bb<\/a><\/p>\n","protected":false},"author":3,"featured_media":5609,"comment_status":"open","ping_status":"closed","sticky":false,"template":"","format":"standard","meta":{"_bbp_topic_count":0,"_bbp_reply_count":0,"_bbp_total_topic_count":0,"_bbp_total_reply_count":0,"_bbp_voice_count":0,"_bbp_anonymous_reply_count":0,"_bbp_topic_count_hidden":0,"_bbp_reply_count_hidden":0,"_bbp_forum_subforum_count":0,"footnotes":""},"categories":[6,3,1],"tags":[150,141,132],"class_list":["post-5608","post","type-post","status-publish","format-standard","has-post-thumbnail","hentry","category-eso-3","category-eso","category-general","tag-art","tag-dansa","tag-projectes"],"post_mailing_queue_ids":[],"_links":{"self":[{"href":"https:\/\/agora.xtec.cat\/ieslajonquera\/wp-json\/wp\/v2\/posts\/5608","targetHints":{"allow":["GET"]}}],"collection":[{"href":"https:\/\/agora.xtec.cat\/ieslajonquera\/wp-json\/wp\/v2\/posts"}],"about":[{"href":"https:\/\/agora.xtec.cat\/ieslajonquera\/wp-json\/wp\/v2\/types\/post"}],"author":[{"embeddable":true,"href":"https:\/\/agora.xtec.cat\/ieslajonquera\/wp-json\/wp\/v2\/users\/3"}],"replies":[{"embeddable":true,"href":"https:\/\/agora.xtec.cat\/ieslajonquera\/wp-json\/wp\/v2\/comments?post=5608"}],"version-history":[{"count":1,"href":"https:\/\/agora.xtec.cat\/ieslajonquera\/wp-json\/wp\/v2\/posts\/5608\/revisions"}],"predecessor-version":[{"id":5610,"href":"https:\/\/agora.xtec.cat\/ieslajonquera\/wp-json\/wp\/v2\/posts\/5608\/revisions\/5610"}],"wp:featuredmedia":[{"embeddable":true,"href":"https:\/\/agora.xtec.cat\/ieslajonquera\/wp-json\/wp\/v2\/media\/5609"}],"wp:attachment":[{"href":"https:\/\/agora.xtec.cat\/ieslajonquera\/wp-json\/wp\/v2\/media?parent=5608"}],"wp:term":[{"taxonomy":"category","embeddable":true,"href":"https:\/\/agora.xtec.cat\/ieslajonquera\/wp-json\/wp\/v2\/categories?post=5608"},{"taxonomy":"post_tag","embeddable":true,"href":"https:\/\/agora.xtec.cat\/ieslajonquera\/wp-json\/wp\/v2\/tags?post=5608"}],"curies":[{"name":"wp","href":"https:\/\/api.w.org\/{rel}","templated":true}]}}