{"id":5580,"date":"2024-06-16T16:13:56","date_gmt":"2024-06-16T14:13:56","guid":{"rendered":"https:\/\/agora.xtec.cat\/ieslajonquera\/?p=5580"},"modified":"2024-06-16T16:13:56","modified_gmt":"2024-06-16T14:13:56","slug":"el-comite-ambiental-al-correcull","status":"publish","type":"post","link":"https:\/\/agora.xtec.cat\/ieslajonquera\/general\/el-comite-ambiental-al-correcull\/","title":{"rendered":"El Comit\u00e8 Ambiental, al Correcull"},"content":{"rendered":"<p style=\"text-align: justify;\"><a href=\"https:\/\/agora.xtec.cat\/ieslajonquera\/wp-content\/uploads\/usu2014\/2024\/06\/IMG-20240610-WA0001.jpg\"><img loading=\"lazy\" decoding=\"async\" class=\" wp-image-5581 alignleft\" src=\"https:\/\/agora.xtec.cat\/ieslajonquera\/wp-content\/uploads\/usu2014\/2024\/06\/IMG-20240610-WA0001-1024x768.jpg\" alt=\"\" width=\"330\" height=\"247\" srcset=\"https:\/\/agora.xtec.cat\/ieslajonquera\/wp-content\/uploads\/usu2014\/2024\/06\/IMG-20240610-WA0001-1024x768.jpg 1024w, https:\/\/agora.xtec.cat\/ieslajonquera\/wp-content\/uploads\/usu2014\/2024\/06\/IMG-20240610-WA0001-300x225.jpg 300w, https:\/\/agora.xtec.cat\/ieslajonquera\/wp-content\/uploads\/usu2014\/2024\/06\/IMG-20240610-WA0001-768x576.jpg 768w, https:\/\/agora.xtec.cat\/ieslajonquera\/wp-content\/uploads\/usu2014\/2024\/06\/IMG-20240610-WA0001-1536x1152.jpg 1536w, https:\/\/agora.xtec.cat\/ieslajonquera\/wp-content\/uploads\/usu2014\/2024\/06\/IMG-20240610-WA0001-200x150.jpg 200w, https:\/\/agora.xtec.cat\/ieslajonquera\/wp-content\/uploads\/usu2014\/2024\/06\/IMG-20240610-WA0001.jpg 2000w\" sizes=\"auto, (max-width: 330px) 100vw, 330px\" \/><\/a>El passat dilluns 10 de juny, els alumnes del Comit\u00e8 Ambiental i els membres de la Junta de Delegades i Delegats van participar en el projecte &#8220;Correcull&#8221;, que t\u00e9 com a objectiu sortir a c\u00f3rrer i anar recollint les deixalles que els corredors es van trobant pel cam\u00ed.<\/p>\n<p style=\"text-align: justify;\">L&#8217;Ajuntament de la Jonquera els va convidar a esmorzar i van acabar el mat\u00ed amb una visita teatralitzada per con\u00e8ixer millor la poblaci\u00f3.<\/p>\n<p style=\"text-align: justify;\">\n","protected":false},"excerpt":{"rendered":"<p><a href=\"https:\/\/agora.xtec.cat\/ieslajonquera\/wp-content\/uploads\/usu2014\/2024\/06\/IMG-20240610-WA0001.jpg\"><\/a>El passat dilluns 10 de juny, els alumnes del Comit\u00e8 Ambiental i els membres de la Junta de Delegades i Delegats van participar en el projecte &#8220;Correcull&#8221;, que t\u00e9 com a objectiu sortir a c\u00f3rrer i anar recollint les deixalles que els corredors es&hellip;  <a href=\"https:\/\/agora.xtec.cat\/ieslajonquera\/general\/el-comite-ambiental-al-correcull\/\" title=\"Read El Comit\u00e8 Ambiental, al Correcull\">Llegeix m\u00e9s\u00bb<\/a><\/p>\n","protected":false},"author":3,"featured_media":5581,"comment_status":"open","ping_status":"closed","sticky":false,"template":"","format":"standard","meta":{"_bbp_topic_count":0,"_bbp_reply_count":0,"_bbp_total_topic_count":0,"_bbp_total_reply_count":0,"_bbp_voice_count":0,"_bbp_anonymous_reply_count":0,"_bbp_topic_count_hidden":0,"_bbp_reply_count_hidden":0,"_bbp_forum_subforum_count":0,"footnotes":""},"categories":[1],"tags":[157,111,132],"class_list":["post-5580","post","type-post","status-publish","format-standard","has-post-thumbnail","hentry","category-general","tag-escola-verda","tag-esport","tag-projectes"],"post_mailing_queue_ids":[],"_links":{"self":[{"href":"https:\/\/agora.xtec.cat\/ieslajonquera\/wp-json\/wp\/v2\/posts\/5580","targetHints":{"allow":["GET"]}}],"collection":[{"href":"https:\/\/agora.xtec.cat\/ieslajonquera\/wp-json\/wp\/v2\/posts"}],"about":[{"href":"https:\/\/agora.xtec.cat\/ieslajonquera\/wp-json\/wp\/v2\/types\/post"}],"author":[{"embeddable":true,"href":"https:\/\/agora.xtec.cat\/ieslajonquera\/wp-json\/wp\/v2\/users\/3"}],"replies":[{"embeddable":true,"href":"https:\/\/agora.xtec.cat\/ieslajonquera\/wp-json\/wp\/v2\/comments?post=5580"}],"version-history":[{"count":1,"href":"https:\/\/agora.xtec.cat\/ieslajonquera\/wp-json\/wp\/v2\/posts\/5580\/revisions"}],"predecessor-version":[{"id":5582,"href":"https:\/\/agora.xtec.cat\/ieslajonquera\/wp-json\/wp\/v2\/posts\/5580\/revisions\/5582"}],"wp:featuredmedia":[{"embeddable":true,"href":"https:\/\/agora.xtec.cat\/ieslajonquera\/wp-json\/wp\/v2\/media\/5581"}],"wp:attachment":[{"href":"https:\/\/agora.xtec.cat\/ieslajonquera\/wp-json\/wp\/v2\/media?parent=5580"}],"wp:term":[{"taxonomy":"category","embeddable":true,"href":"https:\/\/agora.xtec.cat\/ieslajonquera\/wp-json\/wp\/v2\/categories?post=5580"},{"taxonomy":"post_tag","embeddable":true,"href":"https:\/\/agora.xtec.cat\/ieslajonquera\/wp-json\/wp\/v2\/tags?post=5580"}],"curies":[{"name":"wp","href":"https:\/\/api.w.org\/{rel}","templated":true}]}}