{"id":5554,"date":"2024-05-26T19:04:02","date_gmt":"2024-05-26T17:04:02","guid":{"rendered":"https:\/\/agora.xtec.cat\/ieslajonquera\/?p=5554"},"modified":"2024-05-26T19:04:02","modified_gmt":"2024-05-26T17:04:02","slug":"finalistes-dhonor-a-ficcions","status":"publish","type":"post","link":"https:\/\/agora.xtec.cat\/ieslajonquera\/general\/finalistes-dhonor-a-ficcions\/","title":{"rendered":"Finalistes d&#8217;honor a Ficcions"},"content":{"rendered":"<p style=\"text-align: justify;\"><a href=\"https:\/\/agora.xtec.cat\/ieslajonquera\/wp-content\/uploads\/usu2014\/2024\/05\/4t-dESO_Ficcions.webp\"><img loading=\"lazy\" decoding=\"async\" class=\" wp-image-5555 alignleft\" src=\"https:\/\/agora.xtec.cat\/ieslajonquera\/wp-content\/uploads\/usu2014\/2024\/05\/4t-dESO_Ficcions-1024x1024.webp\" alt=\"\" width=\"229\" height=\"229\" srcset=\"https:\/\/agora.xtec.cat\/ieslajonquera\/wp-content\/uploads\/usu2014\/2024\/05\/4t-dESO_Ficcions-1024x1024.webp 1024w, https:\/\/agora.xtec.cat\/ieslajonquera\/wp-content\/uploads\/usu2014\/2024\/05\/4t-dESO_Ficcions-300x300.webp 300w, https:\/\/agora.xtec.cat\/ieslajonquera\/wp-content\/uploads\/usu2014\/2024\/05\/4t-dESO_Ficcions-150x150.webp 150w, https:\/\/agora.xtec.cat\/ieslajonquera\/wp-content\/uploads\/usu2014\/2024\/05\/4t-dESO_Ficcions-768x768.webp 768w, https:\/\/agora.xtec.cat\/ieslajonquera\/wp-content\/uploads\/usu2014\/2024\/05\/4t-dESO_Ficcions.webp 1200w\" sizes=\"auto, (max-width: 229px) 100vw, 229px\" \/><\/a>Les alumnes de 4t d\u2019ESO B Bruna Carreras i Irache Santana han estat finalistes d\u2019honor a la 16a edici\u00f3 del concurs literari AMIC-Ficcions, que cada any organitza l\u2019Associaci\u00f3 de Mitjans d\u2019Informaci\u00f3 i Comunicaci\u00f3.<\/p>\n<p style=\"text-align: justify;\">A l\u2019acte de lliurament, celebrat al Caixa F\u00f2rum de Barcelona el passat 22 de maig, hi van intervenir l\u2019escriptor Jordi Sierra i Fabra i el cantant Miki N\u00fa\u00f1ez entre d&#8217;altres personalitats del m\u00f3n de la cultura catalana.<\/p>\n","protected":false},"excerpt":{"rendered":"<p><a href=\"https:\/\/agora.xtec.cat\/ieslajonquera\/wp-content\/uploads\/usu2014\/2024\/05\/4t-dESO_Ficcions.webp\"><\/a>Les alumnes de 4t d\u2019ESO B Bruna Carreras i Irache Santana han estat finalistes d\u2019honor a la 16a edici\u00f3 del concurs literari AMIC-Ficcions, que cada any organitza l\u2019Associaci\u00f3 de Mitjans d\u2019Informaci\u00f3 i Comunicaci\u00f3.<br \/>\nA l\u2019acte de lliurament, celebrat al Caixa F\u00f2rum de Barcelona el passat&hellip;  <a href=\"https:\/\/agora.xtec.cat\/ieslajonquera\/general\/finalistes-dhonor-a-ficcions\/\" title=\"Read Finalistes d&#8217;honor a Ficcions\">Llegeix m\u00e9s\u00bb<\/a><\/p>\n","protected":false},"author":3,"featured_media":5555,"comment_status":"open","ping_status":"closed","sticky":false,"template":"","format":"standard","meta":{"_bbp_topic_count":0,"_bbp_reply_count":0,"_bbp_total_topic_count":0,"_bbp_total_reply_count":0,"_bbp_voice_count":0,"_bbp_anonymous_reply_count":0,"_bbp_topic_count_hidden":0,"_bbp_reply_count_hidden":0,"_bbp_forum_subforum_count":0,"footnotes":""},"categories":[7,3,1],"tags":[57],"class_list":["post-5554","post","type-post","status-publish","format-standard","has-post-thumbnail","hentry","category-eso-4","category-eso","category-general","tag-expressio-escrita"],"post_mailing_queue_ids":[],"_links":{"self":[{"href":"https:\/\/agora.xtec.cat\/ieslajonquera\/wp-json\/wp\/v2\/posts\/5554","targetHints":{"allow":["GET"]}}],"collection":[{"href":"https:\/\/agora.xtec.cat\/ieslajonquera\/wp-json\/wp\/v2\/posts"}],"about":[{"href":"https:\/\/agora.xtec.cat\/ieslajonquera\/wp-json\/wp\/v2\/types\/post"}],"author":[{"embeddable":true,"href":"https:\/\/agora.xtec.cat\/ieslajonquera\/wp-json\/wp\/v2\/users\/3"}],"replies":[{"embeddable":true,"href":"https:\/\/agora.xtec.cat\/ieslajonquera\/wp-json\/wp\/v2\/comments?post=5554"}],"version-history":[{"count":1,"href":"https:\/\/agora.xtec.cat\/ieslajonquera\/wp-json\/wp\/v2\/posts\/5554\/revisions"}],"predecessor-version":[{"id":5556,"href":"https:\/\/agora.xtec.cat\/ieslajonquera\/wp-json\/wp\/v2\/posts\/5554\/revisions\/5556"}],"wp:featuredmedia":[{"embeddable":true,"href":"https:\/\/agora.xtec.cat\/ieslajonquera\/wp-json\/wp\/v2\/media\/5555"}],"wp:attachment":[{"href":"https:\/\/agora.xtec.cat\/ieslajonquera\/wp-json\/wp\/v2\/media?parent=5554"}],"wp:term":[{"taxonomy":"category","embeddable":true,"href":"https:\/\/agora.xtec.cat\/ieslajonquera\/wp-json\/wp\/v2\/categories?post=5554"},{"taxonomy":"post_tag","embeddable":true,"href":"https:\/\/agora.xtec.cat\/ieslajonquera\/wp-json\/wp\/v2\/tags?post=5554"}],"curies":[{"name":"wp","href":"https:\/\/api.w.org\/{rel}","templated":true}]}}