{"id":5524,"date":"2024-04-26T19:33:35","date_gmt":"2024-04-26T17:33:35","guid":{"rendered":"https:\/\/agora.xtec.cat\/ieslajonquera\/?p=5524"},"modified":"2024-04-26T19:33:35","modified_gmt":"2024-04-26T17:33:35","slug":"taller-utopia-a-1r-de-batxillerat","status":"publish","type":"post","link":"https:\/\/agora.xtec.cat\/ieslajonquera\/general\/taller-utopia-a-1r-de-batxillerat\/","title":{"rendered":"Taller &#8220;Utopia&#8221; a 1r de Batxillerat"},"content":{"rendered":"<p style=\"text-align: justify;\"><a href=\"https:\/\/agora.xtec.cat\/ieslajonquera\/wp-content\/uploads\/usu2014\/2024\/04\/IMG-20240426-WA0009.jpg\"><img loading=\"lazy\" decoding=\"async\" class=\" wp-image-5525 alignleft\" src=\"https:\/\/agora.xtec.cat\/ieslajonquera\/wp-content\/uploads\/usu2014\/2024\/04\/IMG-20240426-WA0009-1024x768.jpg\" alt=\"\" width=\"308\" height=\"231\" srcset=\"https:\/\/agora.xtec.cat\/ieslajonquera\/wp-content\/uploads\/usu2014\/2024\/04\/IMG-20240426-WA0009-1024x768.jpg 1024w, https:\/\/agora.xtec.cat\/ieslajonquera\/wp-content\/uploads\/usu2014\/2024\/04\/IMG-20240426-WA0009-300x225.jpg 300w, https:\/\/agora.xtec.cat\/ieslajonquera\/wp-content\/uploads\/usu2014\/2024\/04\/IMG-20240426-WA0009-768x576.jpg 768w, https:\/\/agora.xtec.cat\/ieslajonquera\/wp-content\/uploads\/usu2014\/2024\/04\/IMG-20240426-WA0009-1536x1152.jpg 1536w, https:\/\/agora.xtec.cat\/ieslajonquera\/wp-content\/uploads\/usu2014\/2024\/04\/IMG-20240426-WA0009-200x150.jpg 200w, https:\/\/agora.xtec.cat\/ieslajonquera\/wp-content\/uploads\/usu2014\/2024\/04\/IMG-20240426-WA0009.jpg 1600w\" sizes=\"auto, (max-width: 308px) 100vw, 308px\" \/><\/a><a href=\"https:\/\/agora.xtec.cat\/ieslajonquera\/wp-content\/uploads\/usu2014\/2024\/04\/IMG-20240426-WA0008.jpg\"><img loading=\"lazy\" decoding=\"async\" class=\" wp-image-5526 alignleft\" src=\"https:\/\/agora.xtec.cat\/ieslajonquera\/wp-content\/uploads\/usu2014\/2024\/04\/IMG-20240426-WA0008-1024x768.jpg\" alt=\"\" width=\"307\" height=\"231\" srcset=\"https:\/\/agora.xtec.cat\/ieslajonquera\/wp-content\/uploads\/usu2014\/2024\/04\/IMG-20240426-WA0008-1024x768.jpg 1024w, https:\/\/agora.xtec.cat\/ieslajonquera\/wp-content\/uploads\/usu2014\/2024\/04\/IMG-20240426-WA0008-300x225.jpg 300w, https:\/\/agora.xtec.cat\/ieslajonquera\/wp-content\/uploads\/usu2014\/2024\/04\/IMG-20240426-WA0008-768x576.jpg 768w, https:\/\/agora.xtec.cat\/ieslajonquera\/wp-content\/uploads\/usu2014\/2024\/04\/IMG-20240426-WA0008-1536x1152.jpg 1536w, https:\/\/agora.xtec.cat\/ieslajonquera\/wp-content\/uploads\/usu2014\/2024\/04\/IMG-20240426-WA0008-200x150.jpg 200w, https:\/\/agora.xtec.cat\/ieslajonquera\/wp-content\/uploads\/usu2014\/2024\/04\/IMG-20240426-WA0008.jpg 1600w\" sizes=\"auto, (max-width: 307px) 100vw, 307px\" \/><\/a><a href=\"https:\/\/agora.xtec.cat\/ieslajonquera\/wp-content\/uploads\/usu2014\/2024\/04\/IMG-20240426-WA0004.jpg\"><img loading=\"lazy\" decoding=\"async\" class=\" wp-image-5527 alignleft\" src=\"https:\/\/agora.xtec.cat\/ieslajonquera\/wp-content\/uploads\/usu2014\/2024\/04\/IMG-20240426-WA0004-1024x768.jpg\" alt=\"\" width=\"307\" height=\"230\" srcset=\"https:\/\/agora.xtec.cat\/ieslajonquera\/wp-content\/uploads\/usu2014\/2024\/04\/IMG-20240426-WA0004-1024x768.jpg 1024w, https:\/\/agora.xtec.cat\/ieslajonquera\/wp-content\/uploads\/usu2014\/2024\/04\/IMG-20240426-WA0004-300x225.jpg 300w, https:\/\/agora.xtec.cat\/ieslajonquera\/wp-content\/uploads\/usu2014\/2024\/04\/IMG-20240426-WA0004-768x576.jpg 768w, https:\/\/agora.xtec.cat\/ieslajonquera\/wp-content\/uploads\/usu2014\/2024\/04\/IMG-20240426-WA0004-1536x1152.jpg 1536w, https:\/\/agora.xtec.cat\/ieslajonquera\/wp-content\/uploads\/usu2014\/2024\/04\/IMG-20240426-WA0004-200x150.jpg 200w, https:\/\/agora.xtec.cat\/ieslajonquera\/wp-content\/uploads\/usu2014\/2024\/04\/IMG-20240426-WA0004.jpg 1600w\" sizes=\"auto, (max-width: 307px) 100vw, 307px\" \/><\/a>Els alumnes de 1r de Batxillerat han realitzat el taller &#8220;Utopia&#8221; durant dos dijous en el qual havien de reflexionar al voltant del concepte d&#8217;utopia i dissenyar la bandera del seu estat ideal.<\/p>\n<p style=\"text-align: justify;\">El taller l&#8217;han portat a terme els artistes Oriol Caba i Klas Ernflo, del grup &#8220;Les ant\u00edpodes&#8221;, que est\u00e0 comen\u00e7ant un projecte d&#8217;una casa d&#8217;artistes a Agullana.<\/p>\n","protected":false},"excerpt":{"rendered":"<p><a href=\"https:\/\/agora.xtec.cat\/ieslajonquera\/wp-content\/uploads\/usu2014\/2024\/04\/IMG-20240426-WA0009.jpg\"><\/a><a href=\"https:\/\/agora.xtec.cat\/ieslajonquera\/wp-content\/uploads\/usu2014\/2024\/04\/IMG-20240426-WA0008.jpg\"><\/a><a href=\"https:\/\/agora.xtec.cat\/ieslajonquera\/wp-content\/uploads\/usu2014\/2024\/04\/IMG-20240426-WA0004.jpg\"><\/a>Els alumnes de 1r de Batxillerat han realitzat el taller &#8220;Utopia&#8221; durant dos dijous en el qual havien de reflexionar al voltant del concepte d&#8217;utopia i dissenyar la bandera del seu estat ideal.<br \/>\nEl taller l&#8217;han portat a terme els artistes Oriol Caba&hellip;  <a href=\"https:\/\/agora.xtec.cat\/ieslajonquera\/general\/taller-utopia-a-1r-de-batxillerat\/\" title=\"Read Taller &#8220;Utopia&#8221; a 1r de Batxillerat\">Llegeix m\u00e9s\u00bb<\/a><\/p>\n","protected":false},"author":3,"featured_media":5525,"comment_status":"open","ping_status":"closed","sticky":false,"template":"","format":"standard","meta":{"_bbp_topic_count":0,"_bbp_reply_count":0,"_bbp_total_topic_count":0,"_bbp_total_reply_count":0,"_bbp_voice_count":0,"_bbp_anonymous_reply_count":0,"_bbp_topic_count_hidden":0,"_bbp_reply_count_hidden":0,"_bbp_forum_subforum_count":0,"footnotes":""},"categories":[8,1],"tags":[150,133],"class_list":["post-5524","post","type-post","status-publish","format-standard","has-post-thumbnail","hentry","category-batxillerat","category-general","tag-art","tag-creativitat"],"post_mailing_queue_ids":[],"_links":{"self":[{"href":"https:\/\/agora.xtec.cat\/ieslajonquera\/wp-json\/wp\/v2\/posts\/5524","targetHints":{"allow":["GET"]}}],"collection":[{"href":"https:\/\/agora.xtec.cat\/ieslajonquera\/wp-json\/wp\/v2\/posts"}],"about":[{"href":"https:\/\/agora.xtec.cat\/ieslajonquera\/wp-json\/wp\/v2\/types\/post"}],"author":[{"embeddable":true,"href":"https:\/\/agora.xtec.cat\/ieslajonquera\/wp-json\/wp\/v2\/users\/3"}],"replies":[{"embeddable":true,"href":"https:\/\/agora.xtec.cat\/ieslajonquera\/wp-json\/wp\/v2\/comments?post=5524"}],"version-history":[{"count":1,"href":"https:\/\/agora.xtec.cat\/ieslajonquera\/wp-json\/wp\/v2\/posts\/5524\/revisions"}],"predecessor-version":[{"id":5528,"href":"https:\/\/agora.xtec.cat\/ieslajonquera\/wp-json\/wp\/v2\/posts\/5524\/revisions\/5528"}],"wp:featuredmedia":[{"embeddable":true,"href":"https:\/\/agora.xtec.cat\/ieslajonquera\/wp-json\/wp\/v2\/media\/5525"}],"wp:attachment":[{"href":"https:\/\/agora.xtec.cat\/ieslajonquera\/wp-json\/wp\/v2\/media?parent=5524"}],"wp:term":[{"taxonomy":"category","embeddable":true,"href":"https:\/\/agora.xtec.cat\/ieslajonquera\/wp-json\/wp\/v2\/categories?post=5524"},{"taxonomy":"post_tag","embeddable":true,"href":"https:\/\/agora.xtec.cat\/ieslajonquera\/wp-json\/wp\/v2\/tags?post=5524"}],"curies":[{"name":"wp","href":"https:\/\/api.w.org\/{rel}","templated":true}]}}