{"id":5512,"date":"2024-04-21T19:20:51","date_gmt":"2024-04-21T17:20:51","guid":{"rendered":"https:\/\/agora.xtec.cat\/ieslajonquera\/?p=5512"},"modified":"2024-04-21T19:20:51","modified_gmt":"2024-04-21T17:20:51","slug":"sortida-a-la-tarraco-romana-amb-2n-de-batxillerat","status":"publish","type":"post","link":"https:\/\/agora.xtec.cat\/ieslajonquera\/general\/sortida-a-la-tarraco-romana-amb-2n-de-batxillerat\/","title":{"rendered":"Sortida a la Tarraco romana amb 2n de Batxillerat"},"content":{"rendered":"<p style=\"text-align: justify;\"><a href=\"https:\/\/agora.xtec.cat\/ieslajonquera\/wp-content\/uploads\/usu2014\/2024\/04\/IMG-20240418-WA0004.jpg\"><img loading=\"lazy\" decoding=\"async\" class=\" wp-image-5514 alignleft\" src=\"https:\/\/agora.xtec.cat\/ieslajonquera\/wp-content\/uploads\/usu2014\/2024\/04\/IMG-20240418-WA0004-769x1024.jpg\" alt=\"\" width=\"158\" height=\"211\" srcset=\"https:\/\/agora.xtec.cat\/ieslajonquera\/wp-content\/uploads\/usu2014\/2024\/04\/IMG-20240418-WA0004-769x1024.jpg 769w, https:\/\/agora.xtec.cat\/ieslajonquera\/wp-content\/uploads\/usu2014\/2024\/04\/IMG-20240418-WA0004-225x300.jpg 225w, https:\/\/agora.xtec.cat\/ieslajonquera\/wp-content\/uploads\/usu2014\/2024\/04\/IMG-20240418-WA0004-768x1023.jpg 768w, https:\/\/agora.xtec.cat\/ieslajonquera\/wp-content\/uploads\/usu2014\/2024\/04\/IMG-20240418-WA0004-1153x1536.jpg 1153w, https:\/\/agora.xtec.cat\/ieslajonquera\/wp-content\/uploads\/usu2014\/2024\/04\/IMG-20240418-WA0004.jpg 1201w\" sizes=\"auto, (max-width: 158px) 100vw, 158px\" \/><\/a><a href=\"https:\/\/agora.xtec.cat\/ieslajonquera\/wp-content\/uploads\/usu2014\/2024\/04\/IMG-20240418-WA0007.jpg\"><img loading=\"lazy\" decoding=\"async\" class=\" wp-image-5513 alignleft\" src=\"https:\/\/agora.xtec.cat\/ieslajonquera\/wp-content\/uploads\/usu2014\/2024\/04\/IMG-20240418-WA0007-1024x769.jpg\" alt=\"\" width=\"282\" height=\"212\" srcset=\"https:\/\/agora.xtec.cat\/ieslajonquera\/wp-content\/uploads\/usu2014\/2024\/04\/IMG-20240418-WA0007-1024x769.jpg 1024w, https:\/\/agora.xtec.cat\/ieslajonquera\/wp-content\/uploads\/usu2014\/2024\/04\/IMG-20240418-WA0007-300x225.jpg 300w, https:\/\/agora.xtec.cat\/ieslajonquera\/wp-content\/uploads\/usu2014\/2024\/04\/IMG-20240418-WA0007-768x576.jpg 768w, https:\/\/agora.xtec.cat\/ieslajonquera\/wp-content\/uploads\/usu2014\/2024\/04\/IMG-20240418-WA0007-1536x1153.jpg 1536w, https:\/\/agora.xtec.cat\/ieslajonquera\/wp-content\/uploads\/usu2014\/2024\/04\/IMG-20240418-WA0007-200x150.jpg 200w, https:\/\/agora.xtec.cat\/ieslajonquera\/wp-content\/uploads\/usu2014\/2024\/04\/IMG-20240418-WA0007.jpg 2048w\" sizes=\"auto, (max-width: 282px) 100vw, 282px\" \/><\/a><a href=\"https:\/\/agora.xtec.cat\/ieslajonquera\/wp-content\/uploads\/usu2014\/2024\/04\/IMG-20240418-WA0002.jpg\"><img loading=\"lazy\" decoding=\"async\" class=\" wp-image-5515 alignleft\" src=\"https:\/\/agora.xtec.cat\/ieslajonquera\/wp-content\/uploads\/usu2014\/2024\/04\/IMG-20240418-WA0002-769x1024.jpg\" alt=\"\" width=\"159\" height=\"212\" srcset=\"https:\/\/agora.xtec.cat\/ieslajonquera\/wp-content\/uploads\/usu2014\/2024\/04\/IMG-20240418-WA0002-769x1024.jpg 769w, https:\/\/agora.xtec.cat\/ieslajonquera\/wp-content\/uploads\/usu2014\/2024\/04\/IMG-20240418-WA0002-225x300.jpg 225w, https:\/\/agora.xtec.cat\/ieslajonquera\/wp-content\/uploads\/usu2014\/2024\/04\/IMG-20240418-WA0002-768x1023.jpg 768w, https:\/\/agora.xtec.cat\/ieslajonquera\/wp-content\/uploads\/usu2014\/2024\/04\/IMG-20240418-WA0002-1153x1536.jpg 1153w, https:\/\/agora.xtec.cat\/ieslajonquera\/wp-content\/uploads\/usu2014\/2024\/04\/IMG-20240418-WA0002.jpg 1201w\" sizes=\"auto, (max-width: 159px) 100vw, 159px\" \/><\/a>El passat dijous 18 d&#8217;abril, l&#8217;alumnat de 2n de Batxillerat que cursa la mat\u00e8ria de Llat\u00ed va fer una sortida a la <em>Tarraco<\/em> romana en qu\u00e8 va poder fer un recorregut per la ciutat i va assistir a una obra de teatre.<\/p>\n","protected":false},"excerpt":{"rendered":"<p><a href=\"https:\/\/agora.xtec.cat\/ieslajonquera\/wp-content\/uploads\/usu2014\/2024\/04\/IMG-20240418-WA0004.jpg\"><\/a><a href=\"https:\/\/agora.xtec.cat\/ieslajonquera\/wp-content\/uploads\/usu2014\/2024\/04\/IMG-20240418-WA0007.jpg\"><\/a><a href=\"https:\/\/agora.xtec.cat\/ieslajonquera\/wp-content\/uploads\/usu2014\/2024\/04\/IMG-20240418-WA0002.jpg\"><\/a>El passat dijous 18 d&#8217;abril, l&#8217;alumnat de 2n de Batxillerat que cursa la mat\u00e8ria de Llat\u00ed va fer una sortida a la Tarraco romana en qu\u00e8 va poder fer un recorregut per la ciutat i va assistir a una obra de teatre.<\/p>\n","protected":false},"author":3,"featured_media":5513,"comment_status":"open","ping_status":"closed","sticky":false,"template":"","format":"standard","meta":{"_bbp_topic_count":0,"_bbp_reply_count":0,"_bbp_total_topic_count":0,"_bbp_total_reply_count":0,"_bbp_voice_count":0,"_bbp_anonymous_reply_count":0,"_bbp_topic_count_hidden":0,"_bbp_reply_count_hidden":0,"_bbp_forum_subforum_count":0,"footnotes":""},"categories":[8,1],"tags":[145,168,39,40],"class_list":["post-5512","post","type-post","status-publish","format-standard","has-post-thumbnail","hentry","category-batxillerat","category-general","tag-historia","tag-llati","tag-sortides","tag-teatre"],"post_mailing_queue_ids":[],"_links":{"self":[{"href":"https:\/\/agora.xtec.cat\/ieslajonquera\/wp-json\/wp\/v2\/posts\/5512","targetHints":{"allow":["GET"]}}],"collection":[{"href":"https:\/\/agora.xtec.cat\/ieslajonquera\/wp-json\/wp\/v2\/posts"}],"about":[{"href":"https:\/\/agora.xtec.cat\/ieslajonquera\/wp-json\/wp\/v2\/types\/post"}],"author":[{"embeddable":true,"href":"https:\/\/agora.xtec.cat\/ieslajonquera\/wp-json\/wp\/v2\/users\/3"}],"replies":[{"embeddable":true,"href":"https:\/\/agora.xtec.cat\/ieslajonquera\/wp-json\/wp\/v2\/comments?post=5512"}],"version-history":[{"count":1,"href":"https:\/\/agora.xtec.cat\/ieslajonquera\/wp-json\/wp\/v2\/posts\/5512\/revisions"}],"predecessor-version":[{"id":5516,"href":"https:\/\/agora.xtec.cat\/ieslajonquera\/wp-json\/wp\/v2\/posts\/5512\/revisions\/5516"}],"wp:featuredmedia":[{"embeddable":true,"href":"https:\/\/agora.xtec.cat\/ieslajonquera\/wp-json\/wp\/v2\/media\/5513"}],"wp:attachment":[{"href":"https:\/\/agora.xtec.cat\/ieslajonquera\/wp-json\/wp\/v2\/media?parent=5512"}],"wp:term":[{"taxonomy":"category","embeddable":true,"href":"https:\/\/agora.xtec.cat\/ieslajonquera\/wp-json\/wp\/v2\/categories?post=5512"},{"taxonomy":"post_tag","embeddable":true,"href":"https:\/\/agora.xtec.cat\/ieslajonquera\/wp-json\/wp\/v2\/tags?post=5512"}],"curies":[{"name":"wp","href":"https:\/\/api.w.org\/{rel}","templated":true}]}}