{"id":5507,"date":"2024-04-21T19:13:00","date_gmt":"2024-04-21T17:13:00","guid":{"rendered":"https:\/\/agora.xtec.cat\/ieslajonquera\/?p=5507"},"modified":"2024-04-21T19:13:00","modified_gmt":"2024-04-21T17:13:00","slug":"xerrada-sobre-lobjeccio-de-consciencia","status":"publish","type":"post","link":"https:\/\/agora.xtec.cat\/ieslajonquera\/general\/xerrada-sobre-lobjeccio-de-consciencia\/","title":{"rendered":"Xerrada sobre l&#8217;objecci\u00f3 de consci\u00e8ncia"},"content":{"rendered":"<p style=\"text-align: justify;\"><a href=\"https:\/\/agora.xtec.cat\/ieslajonquera\/wp-content\/uploads\/usu2014\/2024\/04\/IMG-20240410-WA0013.jpg\"><img loading=\"lazy\" decoding=\"async\" class=\" wp-image-5508 alignleft\" src=\"https:\/\/agora.xtec.cat\/ieslajonquera\/wp-content\/uploads\/usu2014\/2024\/04\/IMG-20240410-WA0013-1024x768.jpg\" alt=\"\" width=\"323\" height=\"242\" srcset=\"https:\/\/agora.xtec.cat\/ieslajonquera\/wp-content\/uploads\/usu2014\/2024\/04\/IMG-20240410-WA0013-1024x768.jpg 1024w, https:\/\/agora.xtec.cat\/ieslajonquera\/wp-content\/uploads\/usu2014\/2024\/04\/IMG-20240410-WA0013-300x225.jpg 300w, https:\/\/agora.xtec.cat\/ieslajonquera\/wp-content\/uploads\/usu2014\/2024\/04\/IMG-20240410-WA0013-768x576.jpg 768w, https:\/\/agora.xtec.cat\/ieslajonquera\/wp-content\/uploads\/usu2014\/2024\/04\/IMG-20240410-WA0013-1536x1152.jpg 1536w, https:\/\/agora.xtec.cat\/ieslajonquera\/wp-content\/uploads\/usu2014\/2024\/04\/IMG-20240410-WA0013-200x150.jpg 200w, https:\/\/agora.xtec.cat\/ieslajonquera\/wp-content\/uploads\/usu2014\/2024\/04\/IMG-20240410-WA0013.jpg 2048w\" sizes=\"auto, (max-width: 323px) 100vw, 323px\" \/><\/a><a href=\"https:\/\/agora.xtec.cat\/ieslajonquera\/wp-content\/uploads\/usu2014\/2024\/04\/IMG-20240410-WA0004.jpg\"><img loading=\"lazy\" decoding=\"async\" class=\" wp-image-5509 alignleft\" src=\"https:\/\/agora.xtec.cat\/ieslajonquera\/wp-content\/uploads\/usu2014\/2024\/04\/IMG-20240410-WA0004-768x1024.jpg\" alt=\"\" width=\"182\" height=\"243\" srcset=\"https:\/\/agora.xtec.cat\/ieslajonquera\/wp-content\/uploads\/usu2014\/2024\/04\/IMG-20240410-WA0004-768x1024.jpg 768w, https:\/\/agora.xtec.cat\/ieslajonquera\/wp-content\/uploads\/usu2014\/2024\/04\/IMG-20240410-WA0004-225x300.jpg 225w, https:\/\/agora.xtec.cat\/ieslajonquera\/wp-content\/uploads\/usu2014\/2024\/04\/IMG-20240410-WA0004-1152x1536.jpg 1152w, https:\/\/agora.xtec.cat\/ieslajonquera\/wp-content\/uploads\/usu2014\/2024\/04\/IMG-20240410-WA0004.jpg 1200w\" sizes=\"auto, (max-width: 182px) 100vw, 182px\" \/><\/a><a href=\"https:\/\/agora.xtec.cat\/ieslajonquera\/wp-content\/uploads\/usu2014\/2024\/04\/20240410_1100451.jpg\"><img loading=\"lazy\" decoding=\"async\" class=\" wp-image-5510 alignleft\" src=\"https:\/\/agora.xtec.cat\/ieslajonquera\/wp-content\/uploads\/usu2014\/2024\/04\/20240410_1100451.jpg\" alt=\"\" width=\"325\" height=\"244\" srcset=\"https:\/\/agora.xtec.cat\/ieslajonquera\/wp-content\/uploads\/usu2014\/2024\/04\/20240410_1100451.jpg 1024w, https:\/\/agora.xtec.cat\/ieslajonquera\/wp-content\/uploads\/usu2014\/2024\/04\/20240410_1100451-300x225.jpg 300w, https:\/\/agora.xtec.cat\/ieslajonquera\/wp-content\/uploads\/usu2014\/2024\/04\/20240410_1100451-768x576.jpg 768w, https:\/\/agora.xtec.cat\/ieslajonquera\/wp-content\/uploads\/usu2014\/2024\/04\/20240410_1100451-200x150.jpg 200w\" sizes=\"auto, (max-width: 325px) 100vw, 325px\" \/><\/a>El passat divendres 12 d&#8217;abril, l&#8217;alumnat de 2n de Batxillerat va participar en una confer\u00e8ncia al Teatre Jard\u00ed de Figueres juntament amb alumnat d&#8217;altres centres de la comarca. El ponent va ser Mart\u00ed Olivella, que va parlar sobre l&#8217;objecci\u00f3 de consci\u00e8ncia tot explicant la seva experi\u00e8ncia personal.<\/p>\n<p style=\"text-align: justify;\">L&#8217;activitat l&#8217;organitzava el Grup de Treball Exili, Holocaust i Deportaci\u00f3 de l&#8217;Alt Empord\u00e0 (GDTEH), del qual el centre en forma part.<\/p>\n","protected":false},"excerpt":{"rendered":"<p><a href=\"https:\/\/agora.xtec.cat\/ieslajonquera\/wp-content\/uploads\/usu2014\/2024\/04\/IMG-20240410-WA0013.jpg\"><\/a><a href=\"https:\/\/agora.xtec.cat\/ieslajonquera\/wp-content\/uploads\/usu2014\/2024\/04\/IMG-20240410-WA0004.jpg\"><\/a><a href=\"https:\/\/agora.xtec.cat\/ieslajonquera\/wp-content\/uploads\/usu2014\/2024\/04\/20240410_1100451.jpg\"><\/a>El passat divendres 12 d&#8217;abril, l&#8217;alumnat de 2n de Batxillerat va participar en una confer\u00e8ncia al Teatre Jard\u00ed de Figueres juntament amb alumnat d&#8217;altres centres de la comarca. El ponent va ser Mart\u00ed Olivella, que va parlar sobre l&#8217;objecci\u00f3 de consci\u00e8ncia tot&hellip;  <a href=\"https:\/\/agora.xtec.cat\/ieslajonquera\/general\/xerrada-sobre-lobjeccio-de-consciencia\/\" title=\"Read Xerrada sobre l&#8217;objecci\u00f3 de consci\u00e8ncia\">Llegeix m\u00e9s\u00bb<\/a><\/p>\n","protected":false},"author":3,"featured_media":5510,"comment_status":"open","ping_status":"closed","sticky":false,"template":"","format":"standard","meta":{"_bbp_topic_count":0,"_bbp_reply_count":0,"_bbp_total_topic_count":0,"_bbp_total_reply_count":0,"_bbp_voice_count":0,"_bbp_anonymous_reply_count":0,"_bbp_topic_count_hidden":0,"_bbp_reply_count_hidden":0,"_bbp_forum_subforum_count":0,"footnotes":""},"categories":[8,1],"tags":[130,145],"class_list":["post-5507","post","type-post","status-publish","format-standard","has-post-thumbnail","hentry","category-batxillerat","category-general","tag-conferencies","tag-historia"],"post_mailing_queue_ids":[],"_links":{"self":[{"href":"https:\/\/agora.xtec.cat\/ieslajonquera\/wp-json\/wp\/v2\/posts\/5507","targetHints":{"allow":["GET"]}}],"collection":[{"href":"https:\/\/agora.xtec.cat\/ieslajonquera\/wp-json\/wp\/v2\/posts"}],"about":[{"href":"https:\/\/agora.xtec.cat\/ieslajonquera\/wp-json\/wp\/v2\/types\/post"}],"author":[{"embeddable":true,"href":"https:\/\/agora.xtec.cat\/ieslajonquera\/wp-json\/wp\/v2\/users\/3"}],"replies":[{"embeddable":true,"href":"https:\/\/agora.xtec.cat\/ieslajonquera\/wp-json\/wp\/v2\/comments?post=5507"}],"version-history":[{"count":1,"href":"https:\/\/agora.xtec.cat\/ieslajonquera\/wp-json\/wp\/v2\/posts\/5507\/revisions"}],"predecessor-version":[{"id":5511,"href":"https:\/\/agora.xtec.cat\/ieslajonquera\/wp-json\/wp\/v2\/posts\/5507\/revisions\/5511"}],"wp:featuredmedia":[{"embeddable":true,"href":"https:\/\/agora.xtec.cat\/ieslajonquera\/wp-json\/wp\/v2\/media\/5510"}],"wp:attachment":[{"href":"https:\/\/agora.xtec.cat\/ieslajonquera\/wp-json\/wp\/v2\/media?parent=5507"}],"wp:term":[{"taxonomy":"category","embeddable":true,"href":"https:\/\/agora.xtec.cat\/ieslajonquera\/wp-json\/wp\/v2\/categories?post=5507"},{"taxonomy":"post_tag","embeddable":true,"href":"https:\/\/agora.xtec.cat\/ieslajonquera\/wp-json\/wp\/v2\/tags?post=5507"}],"curies":[{"name":"wp","href":"https:\/\/api.w.org\/{rel}","templated":true}]}}