{"id":5500,"date":"2024-04-21T18:54:49","date_gmt":"2024-04-21T16:54:49","guid":{"rendered":"https:\/\/agora.xtec.cat\/ieslajonquera\/?p=5500"},"modified":"2024-04-21T18:54:49","modified_gmt":"2024-04-21T16:54:49","slug":"lescriptor-angel-burgas-ens-visita","status":"publish","type":"post","link":"https:\/\/agora.xtec.cat\/ieslajonquera\/general\/lescriptor-angel-burgas-ens-visita\/","title":{"rendered":"L&#8217;escriptor \u00c0ngel Burgas ens visita"},"content":{"rendered":"<p style=\"text-align: justify;\"><a href=\"https:\/\/agora.xtec.cat\/ieslajonquera\/wp-content\/uploads\/usu2014\/2024\/04\/20240416_1348441.jpg\"><img loading=\"lazy\" decoding=\"async\" class=\" wp-image-5501 alignleft\" src=\"https:\/\/agora.xtec.cat\/ieslajonquera\/wp-content\/uploads\/usu2014\/2024\/04\/20240416_1348441.jpg\" alt=\"\" width=\"397\" height=\"298\" srcset=\"https:\/\/agora.xtec.cat\/ieslajonquera\/wp-content\/uploads\/usu2014\/2024\/04\/20240416_1348441.jpg 1024w, https:\/\/agora.xtec.cat\/ieslajonquera\/wp-content\/uploads\/usu2014\/2024\/04\/20240416_1348441-300x225.jpg 300w, https:\/\/agora.xtec.cat\/ieslajonquera\/wp-content\/uploads\/usu2014\/2024\/04\/20240416_1348441-768x576.jpg 768w, https:\/\/agora.xtec.cat\/ieslajonquera\/wp-content\/uploads\/usu2014\/2024\/04\/20240416_1348441-200x150.jpg 200w\" sizes=\"auto, (max-width: 397px) 100vw, 397px\" \/><\/a>El passat dimarts 16 d&#8217;abril ens va venir a visitar l&#8217;escriptor \u00c0ngel Burgas i va fer dues xerrades: una amb l&#8217;alumnat de 1r d&#8217;ESO sobre la seva novel\u00b7la <em>L&#8217;anticlub<\/em> i una altra amb l&#8217;alumnat de 4t d&#8217;ESO sobre la seva novel\u00b7la <em>Noel et Busca<\/em>. Es tracta de dues lectures prescriptives que es llegeixen des de la mat\u00e8ria de Llengua Catalana i Literatura.<\/p>\n<p style=\"text-align: justify;\">L&#8217;autor va venir dins el programa &#8220;Autors a les Aules&#8221;, que \u00e9s una iniciativa del departament d&#8217;Educaci\u00f3 i la Instituci\u00f3 de les Lletres Catalanes.<\/p>\n","protected":false},"excerpt":{"rendered":"<p><a href=\"https:\/\/agora.xtec.cat\/ieslajonquera\/wp-content\/uploads\/usu2014\/2024\/04\/20240416_1348441.jpg\"><\/a>El passat dimarts 16 d&#8217;abril ens va venir a visitar l&#8217;escriptor \u00c0ngel Burgas i va fer dues xerrades: una amb l&#8217;alumnat de 1r d&#8217;ESO sobre la seva novel\u00b7la L&#8217;anticlub i una altra amb l&#8217;alumnat de 4t d&#8217;ESO sobre la seva novel\u00b7la Noel et Busca.&hellip;  <a href=\"https:\/\/agora.xtec.cat\/ieslajonquera\/general\/lescriptor-angel-burgas-ens-visita\/\" title=\"Read L&#8217;escriptor \u00c0ngel Burgas ens visita\">Llegeix m\u00e9s\u00bb<\/a><\/p>\n","protected":false},"author":3,"featured_media":5501,"comment_status":"open","ping_status":"closed","sticky":false,"template":"","format":"standard","meta":{"_bbp_topic_count":0,"_bbp_reply_count":0,"_bbp_total_topic_count":0,"_bbp_total_reply_count":0,"_bbp_voice_count":0,"_bbp_anonymous_reply_count":0,"_bbp_topic_count_hidden":0,"_bbp_reply_count_hidden":0,"_bbp_forum_subforum_count":0,"footnotes":""},"categories":[4,7,3,1],"tags":[114,124,44],"class_list":["post-5500","post","type-post","status-publish","format-standard","has-post-thumbnail","hentry","category-eso-1","category-eso-4","category-eso","category-general","tag-lectura","tag-literatura","tag-xerrades"],"post_mailing_queue_ids":[],"_links":{"self":[{"href":"https:\/\/agora.xtec.cat\/ieslajonquera\/wp-json\/wp\/v2\/posts\/5500","targetHints":{"allow":["GET"]}}],"collection":[{"href":"https:\/\/agora.xtec.cat\/ieslajonquera\/wp-json\/wp\/v2\/posts"}],"about":[{"href":"https:\/\/agora.xtec.cat\/ieslajonquera\/wp-json\/wp\/v2\/types\/post"}],"author":[{"embeddable":true,"href":"https:\/\/agora.xtec.cat\/ieslajonquera\/wp-json\/wp\/v2\/users\/3"}],"replies":[{"embeddable":true,"href":"https:\/\/agora.xtec.cat\/ieslajonquera\/wp-json\/wp\/v2\/comments?post=5500"}],"version-history":[{"count":1,"href":"https:\/\/agora.xtec.cat\/ieslajonquera\/wp-json\/wp\/v2\/posts\/5500\/revisions"}],"predecessor-version":[{"id":5502,"href":"https:\/\/agora.xtec.cat\/ieslajonquera\/wp-json\/wp\/v2\/posts\/5500\/revisions\/5502"}],"wp:featuredmedia":[{"embeddable":true,"href":"https:\/\/agora.xtec.cat\/ieslajonquera\/wp-json\/wp\/v2\/media\/5501"}],"wp:attachment":[{"href":"https:\/\/agora.xtec.cat\/ieslajonquera\/wp-json\/wp\/v2\/media?parent=5500"}],"wp:term":[{"taxonomy":"category","embeddable":true,"href":"https:\/\/agora.xtec.cat\/ieslajonquera\/wp-json\/wp\/v2\/categories?post=5500"},{"taxonomy":"post_tag","embeddable":true,"href":"https:\/\/agora.xtec.cat\/ieslajonquera\/wp-json\/wp\/v2\/tags?post=5500"}],"curies":[{"name":"wp","href":"https:\/\/api.w.org\/{rel}","templated":true}]}}