{"id":5497,"date":"2024-04-14T19:35:05","date_gmt":"2024-04-14T17:35:05","guid":{"rendered":"https:\/\/agora.xtec.cat\/ieslajonquera\/?p=5497"},"modified":"2024-04-14T19:35:05","modified_gmt":"2024-04-14T17:35:05","slug":"xi-trobada-dalumnes-de-llati-de-4t-deso-a-gerunda","status":"publish","type":"post","link":"https:\/\/agora.xtec.cat\/ieslajonquera\/general\/xi-trobada-dalumnes-de-llati-de-4t-deso-a-gerunda\/","title":{"rendered":"XI Trobada d&#8217;Alumnes de Llat\u00ed de 4t d&#8217;ESO a Gerunda"},"content":{"rendered":"<p><a href=\"https:\/\/agora.xtec.cat\/ieslajonquera\/wp-content\/uploads\/usu2014\/2024\/04\/IMG-20240412-WA0004.jpg\"><img loading=\"lazy\" decoding=\"async\" class=\" wp-image-5498 alignleft\" src=\"https:\/\/agora.xtec.cat\/ieslajonquera\/wp-content\/uploads\/usu2014\/2024\/04\/IMG-20240412-WA0004-1024x768.jpg\" alt=\"\" width=\"406\" height=\"304\" srcset=\"https:\/\/agora.xtec.cat\/ieslajonquera\/wp-content\/uploads\/usu2014\/2024\/04\/IMG-20240412-WA0004-1024x768.jpg 1024w, https:\/\/agora.xtec.cat\/ieslajonquera\/wp-content\/uploads\/usu2014\/2024\/04\/IMG-20240412-WA0004-300x225.jpg 300w, https:\/\/agora.xtec.cat\/ieslajonquera\/wp-content\/uploads\/usu2014\/2024\/04\/IMG-20240412-WA0004-768x576.jpg 768w, https:\/\/agora.xtec.cat\/ieslajonquera\/wp-content\/uploads\/usu2014\/2024\/04\/IMG-20240412-WA0004-1536x1152.jpg 1536w, https:\/\/agora.xtec.cat\/ieslajonquera\/wp-content\/uploads\/usu2014\/2024\/04\/IMG-20240412-WA0004-200x150.jpg 200w, https:\/\/agora.xtec.cat\/ieslajonquera\/wp-content\/uploads\/usu2014\/2024\/04\/IMG-20240412-WA0004.jpg 1600w\" sizes=\"auto, (max-width: 406px) 100vw, 406px\" \/><\/a>L&#8217;alumnat de Llat\u00ed de 4t d&#8217;ESO va assistir, el passat divendres, 12 d&#8217;abril, a la XI Trobada d&#8217;Alumnes de Llat\u00ed de 4t d&#8217;ESO a Gerunda, organitzada per l&#8217;ICE &#8220;Dolors Condom&#8221; de Cultura Cl\u00e0ssica de la UdG.<\/p>\n<p>L&#8217;activitat permet con\u00e8ixer el nostre patrimoni enmig d&#8217;un ambient l\u00fadic que propicia, a m\u00e9s, que els alumnes es coneguin entre ells i comparteixin el goig d&#8217;estudiar llat\u00ed a l&#8217;ESO.<\/p>\n<p>Al llarg de tot un mat\u00ed, van fer una gimcana pels carrers de l&#8217;antiga ciutat romana i van poder veure&#8217;n restes de la muralla i mosaics al MAC i al Museu d&#8217;Hist\u00f2ria de la ciutat. Tamb\u00e9 van visitar la seu dels Manaies i es van vestir com els soldats romans. Aix\u00ed mateix, van assistir a una representaci\u00f3 teatral sobre els d\u00e9us i les deesses de la mitologia grecoromana.<\/p>\n<p>Hi havia un total de 450 alumnes de 26 centres de la prov\u00edncia de Girona.<\/p>\n<p>Sit haec nostra lingua latina in optima salute!<\/p>\n","protected":false},"excerpt":{"rendered":"<p><a href=\"https:\/\/agora.xtec.cat\/ieslajonquera\/wp-content\/uploads\/usu2014\/2024\/04\/IMG-20240412-WA0004.jpg\"><\/a>L&#8217;alumnat de Llat\u00ed de 4t d&#8217;ESO va assistir, el passat divendres, 12 d&#8217;abril, a la XI Trobada d&#8217;Alumnes de Llat\u00ed de 4t d&#8217;ESO a Gerunda, organitzada per l&#8217;ICE &#8220;Dolors Condom&#8221; de Cultura Cl\u00e0ssica de la UdG.<br \/>\nL&#8217;activitat permet con\u00e8ixer el nostre patrimoni enmig d&#8217;un ambient&hellip;  <a href=\"https:\/\/agora.xtec.cat\/ieslajonquera\/general\/xi-trobada-dalumnes-de-llati-de-4t-deso-a-gerunda\/\" title=\"Read XI Trobada d&#8217;Alumnes de Llat\u00ed de 4t d&#8217;ESO a Gerunda\">Llegeix m\u00e9s\u00bb<\/a><\/p>\n","protected":false},"author":3,"featured_media":5498,"comment_status":"open","ping_status":"closed","sticky":false,"template":"","format":"standard","meta":{"_bbp_topic_count":0,"_bbp_reply_count":0,"_bbp_total_topic_count":0,"_bbp_total_reply_count":0,"_bbp_voice_count":0,"_bbp_anonymous_reply_count":0,"_bbp_topic_count_hidden":0,"_bbp_reply_count_hidden":0,"_bbp_forum_subforum_count":0,"footnotes":""},"categories":[7,3,1],"tags":[168,39],"class_list":["post-5497","post","type-post","status-publish","format-standard","has-post-thumbnail","hentry","category-eso-4","category-eso","category-general","tag-llati","tag-sortides"],"post_mailing_queue_ids":[],"_links":{"self":[{"href":"https:\/\/agora.xtec.cat\/ieslajonquera\/wp-json\/wp\/v2\/posts\/5497","targetHints":{"allow":["GET"]}}],"collection":[{"href":"https:\/\/agora.xtec.cat\/ieslajonquera\/wp-json\/wp\/v2\/posts"}],"about":[{"href":"https:\/\/agora.xtec.cat\/ieslajonquera\/wp-json\/wp\/v2\/types\/post"}],"author":[{"embeddable":true,"href":"https:\/\/agora.xtec.cat\/ieslajonquera\/wp-json\/wp\/v2\/users\/3"}],"replies":[{"embeddable":true,"href":"https:\/\/agora.xtec.cat\/ieslajonquera\/wp-json\/wp\/v2\/comments?post=5497"}],"version-history":[{"count":1,"href":"https:\/\/agora.xtec.cat\/ieslajonquera\/wp-json\/wp\/v2\/posts\/5497\/revisions"}],"predecessor-version":[{"id":5499,"href":"https:\/\/agora.xtec.cat\/ieslajonquera\/wp-json\/wp\/v2\/posts\/5497\/revisions\/5499"}],"wp:featuredmedia":[{"embeddable":true,"href":"https:\/\/agora.xtec.cat\/ieslajonquera\/wp-json\/wp\/v2\/media\/5498"}],"wp:attachment":[{"href":"https:\/\/agora.xtec.cat\/ieslajonquera\/wp-json\/wp\/v2\/media?parent=5497"}],"wp:term":[{"taxonomy":"category","embeddable":true,"href":"https:\/\/agora.xtec.cat\/ieslajonquera\/wp-json\/wp\/v2\/categories?post=5497"},{"taxonomy":"post_tag","embeddable":true,"href":"https:\/\/agora.xtec.cat\/ieslajonquera\/wp-json\/wp\/v2\/tags?post=5497"}],"curies":[{"name":"wp","href":"https:\/\/api.w.org\/{rel}","templated":true}]}}