{"id":5489,"date":"2024-04-14T19:22:33","date_gmt":"2024-04-14T17:22:33","guid":{"rendered":"https:\/\/agora.xtec.cat\/ieslajonquera\/?p=5489"},"modified":"2024-04-14T19:22:33","modified_gmt":"2024-04-14T17:22:33","slug":"sortida-de-1r-de-batxillerat-a-empuries","status":"publish","type":"post","link":"https:\/\/agora.xtec.cat\/ieslajonquera\/general\/sortida-de-1r-de-batxillerat-a-empuries\/","title":{"rendered":"Sortida de 1r de Batxillerat a Emp\u00faries"},"content":{"rendered":"<p style=\"text-align: justify;\"><a href=\"https:\/\/agora.xtec.cat\/ieslajonquera\/wp-content\/uploads\/usu2014\/2024\/04\/IMG-20240408-WA0002.jpg\"><img loading=\"lazy\" decoding=\"async\" class=\" wp-image-5490 alignleft\" src=\"https:\/\/agora.xtec.cat\/ieslajonquera\/wp-content\/uploads\/usu2014\/2024\/04\/IMG-20240408-WA0002-1024x769.jpg\" alt=\"\" width=\"270\" height=\"203\" srcset=\"https:\/\/agora.xtec.cat\/ieslajonquera\/wp-content\/uploads\/usu2014\/2024\/04\/IMG-20240408-WA0002-1024x769.jpg 1024w, https:\/\/agora.xtec.cat\/ieslajonquera\/wp-content\/uploads\/usu2014\/2024\/04\/IMG-20240408-WA0002-300x225.jpg 300w, https:\/\/agora.xtec.cat\/ieslajonquera\/wp-content\/uploads\/usu2014\/2024\/04\/IMG-20240408-WA0002-768x576.jpg 768w, https:\/\/agora.xtec.cat\/ieslajonquera\/wp-content\/uploads\/usu2014\/2024\/04\/IMG-20240408-WA0002-1536x1153.jpg 1536w, https:\/\/agora.xtec.cat\/ieslajonquera\/wp-content\/uploads\/usu2014\/2024\/04\/IMG-20240408-WA0002-200x150.jpg 200w, https:\/\/agora.xtec.cat\/ieslajonquera\/wp-content\/uploads\/usu2014\/2024\/04\/IMG-20240408-WA0002.jpg 1600w\" sizes=\"auto, (max-width: 270px) 100vw, 270px\" \/><\/a><a href=\"https:\/\/agora.xtec.cat\/ieslajonquera\/wp-content\/uploads\/usu2014\/2024\/04\/IMG-20240408-WA0006.jpg\"><img loading=\"lazy\" decoding=\"async\" class=\" wp-image-5491 alignleft\" src=\"https:\/\/agora.xtec.cat\/ieslajonquera\/wp-content\/uploads\/usu2014\/2024\/04\/IMG-20240408-WA0006-1024x576.jpg\" alt=\"\" width=\"362\" height=\"204\" srcset=\"https:\/\/agora.xtec.cat\/ieslajonquera\/wp-content\/uploads\/usu2014\/2024\/04\/IMG-20240408-WA0006-1024x576.jpg 1024w, https:\/\/agora.xtec.cat\/ieslajonquera\/wp-content\/uploads\/usu2014\/2024\/04\/IMG-20240408-WA0006-300x169.jpg 300w, https:\/\/agora.xtec.cat\/ieslajonquera\/wp-content\/uploads\/usu2014\/2024\/04\/IMG-20240408-WA0006-768x432.jpg 768w, https:\/\/agora.xtec.cat\/ieslajonquera\/wp-content\/uploads\/usu2014\/2024\/04\/IMG-20240408-WA0006-1536x864.jpg 1536w, https:\/\/agora.xtec.cat\/ieslajonquera\/wp-content\/uploads\/usu2014\/2024\/04\/IMG-20240408-WA0006.jpg 1599w\" sizes=\"auto, (max-width: 362px) 100vw, 362px\" \/><\/a><a href=\"https:\/\/agora.xtec.cat\/ieslajonquera\/wp-content\/uploads\/usu2014\/2024\/04\/IMG-20240408-WA0008.jpg\"><img loading=\"lazy\" decoding=\"async\" class=\" wp-image-5492 alignleft\" src=\"https:\/\/agora.xtec.cat\/ieslajonquera\/wp-content\/uploads\/usu2014\/2024\/04\/IMG-20240408-WA0008-769x1024.jpg\" alt=\"\" width=\"155\" height=\"206\" srcset=\"https:\/\/agora.xtec.cat\/ieslajonquera\/wp-content\/uploads\/usu2014\/2024\/04\/IMG-20240408-WA0008-769x1024.jpg 769w, https:\/\/agora.xtec.cat\/ieslajonquera\/wp-content\/uploads\/usu2014\/2024\/04\/IMG-20240408-WA0008-225x300.jpg 225w, https:\/\/agora.xtec.cat\/ieslajonquera\/wp-content\/uploads\/usu2014\/2024\/04\/IMG-20240408-WA0008-768x1023.jpg 768w, https:\/\/agora.xtec.cat\/ieslajonquera\/wp-content\/uploads\/usu2014\/2024\/04\/IMG-20240408-WA0008-1153x1536.jpg 1153w, https:\/\/agora.xtec.cat\/ieslajonquera\/wp-content\/uploads\/usu2014\/2024\/04\/IMG-20240408-WA0008.jpg 1201w\" sizes=\"auto, (max-width: 155px) 100vw, 155px\" \/><\/a>L&#8217;alumnat de 1r de Batxillerat va anar a visitar el Jaciment Arqueol\u00f2gic d&#8217;Emp\u00faries i la platja d&#8217;Emp\u00faries el passat dilluns, 8 d&#8217;abril, per identificar-hi animals i algues propis del litoral catal\u00e0 tot fent una reflexi\u00f3 sobre el paper de l&#8217;home en l&#8217;acceleraci\u00f3 del canvi clim\u00e0tic i les seves conseq\u00fc\u00e8ncies en el paisatge i la biodiversitat.<\/p>\n<p style=\"text-align: justify;\">A la platja, van tenir l&#8217;ocasi\u00f3 d&#8217;observar la marea blava de barquetes de Sant Pere formada pels cnidaris, propis dels mesos de maig i juny.<\/p>\n<p>&nbsp;<\/p>\n","protected":false},"excerpt":{"rendered":"<p><a href=\"https:\/\/agora.xtec.cat\/ieslajonquera\/wp-content\/uploads\/usu2014\/2024\/04\/IMG-20240408-WA0002.jpg\"><\/a><a href=\"https:\/\/agora.xtec.cat\/ieslajonquera\/wp-content\/uploads\/usu2014\/2024\/04\/IMG-20240408-WA0006.jpg\"><\/a><a href=\"https:\/\/agora.xtec.cat\/ieslajonquera\/wp-content\/uploads\/usu2014\/2024\/04\/IMG-20240408-WA0008.jpg\"><\/a>L&#8217;alumnat de 1r de Batxillerat va anar a visitar el Jaciment Arqueol\u00f2gic d&#8217;Emp\u00faries i la platja d&#8217;Emp\u00faries el passat dilluns, 8 d&#8217;abril, per identificar-hi animals i algues propis del litoral catal\u00e0 tot fent una reflexi\u00f3 sobre el paper de l&#8217;home en l&#8217;acceleraci\u00f3&hellip;  <a href=\"https:\/\/agora.xtec.cat\/ieslajonquera\/general\/sortida-de-1r-de-batxillerat-a-empuries\/\" title=\"Read Sortida de 1r de Batxillerat a Emp\u00faries\">Llegeix m\u00e9s\u00bb<\/a><\/p>\n","protected":false},"author":3,"featured_media":5490,"comment_status":"open","ping_status":"closed","sticky":false,"template":"","format":"standard","meta":{"_bbp_topic_count":0,"_bbp_reply_count":0,"_bbp_total_topic_count":0,"_bbp_total_reply_count":0,"_bbp_voice_count":0,"_bbp_anonymous_reply_count":0,"_bbp_topic_count_hidden":0,"_bbp_reply_count_hidden":0,"_bbp_forum_subforum_count":0,"footnotes":""},"categories":[8,1],"tags":[117,168,39],"class_list":["post-5489","post","type-post","status-publish","format-standard","has-post-thumbnail","hentry","category-batxillerat","category-general","tag-biologia","tag-llati","tag-sortides"],"post_mailing_queue_ids":[],"_links":{"self":[{"href":"https:\/\/agora.xtec.cat\/ieslajonquera\/wp-json\/wp\/v2\/posts\/5489","targetHints":{"allow":["GET"]}}],"collection":[{"href":"https:\/\/agora.xtec.cat\/ieslajonquera\/wp-json\/wp\/v2\/posts"}],"about":[{"href":"https:\/\/agora.xtec.cat\/ieslajonquera\/wp-json\/wp\/v2\/types\/post"}],"author":[{"embeddable":true,"href":"https:\/\/agora.xtec.cat\/ieslajonquera\/wp-json\/wp\/v2\/users\/3"}],"replies":[{"embeddable":true,"href":"https:\/\/agora.xtec.cat\/ieslajonquera\/wp-json\/wp\/v2\/comments?post=5489"}],"version-history":[{"count":1,"href":"https:\/\/agora.xtec.cat\/ieslajonquera\/wp-json\/wp\/v2\/posts\/5489\/revisions"}],"predecessor-version":[{"id":5493,"href":"https:\/\/agora.xtec.cat\/ieslajonquera\/wp-json\/wp\/v2\/posts\/5489\/revisions\/5493"}],"wp:featuredmedia":[{"embeddable":true,"href":"https:\/\/agora.xtec.cat\/ieslajonquera\/wp-json\/wp\/v2\/media\/5490"}],"wp:attachment":[{"href":"https:\/\/agora.xtec.cat\/ieslajonquera\/wp-json\/wp\/v2\/media?parent=5489"}],"wp:term":[{"taxonomy":"category","embeddable":true,"href":"https:\/\/agora.xtec.cat\/ieslajonquera\/wp-json\/wp\/v2\/categories?post=5489"},{"taxonomy":"post_tag","embeddable":true,"href":"https:\/\/agora.xtec.cat\/ieslajonquera\/wp-json\/wp\/v2\/tags?post=5489"}],"curies":[{"name":"wp","href":"https:\/\/api.w.org\/{rel}","templated":true}]}}